    
{"id":32507,"date":"2020-01-08T12:42:50","date_gmt":"2020-01-08T11:42:50","guid":{"rendered":"https:\/\/www.praha7.cz\/?p=32507"},"modified":"2020-01-08T12:42:50","modified_gmt":"2020-01-08T11:42:50","slug":"kdyz-jde-o-zivot-preparkovat-nestihnete-varuji-hasici-v-kampani-3-metry-k-zivotu","status":"publish","type":"post","link":"https:\/\/www.praha7.cz\/kdyz-jde-o-zivot-preparkovat-nestihnete-varuji-hasici-v-kampani-3-metry-k-zivotu\/","title":{"rendered":"Kdy\u017e jde o&nbsp;\u017eivot &#8211; p\u0159eparkovat nestihnete, varuj\u00ed hasi\u010di v&nbsp;kampani 3 metry k&nbsp;\u017eivotu"},"content":{"rendered":"<p>[perex]<\/p>\r\n<p>Hasi\u010di v&nbsp;Praze a&nbsp;St\u0159edo\u010desk\u00e9m kraji zah\u00e1jili v&nbsp;minul\u00e9m roce spole\u010dn\u00fd projekt s&nbsp;n\u00e1zvem \u201c3 metry k&nbsp;\u017eivotu\u201d, kter\u00fdm cht\u011bj\u00ed upozornit na \u0161patnou pr\u016fjezdnost v&nbsp;ulic\u00edch. Projekt vznikl v&nbsp;roce 2016 u&nbsp;HZS St\u0159edo\u010desk\u00e9ho kraje s&nbsp;c\u00edlem neagresivn\u00ed formou upozornit obyvatele v&nbsp;hust\u011b zastav\u011bn\u00fdch a&nbsp;obydlen\u00fdch lokalit\u00e1ch na rizika plynouc\u00ed z&nbsp;nedodr\u017eov\u00e1n\u00ed legislativy p\u0159i parkov\u00e1n\u00ed vozidel. Kampa\u0148 dlouhodob\u011b c\u00edl\u00ed p\u0159edev\u0161\u00edm na slu\u0161n\u00e9 \u0159idi\u010de a&nbsp;\u0159idi\u010dky, kte\u0159\u00ed si neuv\u011bdomuj\u00ed mo\u017en\u00fd dosah sv\u00e9ho jedn\u00e1n\u00ed p\u0159i \u0161patn\u00e9m parkov\u00e1n\u00ed. Aktu\u00e1ln\u00ed informace o&nbsp;projektu jsou uve\u0159ej\u0148ov\u00e1ny na FB profilu <a href=\"https:\/\/www.facebook.com\/parkujiohleduplne\/\">Parkuji ohledupln\u011b \u2013 3 metry k&nbsp;\u017eivotu<\/a>.<br \/>\r\n[\/perex]<\/p>\r\n<p><iframe loading=\"lazy\" width=\"560\" height=\"314\" src=\"\/\/www.youtube.com\/embed\/K_onKjKxoW0\" allowfullscreen=\"allowfullscreen\"><\/iframe><\/p>","protected":false},"excerpt":{"rendered":"[perex] Hasi\u010di v&nbsp;Praze a&nbsp;St\u0159edo\u010desk\u00e9m kraji zah\u00e1jili v&nbsp;minul\u00e9m roce spole\u010dn\u00fd projekt s&nbsp;n\u00e1zvem \u201c3 metry k&nbsp;\u017eivotu\u201d, kter\u00fdm cht\u011bj\u00ed upozornit na \u0161patnou pr\u016fjezdnost v&nbsp;ulic\u00edch. Projekt vznikl v&nbsp;roce 2016 u&nbsp;HZS St\u0159edo\u010desk\u00e9ho kraje s&nbsp;c\u00edlem neagresivn\u00ed formou upozornit obyvatele v&nbsp;hust\u011b zastav\u011bn\u00fdch a&nbsp;obydlen\u00fdch lokalit\u00e1ch na rizika plynouc\u00ed z&nbsp;nedodr\u017eov\u00e1n\u00ed legislativy p\u0159i parkov\u00e1n\u00ed vozidel. Kampa\u0148 dlouhodob\u011b c\u00edl\u00ed p\u0159edev\u0161\u00edm na slu\u0161n\u00e9 \u0159idi\u010de a&nbsp;\u0159idi\u010dky, kte\u0159\u00ed si [&hellip;]","protected":false},"author":97,"featured_media":32508,"comment_status":"closed","ping_status":"open","sticky":false,"template":"","format":"standard","meta":[],"categories":[34],"tags":[],"_links":{"self":[{"href":"https:\/\/www.praha7.cz\/api\/wp\/v2\/posts\/32507"}],"collection":[{"href":"https:\/\/www.praha7.cz\/api\/wp\/v2\/posts"}],"about":[{"href":"https:\/\/www.praha7.cz\/api\/wp\/v2\/types\/post"}],"author":[{"embeddable":true,"href":"https:\/\/www.praha7.cz\/api\/wp\/v2\/users\/97"}],"replies":[{"embeddable":true,"href":"https:\/\/www.praha7.cz\/api\/wp\/v2\/comments?post=32507"}],"version-history":[{"count":2,"href":"https:\/\/www.praha7.cz\/api\/wp\/v2\/posts\/32507\/revisions"}],"predecessor-version":[{"id":32510,"href":"https:\/\/www.praha7.cz\/api\/wp\/v2\/posts\/32507\/revisions\/32510"}],"wp:featuredmedia":[{"embeddable":true,"href":"https:\/\/www.praha7.cz\/api\/wp\/v2\/media\/32508"}],"wp:attachment":[{"href":"https:\/\/www.praha7.cz\/api\/wp\/v2\/media?parent=32507"}],"wp:term":[{"taxonomy":"category","embeddable":true,"href":"https:\/\/www.praha7.cz\/api\/wp\/v2\/categories?post=32507"},{"taxonomy":"post_tag","embeddable":true,"href":"https:\/\/www.praha7.cz\/api\/wp\/v2\/tags?post=32507"}],"curies":[{"name":"wp","href":"https:\/\/api.w.org\/{rel}","templated":true}]}}