    
{"id":32469,"date":"2020-01-07T22:32:58","date_gmt":"2020-01-07T21:32:58","guid":{"rendered":"https:\/\/www.praha7.cz\/?p=32469"},"modified":"2020-01-07T22:32:58","modified_gmt":"2020-01-07T21:32:58","slug":"pozar-v-ulici-kamenicka-uhasen","status":"publish","type":"post","link":"https:\/\/www.praha7.cz\/pozar-v-ulici-kamenicka-uhasen\/","title":{"rendered":"Po\u017e\u00e1r v&nbsp;ulici Kamenick\u00e1 uha\u0161en"},"content":{"rendered":"<p>[perex]<\/p>\r\n<p>Aktualizace 22:23: Po\u017e\u00e1r v&nbsp;byt\u011b uha\u0161en, nyn\u00ed se odv\u011btr\u00e1v\u00e1 d\u016fm.<\/p>\r\n<p>V ulici Kamenick\u00e1 813\/31 zasahuje Hasi\u010dsk\u00fd z\u00e1chrann\u00fd sbor hl. m. Prahy u&nbsp;po\u017e\u00e1ru v\u00e1no\u010dn\u00edho strome\u010dku v&nbsp;byt\u011b. Slo\u017eky IZS na m\u00edst\u011b.<\/p>\r\n<p>[\/perex]<\/p>","protected":false},"excerpt":{"rendered":"[perex] Aktualizace 22:23: Po\u017e\u00e1r v&nbsp;byt\u011b uha\u0161en, nyn\u00ed se odv\u011btr\u00e1v\u00e1 d\u016fm. V&nbsp;ulici Kamenick\u00e1 813\/31 zasahuje Hasi\u010dsk\u00fd z\u00e1chrann\u00fd sbor hl. m. Prahy u&nbsp;po\u017e\u00e1ru v\u00e1no\u010dn\u00edho strome\u010dku v&nbsp;byt\u011b. Slo\u017eky IZS na m\u00edst\u011b. [\/perex]","protected":false},"author":97,"featured_media":28605,"comment_status":"closed","ping_status":"open","sticky":false,"template":"","format":"standard","meta":[],"categories":[34],"tags":[],"_links":{"self":[{"href":"https:\/\/www.praha7.cz\/api\/wp\/v2\/posts\/32469"}],"collection":[{"href":"https:\/\/www.praha7.cz\/api\/wp\/v2\/posts"}],"about":[{"href":"https:\/\/www.praha7.cz\/api\/wp\/v2\/types\/post"}],"author":[{"embeddable":true,"href":"https:\/\/www.praha7.cz\/api\/wp\/v2\/users\/97"}],"replies":[{"embeddable":true,"href":"https:\/\/www.praha7.cz\/api\/wp\/v2\/comments?post=32469"}],"version-history":[{"count":1,"href":"https:\/\/www.praha7.cz\/api\/wp\/v2\/posts\/32469\/revisions"}],"predecessor-version":[{"id":32470,"href":"https:\/\/www.praha7.cz\/api\/wp\/v2\/posts\/32469\/revisions\/32470"}],"wp:featuredmedia":[{"embeddable":true,"href":"https:\/\/www.praha7.cz\/api\/wp\/v2\/media\/28605"}],"wp:attachment":[{"href":"https:\/\/www.praha7.cz\/api\/wp\/v2\/media?parent=32469"}],"wp:term":[{"taxonomy":"category","embeddable":true,"href":"https:\/\/www.praha7.cz\/api\/wp\/v2\/categories?post=32469"},{"taxonomy":"post_tag","embeddable":true,"href":"https:\/\/www.praha7.cz\/api\/wp\/v2\/tags?post=32469"}],"curies":[{"name":"wp","href":"https:\/\/api.w.org\/{rel}","templated":true}]}}