    
{"id":32466,"date":"2020-01-08T11:50:45","date_gmt":"2020-01-08T10:50:45","guid":{"rendered":"https:\/\/www.praha7.cz\/?p=32466"},"modified":"2020-01-08T11:50:45","modified_gmt":"2020-01-08T10:50:45","slug":"bezplatna-linka-senioru-pomaha-zahanet-samotu-a-poradi-nejen-s-domacim-nasilim","status":"publish","type":"post","link":"https:\/\/www.praha7.cz\/bezplatna-linka-senioru-pomaha-zahanet-samotu-a-poradi-nejen-s-domacim-nasilim\/","title":{"rendered":"Bezplatn\u00e1 linka senior\u016f pom\u00e1h\u00e1 zah\u00e1n\u011bt samotu a&nbsp;porad\u00ed nejen s&nbsp;dom\u00e1c\u00edm n\u00e1sil\u00edm"},"content":{"rendered":"<p>[perex]<\/p>\r\n<p>Jedna z&nbsp;nejstar\u0161\u00edch linek d\u016fv\u011bry je bezplatn\u00e1 a&nbsp;anonymn\u00ed telefonick\u00e1 krizov\u00e1 pomoc pro seniory, pe\u010duj\u00edc\u00ed o&nbsp;seniory a&nbsp;osoby v&nbsp;krizi.\u00a0Linka senior\u016f nab\u00edz\u00ed volaj\u00edc\u00edm d\u016fv\u011brn\u00fd prostor pro sd\u00edlen\u00ed jejich pocit\u016f, prov\u00e1z\u00ed je n\u00e1ro\u010dn\u00fdmi \u017eivotn\u00edmi situacemi, poskytuje jim smyslupln\u00e9 kontakty na dal\u0161\u00ed slu\u017eby a\u00a0instituce. Provozuje ji obecn\u011b prosp\u011b\u0161n\u00e1 spole\u010dnost <a href=\"https:\/\/www.elpida.cz\/\" target=\"_blank\" rel=\"noopener\">Elpida<\/a>\u00a0a dovol\u00e1te se na ni denn\u011b v&nbsp;\u010dase 8-20 hodin na \u010d\u00edsle\u00a0800&nbsp;200&nbsp;007.\u00a0Ka\u017ed\u00fd den zavol\u00e1 na\u00a0Linku senior\u016f\u00a0nejm\u00e9n\u011b jedna seniorka nebo senior, kte\u0159\u00ed jsou ob\u011b\u0165mi dom\u00e1c\u00edho n\u00e1sil\u00ed.\u00a0<br \/>\r\n[\/perex]<\/p>\r\n<p>V\u0161ichni pracovn\u00edci maj\u00ed vzd\u011bl\u00e1n\u00ed v\u00a0telefonick\u00e9 krizov\u00e9 intervenci, neust\u00e1le se vzd\u011bl\u00e1vaj\u00ed v\u00a0oblasti seniorsk\u00e9 problematiky a\u00a0zvl\u00e1d\u00e1n\u00ed krize. Mimo to m\u00e1 v\u011bt\u0161ina pracovn\u00edk\u016f vysoko\u0161kolsk\u00e9 vzd\u011bl\u00e1n\u00ed v\u00a0oblasti soci\u00e1ln\u011b-pr\u00e1vn\u00ed, psychologie a\u00a0psychoterapie.<\/p>\r\n<h3>Nej\u010dast\u011bj\u0161\u00ed t\u00e9mata hovor\u016f:<\/h3>\r\n<ul>\r\n\t<li>Samota, \u017eivotn\u00ed ztr\u00e1ty<\/li>\r\n\t<li>Hled\u00e1n\u00ed cest k\u00a0p\u0159ekon\u00e1v\u00e1n\u00ed p\u0159ek\u00e1\u017eek<\/li>\r\n\t<li>Omezen\u00e1 pohyblivost \u010di sob\u011bsta\u010dnost<\/li>\r\n\t<li>V\u00e1\u017en\u00e1 nemoc<\/li>\r\n\t<li>Ztr\u00e1ta zam\u011bstn\u00e1n\u00ed, finan\u010dn\u00ed t\u00edse\u0148<\/li>\r\n\t<li>P\u00e9\u010de o\u00a0seniora v\u00a0rodin\u011b, demence<\/li>\r\n\t<li>Dom\u00e1c\u00ed n\u00e1sil\u00ed, \u0161ikana, p\u0159ehl\u00ed\u017een\u00ed<\/li>\r\n\t<li>Soci\u00e1ln\u011b-pr\u00e1vn\u00ed aspekty st\u00e1rnut\u00ed<\/li>\r\n<\/ul>\r\n<h3>Co m\u016f\u017ee volaj\u00edc\u00ed o\u010dek\u00e1vat?<\/h3>\r\n<ul>\r\n\t<li>Vl\u00eddn\u00e9 p\u0159ijet\u00ed, respektuj\u00edc\u00ed p\u0159\u00edstup<\/li>\r\n\t<li>Prostor mluvit o\u00a0v\u0161em, o\u00a0\u010dem pot\u0159ebujete<\/li>\r\n\t<li>Odborn\u00e9 veden\u00ed, podporu a\u00a0pomoc v\u00a0hled\u00e1n\u00ed \u0159e\u0161en\u00ed<\/li>\r\n<\/ul>\r\n<h3>Garance kvality<\/h3>\r\n<ul>\r\n\t<li>Linka senior\u016f byla jednou z\u00a0prvn\u00edch linek d\u016fv\u011bry v\u00a0\u010cech\u00e1ch, kter\u00e1 z\u00edskala v\u00a0roce 2005 akreditaci od \u010cesk\u00e9 asociace pracovn\u00edk\u016f linek d\u016fv\u011bry.<\/li>\r\n\t<li>Od roku 2007 je linka \u0159\u00e1dn\u011b registrov\u00e1na MPSV jako slu\u017eba Telefonick\u00e9 krizov\u00e9 pomoci.<\/li>\r\n<\/ul>\r\n<h3>Po\u010det hovor\u016f t\u00fdran\u00fdch osob roste<\/h3>\r\n<p>Na Linku senior\u016f se v\u00a0roce 2016 obr\u00e1tilo v\u00a0souvislosti s\u00a0dom\u00e1c\u00edm n\u00e1sil\u00edm 292 senior\u016f, v\u00a0roce 2017 to bylo 278, v&nbsp;roce 2019 evidovali pracovn\u00edci linky jen za prvn\u00edch \u0161est m\u011bs\u00edc\u016f 207 hovor\u016f. Po\u010det senior\u016f, kte\u0159\u00ed se na Linku obr\u00e1t\u00ed, je ale p\u0159itom u\u017e jen pomysln\u00e1 \u0161pi\u010dka ledovce. Zejm\u00e9na nedostatek informac\u00ed, p\u0159edsudky a\u00a0siln\u00fd pocit studu br\u00e1n\u00ed v\u011bt\u0161in\u011b senior\u016f v\u00a0tom, aby dom\u00e1c\u00ed n\u00e1sil\u00ed nahl\u00e1sili.<\/p>\r\n<h3>Kontakt<\/h3>\r\n<p><strong>Mgr. Kate\u0159ina Bohat\u00e1<\/strong><br \/>\r\nvedouc\u00ed linky senior\u016f<br \/>\r\ne-mail: <a href=\"mailto:katerina.bohata@elpida.cz\">katerina.bohata@elpida.cz\u00a0<\/a><\/p>\r\n<p>Adresa pro korespondenci<br \/>\r\nElpida o.p.s.<br \/>\r\nNa Str\u017ei 40<br \/>\r\n140&nbsp;00 Praha 4<\/p>\r\n<p>S\u00eddlo linky je z\u00a0d\u016fvodu ochrany volaj\u00edc\u00edch i\u00a0pracovn\u00edk\u016f pln\u011b anonymn\u00ed<\/p>\r\n<p>Vyu\u017e\u00edt lze tak\u00e9 ke sd\u00edlen\u00ed sv\u00fdch probl\u00e9m\u016f \u010di ot\u00e1zek emailov\u00fd kontakt\u00a0<strong>linkasenioru@elpida.cz<\/strong><\/p>","protected":false},"excerpt":{"rendered":"[perex] Jedna z&nbsp;nejstar\u0161\u00edch linek d\u016fv\u011bry je bezplatn\u00e1 a&nbsp;anonymn\u00ed telefonick\u00e1 krizov\u00e1 pomoc pro seniory, pe\u010duj\u00edc\u00ed o&nbsp;seniory a&nbsp;osoby v&nbsp;krizi.\u00a0Linka senior\u016f nab\u00edz\u00ed volaj\u00edc\u00edm d\u016fv\u011brn\u00fd prostor pro sd\u00edlen\u00ed jejich pocit\u016f, prov\u00e1z\u00ed je n\u00e1ro\u010dn\u00fdmi \u017eivotn\u00edmi situacemi, poskytuje jim smyslupln\u00e9 kontakty na dal\u0161\u00ed slu\u017eby a\u00a0instituce. Provozuje ji obecn\u011b prosp\u011b\u0161n\u00e1 spole\u010dnost Elpida\u00a0a dovol\u00e1te se na ni denn\u011b v&nbsp;\u010dase 8-20 hodin na \u010d\u00edsle\u00a0800&nbsp;200&nbsp;007.\u00a0Ka\u017ed\u00fd [&hellip;]","protected":false},"author":97,"featured_media":32494,"comment_status":"closed","ping_status":"open","sticky":false,"template":"","format":"standard","meta":[],"categories":[34],"tags":[],"_links":{"self":[{"href":"https:\/\/www.praha7.cz\/api\/wp\/v2\/posts\/32466"}],"collection":[{"href":"https:\/\/www.praha7.cz\/api\/wp\/v2\/posts"}],"about":[{"href":"https:\/\/www.praha7.cz\/api\/wp\/v2\/types\/post"}],"author":[{"embeddable":true,"href":"https:\/\/www.praha7.cz\/api\/wp\/v2\/users\/97"}],"replies":[{"embeddable":true,"href":"https:\/\/www.praha7.cz\/api\/wp\/v2\/comments?post=32466"}],"version-history":[{"count":3,"href":"https:\/\/www.praha7.cz\/api\/wp\/v2\/posts\/32466\/revisions"}],"predecessor-version":[{"id":32498,"href":"https:\/\/www.praha7.cz\/api\/wp\/v2\/posts\/32466\/revisions\/32498"}],"wp:featuredmedia":[{"embeddable":true,"href":"https:\/\/www.praha7.cz\/api\/wp\/v2\/media\/32494"}],"wp:attachment":[{"href":"https:\/\/www.praha7.cz\/api\/wp\/v2\/media?parent=32466"}],"wp:term":[{"taxonomy":"category","embeddable":true,"href":"https:\/\/www.praha7.cz\/api\/wp\/v2\/categories?post=32466"},{"taxonomy":"post_tag","embeddable":true,"href":"https:\/\/www.praha7.cz\/api\/wp\/v2\/tags?post=32466"}],"curies":[{"name":"wp","href":"https:\/\/api.w.org\/{rel}","templated":true}]}}