    
{"id":32419,"date":"2020-01-07T12:15:01","date_gmt":"2020-01-07T11:15:01","guid":{"rendered":"https:\/\/www.praha7.cz\/?p=32419"},"modified":"2020-01-07T12:15:01","modified_gmt":"2020-01-07T11:15:01","slug":"pocitacove-a-jazykove-kurzy-pro-seniory-v-pristavu-7","status":"publish","type":"post","link":"https:\/\/www.praha7.cz\/pocitacove-a-jazykove-kurzy-pro-seniory-v-pristavu-7\/","title":{"rendered":"Po\u010d\u00edta\u010dov\u00e9 a&nbsp;jazykov\u00e9 kurzy pro seniory v&nbsp;P\u0159\u00edstavu 7"},"content":{"rendered":"<p>[perex]<\/p>\r\n<p>V\u00a0roce 2020 pokra\u010duj\u00ed tak\u00e9 obl\u00edben\u00e9 kurzy pr\u00e1ce na po\u010d\u00edta\u010di a\u00a0s\u00a0tablety ve vzd\u011bl\u00e1vac\u00edm a\u00a0kulturn\u00edm centru <a href=\"https:\/\/www.elpida.cz\/pristav7\" target=\"_blank\" rel=\"noopener\">P\u0159\u00edstav 7<\/a> (Jankovcova 8b). V&nbsp;nab\u00eddce jsou tak\u00e9 kurzy pr\u00e1ce s&nbsp;chytr\u00fdm telefonem a&nbsp;lekce ciz\u00edch jazyk\u016f. Ur\u010deny jsou pro ob\u010dany nad 60 let (trvale bydl\u00edc\u00ed na Sedmi\u010dce) a\u00a0jsou po\u0159\u00e1d\u00e1ny zdarma. Registrace budou prob\u00edhat osobn\u011b v\u00a0p\u00e1tek 17.\u00a0ledna od 9 do 12 hodin v\u00a0P\u0159\u00edstavu 7.\u00a0 Zveme k\u00a0z\u00e1pisu v\u0161echny, kdo se cht\u011bj\u00ed zdokonalit nejen v\u00a0pr\u00e1ci s\u00a0modern\u00edmi technologiemi, ale upozor\u0148ujeme, \u017ee po\u010det m\u00edst je omezen\u00fd.<\/p>\r\n<p>[\/perex]<\/p>\r\n<h3>Rozpis kurz\u016f:<\/h3>\r\n<p><strong>Po\u010d\u00edta\u010dov\u00e9 kurzy<\/strong><br \/>\r\nfale\u0161n\u00ed za\u010d\u00e1te\u010dn\u00edci Po 12.45\u201314.45<br \/>\r\nm\u00edrn\u011b pokro\u010dil\u00ed St\u00a010.15\u201312.15 \/ 12.45\u201314.45<br \/>\r\npokro\u010dil\u00ed \u010ct 12.30\u201314.30 \/ P\u00e1 8\u201310<\/p>\r\n<p><strong>Nau\u010dte se pracovat s\u00a0tabletem<\/strong><br \/>\r\nfale\u0161n\u00ed za\u010d\u00e1te\u010dn\u00edci Po 11.30\u201312.30 \/ \u010ct 9\u201310<br \/>\r\npokro\u010dil\u00ed Po 9\u201310 \/ 10.15\u201311.15<\/p>\r\n<p><strong>Chytr\u00e9 telefony\u00a0<\/strong><br \/>\r\nza\u010d\u00e1te\u010dn\u00edci St 9\u201310<\/p>\r\n<p><strong>Anglick\u00fd jazyk<\/strong><br \/>\r\nfale\u0161n\u00ed za\u010d\u00e1te\u010dn\u00edci P\u00e1 9\u201310 \/ 10.15\u201311.15<br \/>\r\nm\u00edrn\u011b pokro\u010dil\u00ed P\u00e1 9.30\u201310.30 \/ 11.30\u201312.30<br \/>\r\npokro\u010dil\u00ed P\u00e1 10.45\u201311.45 \/ 12\u201313<\/p>\r\n<p><strong>N\u011bmeck\u00fd jazyk<\/strong><br \/>\r\nza\u010d\u00e1te\u010dn\u00edci P\u00e1 12.45\u201313.45\u00a0<br \/>\r\nfale\u0161n\u00ed za\u010d\u00e1te\u010dn\u00edci P\u00e1 14\u201315<\/p>\r\n<p>Jednotliv\u00e9 lekce trvaj\u00ed 60 minut (s\u00a0v\u00fdjimkou po\u010d\u00edta\u010dov\u00e9ho kurzu \u2013 120 minut).<\/p>\r\n<h3>Informace k&nbsp;registraci<\/h3>\r\n<p>Po\u010det m\u00edst je omezen, registrace je mo\u017en\u00e1 pouze osobn\u011b. \u010clenov\u00e9 klubu M\u010c Praha\u00a07 p\u0159edlo\u017e\u00ed p\u0159i registraci \u010dlenskou kartu. V\u00fduka bude prob\u00edhat ve dvou skupin\u00e1ch od \u00fanora do za\u010d\u00e1tku \u010dervna.<\/p>\r\n<p>Spojen\u00ed do P\u0159\u00edstavu 7: tram 1, 6, 14, 25 \u2013 zast\u00e1vka Maniny nebo bus 156 \u2013 zast\u00e1vka P\u0159\u00edstav Hole\u0161ovice. Tel.: 222\u00a0264\u00a0846, email:\u00a0pristav7@elpida.cz.\u00a0<\/p>\r\n<hr \/>\r\n<p>M\u00e1te ke kurz\u016fm dotaz? Obra\u0165te se na Krist\u00fdnu Philippovou na kontaktech +420220144014, PhilippovaK@praha7.cz \u010di osobn\u011b\u00a0v kancel\u00e1\u0159i \u010d. 276 v&nbsp;otev\u00edrac\u00edch hodin\u00e1ch <a href=\"https:\/\/www.praha7.cz\/radnice\/organizacni-struktura\/odbor-kultury\/\" target=\"_blank\" rel=\"noopener\">Odboru kultury a&nbsp;sportu<\/a>.<\/p>","protected":false},"excerpt":{"rendered":"[perex] V\u00a0roce 2020 pokra\u010duj\u00ed tak\u00e9 obl\u00edben\u00e9 kurzy pr\u00e1ce na po\u010d\u00edta\u010di a\u00a0s\u00a0tablety ve vzd\u011bl\u00e1vac\u00edm a\u00a0kulturn\u00edm centru P\u0159\u00edstav 7 (Jankovcova 8b). V&nbsp;nab\u00eddce jsou tak\u00e9 kurzy pr\u00e1ce s&nbsp;chytr\u00fdm telefonem a&nbsp;lekce ciz\u00edch jazyk\u016f. Ur\u010deny jsou pro ob\u010dany nad 60 let (trvale bydl\u00edc\u00ed na Sedmi\u010dce) a\u00a0jsou po\u0159\u00e1d\u00e1ny zdarma. Registrace budou prob\u00edhat osobn\u011b v\u00a0p\u00e1tek 17.\u00a0ledna od 9 do 12 hodin v\u00a0P\u0159\u00edstavu [&hellip;]","protected":false},"author":97,"featured_media":32421,"comment_status":"closed","ping_status":"open","sticky":false,"template":"","format":"standard","meta":[],"categories":[34],"tags":[],"_links":{"self":[{"href":"https:\/\/www.praha7.cz\/api\/wp\/v2\/posts\/32419"}],"collection":[{"href":"https:\/\/www.praha7.cz\/api\/wp\/v2\/posts"}],"about":[{"href":"https:\/\/www.praha7.cz\/api\/wp\/v2\/types\/post"}],"author":[{"embeddable":true,"href":"https:\/\/www.praha7.cz\/api\/wp\/v2\/users\/97"}],"replies":[{"embeddable":true,"href":"https:\/\/www.praha7.cz\/api\/wp\/v2\/comments?post=32419"}],"version-history":[{"count":5,"href":"https:\/\/www.praha7.cz\/api\/wp\/v2\/posts\/32419\/revisions"}],"predecessor-version":[{"id":32426,"href":"https:\/\/www.praha7.cz\/api\/wp\/v2\/posts\/32419\/revisions\/32426"}],"wp:featuredmedia":[{"embeddable":true,"href":"https:\/\/www.praha7.cz\/api\/wp\/v2\/media\/32421"}],"wp:attachment":[{"href":"https:\/\/www.praha7.cz\/api\/wp\/v2\/media?parent=32419"}],"wp:term":[{"taxonomy":"category","embeddable":true,"href":"https:\/\/www.praha7.cz\/api\/wp\/v2\/categories?post=32419"},{"taxonomy":"post_tag","embeddable":true,"href":"https:\/\/www.praha7.cz\/api\/wp\/v2\/tags?post=32419"}],"curies":[{"name":"wp","href":"https:\/\/api.w.org\/{rel}","templated":true}]}}