    
{"id":32387,"date":"2020-01-06T14:49:21","date_gmt":"2020-01-06T13:49:21","guid":{"rendered":"https:\/\/www.praha7.cz\/?p=32387"},"modified":"2020-01-07T10:35:55","modified_gmt":"2020-01-07T09:35:55","slug":"pripominka-umrti-ivana-medka","status":"publish","type":"post","link":"https:\/\/www.praha7.cz\/pripominka-umrti-ivana-medka\/","title":{"rendered":"P\u0159ipom\u00ednka \u00famrt\u00ed Ivana Medka"},"content":{"rendered":"<p>[perex]<\/p>\r\n<p>Kv\u011btinou a&nbsp;zap\u00e1lenou sv\u00ed\u010dkou jsme si dnes p\u0159ipomn\u011bli des\u00e1t\u00e9 v\u00fdro\u010d\u00ed \u00famrt\u00ed \u010desk\u00e9ho novin\u00e1\u0159e Ivana Medka (* 13.\u00a06.\u00a01925 \u2020 6.\u00a01.\u00a02010) na adrese \u0160meralova 24, kde hudebn\u00ed publicista, teoretik a&nbsp;kritik a&nbsp;b\u00fdval\u00fd kancl\u00e9\u0159 prezidenta V\u00e1clava\u00a0Havla \u017eil od roku 1999.\u00a0Titul \u010destn\u00e9ho ob\u010dana Prahy\u00a07 byl Ivanu Medkovi ud\u011blen v\u00a0roce 2005.<\/p>\r\n<p>[\/perex]<\/p>\r\n<p>Ivan Medek se narodil v\u00a0\u010dervnu 1925 jako syn legion\u00e1\u0159sk\u00e9ho spisovatele, b\u00e1sn\u00edka a\u00a0dramatika, \u00fa\u010dastn\u00edka bitvy u\u00a0Zborova, Rudolfa Medka a\u00a0jeho \u017eeny Evy, rozen\u00e9 Slav\u00ed\u010dkov\u00e9, dcery slavn\u00e9ho \u010desk\u00e9ho impresionistick\u00e9ho mal\u00ed\u0159e Anton\u00edna Slav\u00ed\u010dka. Domovem rodiny Medkov\u00fdch byl byt v\u00a0dom\u011b na rohu letensk\u00fdch ulic Dobrovsk\u00e9ho a\u00a0Nad \u0160tolou. Nedlouho po narozen\u00ed druh\u00e9ho syna Mikul\u00e1\u0161e, pozd\u011bj\u0161\u00edho uzn\u00e1van\u00e9ho mal\u00ed\u0159e, se rodina p\u0159est\u011bhovala na \u017di\u017ekov, kde se otec Rudolf stal \u0159editelem nov\u011b vznikl\u00e9ho Pam\u00e1tn\u00edku osvobozen\u00ed na V\u00edtkov\u011b. Ivan chodil do obecn\u00e9 \u0161koly na Cyrilometod\u011bjsk\u00e9m n\u00e1m\u011bst\u00ed v\u00a0Karl\u00edn\u011b a\u00a0pot\u00e9 na gymn\u00e1zium na n\u00e1m\u011bst\u00ed Ji\u0159\u00edho z\u00a0Pod\u011bbrad na Vinohradech, odkud p\u0159estoupil na Akademick\u00e9 gymn\u00e1zium. Jeho ml\u00e1d\u00ed bylo ovlivn\u011bno liter\u00e1rn\u00edm a\u00a0um\u011bleck\u00fdm prost\u0159ed\u00edm prvn\u00ed republiky, v\u00a0n\u011bm\u017e se pohybovali jeho rodi\u010de, a\u00a0p\u0159\u00edbuzensk\u00fdmi svazky s\u00a0rodinou Masarykovou.<\/p>\r\n<p>Po okupaci \u010ceskoslovenska v\u00a0roce 1939 byli Medkovi nuceni na rok opustit Prahu a\u00a0\u017eili ve sv\u00e9m\u00a0letn\u00edm domku v\u00a0\u010cejkovic\u00edch u\u00a0\u010cesk\u00e9ho \u0160ternberka. Dal\u0161\u00ed zlom v\u00a0\u017eivot\u011b rodiny znamenala smrt otce Rudolfa v\u00a0srpnu 1940, kter\u00e1 s\u00a0sebou nesla i\u00a0hmotn\u00e9 probl\u00e9my. Rodina tak musela rozprod\u00e1vat obrazy d\u011bde\u010dka Anton\u00edna Slav\u00ed\u010dka. B\u011bhem protektor\u00e1tu se Ivan za\u010dal intenzivn\u011b zaj\u00edmat o\u00a0klasickou hudbu a\u00a0chodil na soukrom\u00e9 hodiny harmonie a\u00a0skladby k\u00a0prof. Jaroslavu \u0158\u00eddk\u00e9mu, na jeho\u017e radu p\u0159estoupil na konzervato\u0159. Na konci v\u00e1lky se spolu s\u00a0bratrem pod\u00edlel na bojov\u00fdch akc\u00edch b\u011bhem\u00a0Pra\u017esk\u00e9ho povst\u00e1n\u00ed. Po osvobozen\u00ed Medek p\u0159isp\u00edval do denn\u00edho tisku refer\u00e1ty o\u00a0hudb\u011b a\u00a0recenzemi koncert\u016f. V\u00a0roce 1946 se organiza\u010dn\u011b pod\u00edlel na vzniku \u010cesk\u00e9ho komorn\u00edho orchestru, veden\u00e9ho dirigentem V\u00e1clavem Talichem, av\u0161ak po V\u00edt\u011bzn\u00e9m \u00fanoru soubor svoji \u010dinnost zastavil na protest proti vykonstruovan\u00e9mu obvin\u011bn\u00ed Talicha. Studium na konzervato\u0159i Medek nedokon\u010dil a\u00a0rok 1948 znamenal rovn\u011b\u017e konec jeho hudebn\u011b publicistick\u00e9 \u010dinnosti.<\/p>\r\n<p>Jako dvacetilet\u00fd se Ivan Medek o\u017eenil s\u00a0Ljubou Strakovou, spolu\u017ea\u010dkou z\u00a0konzervato\u0159e. V\u00a0roce 1950 se man\u017eel\u016fm Medkov\u00fdm narodila dcera Viktorie, na \u0160t\u011bdr\u00fd den 1952 syn Jan a\u00a0v\u00a0roce 1957 dal\u0161\u00ed dcera Tereza. Medek se \u017eivil jako koncertn\u00ed jednatel a\u00a0jeho man\u017eelka d\u00e1vala soukrom\u00e9 hodiny hry na klav\u00edr. V\u00a0letech 1952 a\u017e 1954 byl Medek zam\u011bstnancem \u010cesk\u00e9 filharmonie, kde se sp\u0159\u00e1telil s\u00a0 dirigentem Karlem An\u010derlem; po intervenci za op\u011btovn\u00fd n\u00e1vrat V\u00e1clava Talicha k\u00a0tomuto t\u011blesu byl ov\u0161em propu\u0161t\u011bn. Nastupuje do\u00a0Hudebn\u00ed a\u00a0artistick\u00e9 \u00fast\u0159edny, ale i\u00a0zde dost\u00e1v\u00e1 v\u00fdpov\u011b\u010f pro sv\u00e9 neskr\u00fdvan\u011b antikomunistick\u00e9 n\u00e1zory a\u00a0stejn\u011b kon\u010d\u00ed i\u00a0v\u0161echna jeho dal\u0161\u00ed zam\u011bstn\u00e1n\u00ed v\u00a0kulturn\u011b osv\u011btov\u00fdch organizac\u00edch.<\/p>\r\n<p>Politick\u00e9 uvoln\u011bn\u00ed na za\u010d\u00e1tku \u0161edes\u00e1t\u00fdch let mu umo\u017enilo n\u00e1vrat k\u00a0\u010cesk\u00e9 filharmonii, kde p\u016fsobil ofici\u00e1ln\u011b jako z\u0159\u00edzenec, fakticky se v\u0161ak v\u00fdznamn\u011b pod\u00edlel na dramaturgii orchestru. Za\u010dal spolupracovat s\u00a0\u010ceskoslovensk\u00fdm rozhlasem p\u0159i vytv\u00e1\u0159en\u00ed hudebn\u00edch po\u0159ad\u016f pro ml\u00e1de\u017e, pod\u00edlel se na zalo\u017een\u00ed Hudebn\u00ed ml\u00e1de\u017ee. Po skon\u010den\u00ed obrodn\u00e9ho procesu v\u00a0roce 1968 a\u00a0n\u00e1stupu normalizace byl z\u00a0\u010cesk\u00e9 filharmonie propu\u0161t\u011bn a\u00a0pracoval ve vydavatelstv\u00ed Supraphon. Po podpisu Charty 77 byl vyhozen i\u00a0odtud. Pracoval jako sanit\u00e1\u0159 v\u00a0nemocnici Na Franti\u0161ku, pot\u00e9 jako um\u00fdva\u010d n\u00e1dob\u00ed v\u00a0hospod\u011b Pod Kinskou. Disidentsk\u00e1 aktivity v\u00a0Chart\u011b 77 a\u00a0ve V\u00fdboru na obranu nespravedliv\u011b st\u00edhan\u00fdch m\u011bly za n\u00e1sledek \u0159adu mnohahodinov\u00fdch v\u00fdslech\u016f na slu\u017eebn\u00e1ch StB. Po jednom z\u00a0nich byl Medek v\u00a0kv\u011btnu 1978 p\u0159\u00edslu\u0161n\u00edky tajn\u00e9 policie odvezen do lesa u\u00a0L\u00e1n a\u00a0tam zbit. Tato ud\u00e1lost ho definitivn\u011b p\u0159im\u011bla k\u00a0emigraci. O\u00a0m\u011bs\u00edc pozd\u011bji dostal vyst\u011bhovaleck\u00fd pas do Rakouska, bez mo\u017enosti n\u00e1vratu.<\/p>\r\n<p>Obt\u00ed\u017en\u00fd nov\u00fd za\u010d\u00e1tek v\u00a0Rakousku mu uleh\u010dila Helena Cinybulkov\u00e1, \u017ea\u010dka Medkova p\u0159\u00edtele, pianisty Ivana Moravce, kter\u00e1 o\u00a0V\u00e1noc\u00edch 1978 emigrovala do tehdej\u0161\u00ed NSR a\u00a0v\u00a0roce 1979 se stala Medkovou druhou \u017eenou. V\u00a0emigraci pova\u017eoval Medek za sv\u016fj c\u00edl pom\u00e1hat odp\u016frc\u016fm komunistick\u00e9ho re\u017eimu v\u00a0\u010ceskoslovensku, proto hned v\u00a0roce 1978 nab\u00eddl spolupr\u00e1ci mnichovsk\u00e9 redakci r\u00e1dia Svobodn\u00e1 Evropa a\u00a0ve V\u00eddni za\u010dal nat\u00e1\u010det rozhlasov\u00e9 koment\u00e1\u0159e a\u00a0zpr\u00e1vy o\u00a0situaci v\u00a0\u010ceskoslovensku pro \u010desk\u00e9 vys\u00edl\u00e1n\u00ed Hlasu Ameriky. Nav\u00e1zal kontakty s\u00a0v\u00fdznamn\u00fdmi \u010desk\u00fdmi exulanty, p\u0159edev\u0161\u00edm s\u00a0Pavlem Tigridem, redaktorem \u010dasopisu Sv\u011bdectv\u00ed v\u00a0Pa\u0159\u00ed\u017ei, a\u00a0opatem Anast\u00e1zem Opaskem, vedouc\u00edm katolick\u00e9ho laick\u00e9ho sdru\u017een\u00ed Opus Bonum. Spolupracoval i\u00a0s\u00a0dal\u0161\u00edmi organizacemi \u010cech\u016f a\u00a0Slov\u00e1k\u016f v\u00a0zahrani\u010d\u00ed a\u00a0zahrani\u010dn\u00edmi m\u00e9dii, kter\u00fdm pravideln\u011b dod\u00e1val informace o\u00a0\u010dinnosti a\u00a0pron\u00e1sledov\u00e1n\u00ed disident\u016f v\u00a0\u010cSSR. Do roku 1984 se \u017eivil v\u00a0uprchlick\u00e9m t\u00e1bo\u0159e v\u00a0Traiskirchenu u\u00a0V\u00eddn\u011b jako poradce Americk\u00e9ho fondu pro \u010deskoslovensk\u00e9 uprchl\u00edky, kter\u00fd pom\u00e1hal b\u011b\u017eenc\u016fm z\u00a0\u010ceskoslovenska naj\u00edt uplatn\u011bn\u00ed nejen v\u00a0USA, ale i\u00a0v\u00a0Kanad\u011b, Austr\u00e1lii \u010di v\u00a0Rakousku.<\/p>\r\n<p>Po sametov\u00e9 revoluci p\u0159ijel Medek poprv\u00e9 do Prahy na Silvestra 1989. Na po\u010d\u00e1tku devades\u00e1t\u00fdch let pracoval jako poradce ministra kultury Uhdeho, p\u016fsobil i\u00a0ve funkci p\u0159edsedy Feder\u00e1ln\u00ed rady pro rozhlasov\u00e9 a\u00a0televizn\u00ed vys\u00edl\u00e1n\u00ed. V\u00a0b\u0159eznu 1993 ukon\u010dil spolupr\u00e1ci s\u00a0Hlasem Ameriky a\u00a0nastoupil jako \u0159editel odboru vnit\u0159n\u00ed politiky Kancel\u00e1\u0159e prezidenta republiky V\u00e1clava Havla, v\u00a0letech 1996 a\u017e 1998 byl vedouc\u00edm cel\u00e9 prezidentsk\u00e9 kancel\u00e1\u0159e. V\u00a0roce 1999 kandidoval ne\u00fasp\u011b\u0161n\u011b do Sen\u00e1tu za \u010cty\u0159koalici. Po roce 2000 nato\u010dil \u017eivotopisn\u00fd seri\u00e1l Medkov\u00e9 pro \u010ceskou televizi, pro \u010cesk\u00fd rozhlas memo\u00e1rov\u00fd cyklus Osudy. Pravideln\u011b \u010detl sv\u00e9 rozhlasov\u00e9 koment\u00e1\u0159e a\u00a0fejetony v\u00a0\u010desk\u00e9m vys\u00edl\u00e1n\u00ed BBC (do roku 2005) a\u00a0Radiu Classic (do roku 2006). V\u00fdbor z\u00a0jeho text\u016f pro rozhlas vydalo nakladatelstv\u00ed Vy\u0161ehrad pod n\u00e1zvem Jak to vid\u00edm (2003), v\u00a0nakladatelstv\u00ed Torst vy\u0161la jeho autobiografick\u00e1 kn\u00ed\u017eka D\u011bkuji, m\u00e1m se v\u00fdborn\u011b (2005). Od roku 1999 \u017eil v\u00a0Praze na Letn\u00e9. Zem\u0159el po dlouh\u00e9 nemoci 6.\u00a0ledna 2010. Za svou celo\u017eivotn\u00ed \u010dinnost obdr\u017eel Ivan Medek \u0159adu ocen\u011bn\u00ed \u2013 v\u00a0roce 1991 \u0158\u00e1d T. G. Masaryka, v\u00a0roce 1999 medaili Za z\u00e1sluhy. Je nositelem \u017eurnalistick\u00e9 Ceny Ferdinanda Peroutky za rok 2008.\u00a0<\/p>\r\n<p><img loading=\"lazy\" src=\"https:\/\/www.praha7.cz\/wp-content\/uploads\/2020\/01\/medek_smeralova.png\" alt=\"\" width=\"755\" height=\"602\" class=\"alignnone wp-image-32391 size-full\" srcset=\"https:\/\/www.praha7.cz\/wp-content\/uploads\/2020\/01\/medek_smeralova.png 755w, https:\/\/www.praha7.cz\/wp-content\/uploads\/2020\/01\/medek_smeralova-502x400.png 502w\" sizes=\"(max-width: 755px) 100vw, 755px\" \/><\/p>","protected":false},"excerpt":{"rendered":"[perex] Kv\u011btinou a&nbsp;zap\u00e1lenou sv\u00ed\u010dkou jsme si dnes p\u0159ipomn\u011bli des\u00e1t\u00e9 v\u00fdro\u010d\u00ed \u00famrt\u00ed \u010desk\u00e9ho novin\u00e1\u0159e Ivana Medka (* 13.\u00a06.\u00a01925 \u2020 6.\u00a01.\u00a02010) na adrese \u0160meralova 24, kde hudebn\u00ed publicista, teoretik a&nbsp;kritik a&nbsp;b\u00fdval\u00fd kancl\u00e9\u0159 prezidenta V\u00e1clava\u00a0Havla \u017eil od roku 1999.\u00a0Titul \u010destn\u00e9ho ob\u010dana Prahy\u00a07 byl Ivanu Medkovi ud\u011blen v\u00a0roce 2005. [\/perex] Ivan Medek se narodil v\u00a0\u010dervnu 1925 jako syn legion\u00e1\u0159sk\u00e9ho [&hellip;]","protected":false},"author":97,"featured_media":32388,"comment_status":"closed","ping_status":"open","sticky":false,"template":"","format":"standard","meta":[],"categories":[34],"tags":[],"_links":{"self":[{"href":"https:\/\/www.praha7.cz\/api\/wp\/v2\/posts\/32387"}],"collection":[{"href":"https:\/\/www.praha7.cz\/api\/wp\/v2\/posts"}],"about":[{"href":"https:\/\/www.praha7.cz\/api\/wp\/v2\/types\/post"}],"author":[{"embeddable":true,"href":"https:\/\/www.praha7.cz\/api\/wp\/v2\/users\/97"}],"replies":[{"embeddable":true,"href":"https:\/\/www.praha7.cz\/api\/wp\/v2\/comments?post=32387"}],"version-history":[{"count":5,"href":"https:\/\/www.praha7.cz\/api\/wp\/v2\/posts\/32387\/revisions"}],"predecessor-version":[{"id":32400,"href":"https:\/\/www.praha7.cz\/api\/wp\/v2\/posts\/32387\/revisions\/32400"}],"wp:featuredmedia":[{"embeddable":true,"href":"https:\/\/www.praha7.cz\/api\/wp\/v2\/media\/32388"}],"wp:attachment":[{"href":"https:\/\/www.praha7.cz\/api\/wp\/v2\/media?parent=32387"}],"wp:term":[{"taxonomy":"category","embeddable":true,"href":"https:\/\/www.praha7.cz\/api\/wp\/v2\/categories?post=32387"},{"taxonomy":"post_tag","embeddable":true,"href":"https:\/\/www.praha7.cz\/api\/wp\/v2\/tags?post=32387"}],"curies":[{"name":"wp","href":"https:\/\/api.w.org\/{rel}","templated":true}]}}