    
{"id":32372,"date":"2020-01-03T15:10:41","date_gmt":"2020-01-03T14:10:41","guid":{"rendered":"https:\/\/www.praha7.cz\/?p=32372"},"modified":"2020-01-03T15:10:41","modified_gmt":"2020-01-03T14:10:41","slug":"kouzlo-malych-obchudku","status":"publish","type":"post","link":"https:\/\/www.praha7.cz\/kouzlo-malych-obchudku\/","title":{"rendered":"Kouzlo mal\u00fdch obch\u016fdk\u016f"},"content":{"rendered":"<p class=\"Norm-ln-\"><span class=\"CharOverride-5\">Na otev\u0159en\u00ed nov\u00e9ho obchodn\u00edho centra na Veletr\u017en\u00ed zareagovala ve facebookov\u00e9 skupin\u011b Letensk\u00e1 parta sv\u00fdm prvn\u00edm p\u0159\u00edsp\u011bvkem <\/span><span class=\"CharOverride-5\">z\u00a0cyklu Shops of Letn\u00e1 neboli Obchody z\u00a0Letn\u00e9. P\u0159edstavila v\u00a0n\u011bm oprav\u00e1\u0159e bot Ladislava Vlacha z\u00a0Letensk\u00e9ho n\u00e1m\u011bst\u00ed. Pr\u00e1v\u011b v\u00a0jeho obchod\u011b toti\u017e dostala Ilona Lau\u017eansk\u00e1 n\u00e1pad na podporu m\u00edstn\u00edch podnikatel\u016f. \u201eUd\u011blala jsem jednoduchou fotku, napsala kr\u00e1tk\u00fd text a\u00a0\u0161la s\u00a0t\u00edm hned ven. Nebyl \u010das dlouho spekulovat nad t\u00edm, jak to cel\u00e9 pojmout. Cht\u011bla jsem to toti\u017e na\u010dasovat symbolicky pr\u00e1v\u011b na otev\u00edra\u010dku Centra Stromovka,\u201c vysv\u011btluje Ilona, kter\u00e1 se z\u00a0Prahy 8 na Sedmi\u010dku p\u0159ist\u011bhovala za sv\u00fdm p\u0159\u00edtelem.<\/span><\/p>\r\n<p class=\"Norm-ln- ParaOverride-2\"><span class=\"CharOverride-5\">Pr\u00e1v\u011b v\u00a0Bohnic\u00edch na vlastn\u00ed k\u016f\u017ei za\u017eila negativn\u00ed dopady otev\u0159en\u00ed nov\u00e9ho obchodn\u00edho centra na mal\u00e9 \u017eivnostn\u00edky. \u201eCht\u011bla jsem si po \u010dase ve sv\u00e9 obl\u00edben\u00e9 optice koupit \u010do\u010dky, ale optiku ani zdej\u0161\u00ed milou pan\u00ed prodava\u010dku, kterou jsem znala l\u00e9ta, jsem u\u017e hledala marn\u011b. \u0158et\u011bzec optiky v\u00a0nedalek\u00e9m obcho\u010f\u00e1ku ji zkr\u00e1tka p\u0159ev\u00e1lcoval. Byla bych hodn\u011b nerada, kdyby se n\u011bco podobn\u00e9ho p\u0159ihodilo i\u00a0zdej\u0161\u00edm obch\u016fdk\u016fm,\u201c glosuje Ilona, kter\u00e1 vystudovala ital\u0161tinu a\u00a0\u010de\u0161tinu na Filozofick\u00e9 fakult\u011b UK a\u00a0krom\u011b u\u010ditelsk\u00e9 profese se v\u011bnuje i\u00a0psan\u00ed \u010dl\u00e1nk\u016f.<\/span><\/p>\r\n<p class=\"Norm-ln- ParaOverride-2\"><span class=\"CharOverride-5\">Sama p\u0159itom \u017e\u00e1dnou odp\u016frkyn\u00ed obchodn\u00edch center nen\u00ed, by\u0165 do K\u00e1r\u00e1ku, jak se Centru Stromovka podle slavn\u00e9 svatby Ji\u0159\u00edho K\u00e1ry n\u011bkdy p\u0159ezd\u00edv\u00e1, zat\u00edm nevyrazila. <\/span><span class=\"CharOverride-5\">\u201eObchodn\u00ed centra samoz\u0159ejm\u011b do modern\u00edho m\u011bsta pat\u0159\u00ed. V\u00edt\u00e1m nap\u0159\u00edklad zdej\u0161\u00ed supermarket, kter\u00fd je tu s\u00a0ohledem na p\u0159et\u00ed\u017eenou Billu ur\u010dit\u011b pot\u0159eba. R\u00e1da bych sv\u00fdm projektem ale upozornila na m\u00edsta, kde maj\u00ed mo\u017en\u00e1 daleko zaj\u00edmav\u011bj\u0161\u00ed sortiment ne\u017e obchody \u0159et\u011bzc\u016f.\u201c<\/span><\/p>\r\n<p class=\"Norm-ln- ParaOverride-2\"><span class=\"CharOverride-5\">Od konce lo\u0148sk\u00e9ho listopadu tak na Facebooku p\u0159edstavila ji\u017e n\u011bkolik provozoven. \u201e\u017divnostn\u00edci to v\u011bt\u0161inou v\u00edtaj\u00ed, n\u011bkdy se mus\u00edm domluvit s\u00a0majitelem, ale m\u00e1m vlastn\u011b jen sam\u00e9 pozitivn\u00ed reakce, a\u00a0to i\u00a0v\u00a0koment\u00e1\u0159\u00edch pod jednotliv\u00fdmi p\u0159\u00edsp\u011bvky,\u201c hodnot\u00ed sv\u016fj \u010derstv\u00fd projekt. Osobn\u011b by r\u00e1da zhruba ka\u017ed\u00fd t\u00fdden zpracovala jeden podnik. \u201eCel\u00e9 to vzniklo jako spont\u00e1nn\u00ed n\u00e1pad, tak\u017ee to budu d\u011blat tak dlouho, dokud m\u011b to bude bavit,\u201c<\/span><span class=\"CharOverride-5\"> dod\u00e1v\u00e1 Ilona, kter\u00e1 by \u010dasem cht\u011bla ze sv\u00fdch p\u0159\u00edsp\u011bvk\u016f vytvo\u0159it i\u00a0speci\u00e1ln\u00ed webovou str\u00e1nku.<\/span><\/p>\r\n<p class=\"Norm-ln- ParaOverride-2\"><span class=\"CharOverride-5\">A\u00a0proto\u017ee je podnik\u016f na Sedmi\u010dce po\u017eehnan\u011b, uv\u00edtala by, kdyby se k\u00a0n\u00ed n\u011bkdo p\u0159idal. \u201eMysl\u00edm, \u017ee ten form\u00e1t, kdy o\u00a0podniku p\u00ed\u0161ete z\u00a0pozice spokojen\u00e9ho z\u00e1kazn\u00edka, je pro lidi mnohem p\u0159ita\u017eliv\u011bj\u0161\u00ed ne\u017e klasick\u00e1 reklama. Tak\u017ee budu moc r\u00e1da, kdy\u017e na pestrost sedmi\u010dkov\u00fdch podnik\u016f upozorn\u00ed i\u00a0kdokoliv dal\u0161\u00ed.\u201c<\/span><\/p>\r\n<p class=\"Norm-ln- ParaOverride-2\"><span class=\"CharOverride-5\">Spole\u010dnost p\u0159i focen\u00ed i\u00a0psan\u00ed j\u00ed d\u011bl\u00e1 jej\u00ed ro\u010dn\u00ed syn Dalibor. Spole\u010dn\u011b jsou pravideln\u00fdmi n\u00e1v\u0161t\u011bvn\u00edky Bio Oko, kam chod\u00ed t\u0159eba na p\u0159edn\u00e1\u0161ky projektu V\u011bda v\u00a0plenk\u00e1ch nebo na dopoledn\u00ed filmov\u00e1 p\u0159edstaven\u00ed. \u201eBydlet s\u00a0mal\u00fdm d\u00edt\u011btem na Sedmi\u010dce je moc fajn. T\u011bch aktivit pro rodi\u010de s\u00a0d\u011btmi je tu cel\u00e1 \u0159ada. Sta\u010d\u00ed jen vyj\u00edt z\u00a0bytu a\u00a0hned jste v\u00a0centru d\u011bn\u00ed,\u201c uzav\u00edr\u00e1 Ilona. <\/span><\/p>","protected":false},"excerpt":{"rendered":"Na otev\u0159en\u00ed nov\u00e9ho obchodn\u00edho centra na Veletr\u017en\u00ed zareagovala ve facebookov\u00e9 skupin\u011b Letensk\u00e1 parta sv\u00fdm prvn\u00edm p\u0159\u00edsp\u011bvkem z\u00a0cyklu Shops of Letn\u00e1 neboli Obchody z\u00a0Letn\u00e9. P\u0159edstavila v\u00a0n\u011bm oprav\u00e1\u0159e bot Ladislava Vlacha z\u00a0Letensk\u00e9ho n\u00e1m\u011bst\u00ed. Pr\u00e1v\u011b v\u00a0jeho obchod\u011b toti\u017e dostala Ilona Lau\u017eansk\u00e1 n\u00e1pad na podporu m\u00edstn\u00edch podnikatel\u016f. \u201eUd\u011blala jsem jednoduchou fotku, napsala kr\u00e1tk\u00fd text a\u00a0\u0161la s\u00a0t\u00edm hned ven. Nebyl [&hellip;]","protected":false},"author":76,"featured_media":32373,"comment_status":"closed","ping_status":"open","sticky":false,"template":"","format":"standard","meta":[],"categories":[37],"tags":[],"_links":{"self":[{"href":"https:\/\/www.praha7.cz\/api\/wp\/v2\/posts\/32372"}],"collection":[{"href":"https:\/\/www.praha7.cz\/api\/wp\/v2\/posts"}],"about":[{"href":"https:\/\/www.praha7.cz\/api\/wp\/v2\/types\/post"}],"author":[{"embeddable":true,"href":"https:\/\/www.praha7.cz\/api\/wp\/v2\/users\/76"}],"replies":[{"embeddable":true,"href":"https:\/\/www.praha7.cz\/api\/wp\/v2\/comments?post=32372"}],"version-history":[{"count":1,"href":"https:\/\/www.praha7.cz\/api\/wp\/v2\/posts\/32372\/revisions"}],"predecessor-version":[{"id":32374,"href":"https:\/\/www.praha7.cz\/api\/wp\/v2\/posts\/32372\/revisions\/32374"}],"wp:featuredmedia":[{"embeddable":true,"href":"https:\/\/www.praha7.cz\/api\/wp\/v2\/media\/32373"}],"wp:attachment":[{"href":"https:\/\/www.praha7.cz\/api\/wp\/v2\/media?parent=32372"}],"wp:term":[{"taxonomy":"category","embeddable":true,"href":"https:\/\/www.praha7.cz\/api\/wp\/v2\/categories?post=32372"},{"taxonomy":"post_tag","embeddable":true,"href":"https:\/\/www.praha7.cz\/api\/wp\/v2\/tags?post=32372"}],"curies":[{"name":"wp","href":"https:\/\/api.w.org\/{rel}","templated":true}]}}