    
{"id":32326,"date":"2020-01-03T12:33:48","date_gmt":"2020-01-03T11:33:48","guid":{"rendered":"https:\/\/www.praha7.cz\/?p=32326"},"modified":"2020-01-03T12:33:48","modified_gmt":"2020-01-03T11:33:48","slug":"lednove-mame-otevreno","status":"publish","type":"post","link":"https:\/\/www.praha7.cz\/lednove-mame-otevreno\/","title":{"rendered":"Lednov\u00e9 M\u00e1me otev\u0159eno"},"content":{"rendered":"<p>[perex]<\/p>\r\n<p>Tradi\u010dn\u00ed komunitn\u00ed festival otev\u0159en\u00fdch m\u00edst na Sedmi\u010dce <a href=\"https:\/\/www.facebook.com\/events\/1173533639703562\/\" target=\"_blank\" rel=\"noopener\">M\u00e1me otev\u0159eno \/ We are open<\/a> pokra\u010duje ve st\u0159edu 8.&nbsp;ledna, kdy sv\u00e9 dve\u0159e otev\u0159ou dal\u0161\u00ed st\u00e1lice na kulturn\u00ed map\u011b Prahy&nbsp;7. Nav\u0161tivte nap\u0159\u00edklad komentovanou prohl\u00eddku v\u00fdstavy 1989 ve Veletr\u017en\u00edm pal\u00e1ci, p\u0159edn\u00e1\u0161ku o&nbsp;masopustn\u00edm obdob\u00ed v&nbsp;Muzeu k\u00e1vy Alchymista a&nbsp;Galerii Scarabeus \u010di grafickou d\u00edlnu v&nbsp;kulturn\u00edm centru Vzletn\u00e1.<\/p>\r\n<p>[\/perex]<\/p>\r\n<h3>Program:<\/h3>\r\n<ul>\r\n\t<li><strong>15.00 &#8211; 17.00 \/\/ Open House \/\/ <a href=\"https:\/\/www.archip.eu\/\" target=\"_blank\" rel=\"noopener\">ARCHIP<\/a><\/strong> <br \/>\r\nFin\u00e1ln\u00ed prezentace studia Jaroslava Wertiga a&nbsp;Jakuba Kopeck\u00e9ho v&nbsp;ateli\u00e9ru ARCHIPu ve t\u0159et\u00edm pat\u0159e (Poup\u011btova 3, Praha&nbsp;7) v&nbsp;r\u00e1mci t\u0159\u00eddenn\u00edho festivalu Open House (7. &#8211; 9.1.). Na ni nav\u00e1\u017ee v\u00fdstava prac\u00ed student\u016f ARCHIPu v&nbsp;zimn\u00edm semestru 2019\/20, kter\u00e1 bude otev\u0159ena ka\u017ed\u00fd pracovn\u00ed den do 24.1. (10-17 hodin).<\/li>\r\n<\/ul>\r\n<ul>\r\n\t<li><strong>\u00a016.30 &#8211; 17.15 \/\/ Komentovan\u00e1 prohl\u00eddka v\u00fdstavy Bydlen\u00ed v&nbsp;um\u011bn\u00ed \/\/ <a href=\"https:\/\/www.ngprague.cz\/budova\/veletrzni-palac\/\" target=\"_blank\" rel=\"noopener\">Veletr\u017en\u00ed pal\u00e1c N\u00e1rodn\u00ed galerie Praha<\/a><\/strong><br \/>\r\nKomentovan\u00e1 prohl\u00eddka v\u00fdstavy Bydlen\u00ed v&nbsp;um\u011bn\u00ed s&nbsp;kur\u00e1torem Petrem \u0160\u00e1malem. V\u00fdstava p\u0159edstavuje t\u00e9ma architektonick\u00e9 v\u00fdzdoby pra\u017esk\u00fdch obytn\u00fdch staveb 19.&nbsp;a&nbsp;po\u010d\u00e1tku 20.&nbsp;stolet\u00ed.<br \/>\r\nVstupenky: <a href=\"http:\/\/bit.ly\/Bydlen\u00ed_v_um\u011bn\u00ed\">bit.ly\/Bydlen\u00ed_v_um\u011bn\u00ed<\/a><br \/>\r\nV\u00edce informac\u00ed o&nbsp;v\u00fdstav\u011b <a href=\"http:\/\/www.ngprague.cz\/exposition-detail\/bydleni-v-umeni\/\">zde<\/a>.<\/li>\r\n<\/ul>\r\n<ul>\r\n\t<li><strong>\u00a018.00 &#8211; 19.00 \/\/ Komentovan\u00e1 prohl\u00eddka v\u00fdstavy 1989 \/\/ <a href=\"https:\/\/www.ngprague.cz\/budova\/veletrzni-palac\/\" target=\"_blank\" rel=\"noopener\">Veletr\u017en\u00ed pal\u00e1c N\u00e1rodn\u00ed galerie Praha<\/a><\/strong><br \/>\r\nKomentovan\u00e1 prohl\u00eddka v\u00fdstavy 1989 s&nbsp;histori\u010dkou um\u011bn\u00ed Mark\u00e9tou \u010cejkovou. V\u00fdstava vznikla u&nbsp;p\u0159\u00edle\u017eitosti 30.&nbsp;v\u00fdro\u010d\u00ed Sametov\u00e9 revoluce a&nbsp;v&nbsp;r\u00e1mci projektu Havel na Hrad! <br \/>\r\nVstupenky: <a href=\"http:\/\/bit.ly\/NG_1989\">bit.ly\/NG_1989<\/a><br \/>\r\nV\u00edce informac\u00ed o&nbsp;v\u00fdstav\u011b <a href=\"http:\/\/www.ngprague.cz\/exposition-detail\/1989-ngp-exhibition\/\" target=\"_blank\" rel=\"noopener\">zde<\/a>.\u00a0<br \/>\r\nJako ka\u017edou st\u0159edu m\u00e1 N\u00e1rodn\u00ed galerie Praha prodlou\u017eenou otev\u00edrac\u00ed dobu a\u017e do 20 hodin.<\/li>\r\n<\/ul>\r\n<ul>\r\n\t<li><strong>18.00 \/\/ Vernis\u00e1\u017e v\u00fdstavy Tatiany Platonov\u00e9 \/\/ <a href=\"http:\/\/artrafika.cz\" target=\"_blank\" rel=\"noopener\">\uff21\uff32\uff34\uff32\uff21\uff26\uff29\uff2b\uff21<\/a><\/strong><br \/>\r\nTatiana Platonova je mlad\u00e1 rusk\u00e1 um\u011blkyn\u011b studuj\u00edc\u00ed v&nbsp;Ostrav\u011b malbu. V&nbsp;Artrafice vystav\u00ed sv\u00e1 sou\u010dasn\u00e1 d\u00edla.<br \/>\r\nArtrafika je komunitn\u00ed kulturn\u00ed prostor, kde se zam\u011b\u0159uj\u00ed na prezentaci prac\u00ed mlad\u00fdch um\u011blc\u016f a&nbsp;student\u016f um\u011bleck\u00fdch \u0161kol.<\/li>\r\n<\/ul>\r\n<ul>\r\n\t<li><strong>\u00a018.00 &#8211; 18.30 \/\/ <a href=\"http:\/\/www.galeriescarabeus.cz\/\" target=\"_blank\" rel=\"noopener\">Muzeum k\u00e1vy Alchymista a&nbsp;Galerii Scarabeus<\/a> <\/strong><br \/>\r\nGalerie Scarabeus a&nbsp;Muzeum k\u00e1vy Alchymista nab\u00eddnou od 18.00 do 18.30 hodin komentovanou prohl\u00eddku expozice Fenom\u00e9n k\u00e1vy a&nbsp;k\u00e1vovin, kter\u00e1 je poklonou tradici k\u00e1vov\u00e9 kultury od jejich po\u010d\u00e1tk\u016f p\u0159es cestu stalet\u00edmi kolem sv\u011bta, a&nbsp;dlouhodob\u00e9 v\u00fdstavy Loutky a&nbsp;rodinn\u00e1 loutkov\u00e1 divadla. N\u00e1v\u0161t\u011bvn\u00edci uvid\u00ed prosc\u00e9nia, opony, kulisy, marionety odli\u0161n\u00fdch velikost\u00ed navr\u017een\u00fdch n\u011bkolika v\u00fdtvarn\u00edky, ale tak\u00e9 n\u00e1bytek a&nbsp;interi\u00e9rov\u00e9 dopl\u0148ky sc\u00e9ny. V\u00fdstavu dopl\u0148uj\u00ed loutkov\u00e9 divadeln\u00ed hry a&nbsp;dal\u0161\u00ed dokumenty.<\/li>\r\n<\/ul>\r\n<ul>\r\n\t<li><strong>\u00a018.30 &#8211; 20.00 \/\/ <a href=\"http:\/\/www.galeriescarabeus.cz\/\" target=\"_blank\" rel=\"noopener\">Muzeum k\u00e1vy Alchymista a&nbsp;Galerii Scarabeus<\/a> <\/strong><br \/>\r\nProgram: Letensk\u00fd masopust 2020.&nbsp;\u010cek\u00e1 v\u00e1s p\u0159edn\u00e1\u0161ka pojedn\u00e1vaj\u00edc\u00ed o&nbsp;slavnostn\u00edm obdob\u00ed naz\u00fdvan\u00e9m masopust, kter\u00fd m\u00e1 sv\u00e9 m\u00edsto v&nbsp;kalend\u00e1\u0159i v\u017edy mezi sv\u00e1tkem T\u0159\u00ed kr\u00e1l\u016f a&nbsp;Popele\u010dn\u00ed st\u0159edou, jej\u00ed\u017e sou\u010d\u00e1st\u00ed bude tak\u00e9 p\u0159edstaven\u00ed sedmilet\u00e9 historie sedmi\u010dkov\u00fdch masopust\u016f. Z\u00e1jemci si budou moci vytvo\u0159it masopustn\u00ed masku (materi\u00e1l 50&nbsp;K\u010d).<\/li>\r\n<\/ul>\r\n<ul>\r\n\t<li><strong>19.00 &#8211; 21.00 \/\/ Grafick\u00e1 d\u00edlna \/\/ <a href=\"https:\/\/www.vzletna.cz\/\" target=\"_blank\" rel=\"noopener\">Vzletn\u00e1<\/a><\/strong><br \/>\r\nGrafick\u00e9 d\u00edlny \u1360 s\u00edtotisk, such\u00e1 jehla, monotypie, linoryt\u2026 s&nbsp;<a href=\"https:\/\/www.vzletna.cz\/courses\/graficke-techniky-s-julianou-chomovou\/\" target=\"_blank\" rel=\"noopener\">Juli\u00e1nou Chomovou<\/a> \u1360 ka\u017edou st\u0159edu od 19.00 do 21.00 hodin v&nbsp;kulturn\u011b-vzd\u011bl\u00e1vac\u00edm centru Vzletn\u00e1! V&nbsp;r\u00e1mci lednov\u00e9ho M\u00e1me otev\u0159eno \/ We are open se m\u016f\u017eete d\u00edlny z\u00fa\u010dastnit zdarma. D\u00edky kurzu si osvoj\u00edte grafickou stylizaci a&nbsp;proniknete do tzv. design thinking. Na konci ka\u017ed\u00e9 lekce si tak odnesete n\u011bkolik autorsk\u00fdch grafik.<\/li>\r\n<\/ul>\r\n<p>FB Ud\u00e1lost <a href=\"https:\/\/www.facebook.com\/events\/1173533639703562\/\" target=\"_blank\" rel=\"noopener\">Lednov\u00e9 M\u00e1me otev\u0159eno<\/a><\/p>","protected":false},"excerpt":{"rendered":"[perex] Tradi\u010dn\u00ed komunitn\u00ed festival otev\u0159en\u00fdch m\u00edst na Sedmi\u010dce M\u00e1me otev\u0159eno \/ We are open pokra\u010duje ve st\u0159edu 8.&nbsp;ledna, kdy sv\u00e9 dve\u0159e otev\u0159ou dal\u0161\u00ed st\u00e1lice na kulturn\u00ed map\u011b Prahy&nbsp;7. Nav\u0161tivte nap\u0159\u00edklad komentovanou prohl\u00eddku v\u00fdstavy 1989 ve Veletr\u017en\u00edm pal\u00e1ci, p\u0159edn\u00e1\u0161ku o&nbsp;masopustn\u00edm obdob\u00ed v&nbsp;Muzeu k\u00e1vy Alchymista a&nbsp;Galerii Scarabeus \u010di grafickou d\u00edlnu v&nbsp;kulturn\u00edm centru Vzletn\u00e1. [\/perex] Program: 15.00 &#8211; [&hellip;]","protected":false},"author":97,"featured_media":32329,"comment_status":"closed","ping_status":"open","sticky":false,"template":"","format":"standard","meta":[],"categories":[34],"tags":[],"_links":{"self":[{"href":"https:\/\/www.praha7.cz\/api\/wp\/v2\/posts\/32326"}],"collection":[{"href":"https:\/\/www.praha7.cz\/api\/wp\/v2\/posts"}],"about":[{"href":"https:\/\/www.praha7.cz\/api\/wp\/v2\/types\/post"}],"author":[{"embeddable":true,"href":"https:\/\/www.praha7.cz\/api\/wp\/v2\/users\/97"}],"replies":[{"embeddable":true,"href":"https:\/\/www.praha7.cz\/api\/wp\/v2\/comments?post=32326"}],"version-history":[{"count":8,"href":"https:\/\/www.praha7.cz\/api\/wp\/v2\/posts\/32326\/revisions"}],"predecessor-version":[{"id":32341,"href":"https:\/\/www.praha7.cz\/api\/wp\/v2\/posts\/32326\/revisions\/32341"}],"wp:featuredmedia":[{"embeddable":true,"href":"https:\/\/www.praha7.cz\/api\/wp\/v2\/media\/32329"}],"wp:attachment":[{"href":"https:\/\/www.praha7.cz\/api\/wp\/v2\/media?parent=32326"}],"wp:term":[{"taxonomy":"category","embeddable":true,"href":"https:\/\/www.praha7.cz\/api\/wp\/v2\/categories?post=32326"},{"taxonomy":"post_tag","embeddable":true,"href":"https:\/\/www.praha7.cz\/api\/wp\/v2\/tags?post=32326"}],"curies":[{"name":"wp","href":"https:\/\/api.w.org\/{rel}","templated":true}]}}