    
{"id":32239,"date":"2019-12-23T12:27:49","date_gmt":"2019-12-23T11:27:49","guid":{"rendered":"https:\/\/www.praha7.cz\/?p=32239"},"modified":"2019-12-23T12:27:49","modified_gmt":"2019-12-23T11:27:49","slug":"plavani-pro-seniory-v-1-pololeti-2020","status":"publish","type":"post","link":"https:\/\/www.praha7.cz\/plavani-pro-seniory-v-1-pololeti-2020\/","title":{"rendered":"Plav\u00e1n\u00ed pro seniory v&nbsp;1.&nbsp;pololet\u00ed 2020"},"content":{"rendered":"<p>[perex]<\/p>\r\n<p>M\u011bstsk\u00e1 \u010d\u00e1st Praha\u00a07 pokra\u010duje tak\u00e9 v\u00a0roce 2020 v\u00a0po\u0159\u00e1d\u00e1n\u00ed rehabilita\u010dn\u00edch kurz\u016f plav\u00e1n\u00ed pro seniory. Lekce jsou vedeny profesion\u00e1ln\u00edmi lektory a&nbsp;budou prob\u00edhat v\u00a0baz\u00e9nu na V\u00fdstavi\u0161ti od \u00fanora do \u010dervna. Rezervaci p\u011bti vybran\u00fdch term\u00edn\u016f je nutn\u00e9 prov\u00e9st osobn\u011b. Rezervace budou p\u0159ij\u00edm\u00e1ny v&nbsp;pond\u011bl\u00ed 13.&nbsp;ledna 2020 od 8.00 do 11.00 hodin na \u00fa\u0159ad\u011b Prahy\u00a07 (2.\u00a0patro, zasedac\u00ed m\u00edstnost \u010d. dv. 225). Upozor\u0148ujeme, \u017ee kapacita je omezen\u00e1 a\u00a0o\u00a0kurzy b\u00fdv\u00e1 velk\u00fd z\u00e1jem. \u00a0\u00a0 \u00a0<\/p>\r\n<p>[\/perex]<\/p>\r\n<h3>Kdy a&nbsp;kde?<\/h3>\r\n<p>\u00fanor\u00a0\u00a0\u00a0\u00a0\u00a0 3., 7., 10., 14., 17., 21., 24., 28.<\/p>\r\n<p>b\u0159ezen\u00a0\u00a0 2., 6., 9., 13., 16., 20., 23., 27., 30.<\/p>\r\n<p>duben\u00a0\u00a0\u00a0 3., 6., 17., 20., 24., 27.<\/p>\r\n<p>kv\u011bten\u00a0\u00a0 4., 11., 15., 18., 22., 25., 29.<\/p>\r\n<p>\u010derven\u00a0\u00a0 1., 5., 8., 12., 15., 19.<br \/>\r\n<br \/>\r\n<\/p>\r\n<p>\u010cas: 13.00\u201314.00 hodin<\/p>\r\n<p>M\u00edsto: Plaveck\u00fd baz\u00e9n na V\u00fdstavi\u0161ti &#8211; <a href=\"https:\/\/www.vystavistepraha.eu\/sport\/detail\/plavecky-bazen\/\" target=\"_blank\" rel=\"noopener\">web<\/a><\/p>\r\n<h3>Informace k&nbsp;registraci<\/h3>\r\n<p>Registrace p\u0159ij\u00edm\u00e1me v&nbsp;pond\u011bl\u00ed 13.&nbsp;ledna 2020 od 8.00 do 11.00 h, pouze osobn\u011b, v&nbsp;zasedac\u00ed m\u00edstnosti dv. \u010d. 225, 2.&nbsp;patro, \u00daM\u010c Praha&nbsp;7, n\u00e1b\u0159. Kpt. Jaro\u0161e 1000, Praha&nbsp;7.&nbsp;\u010clenov\u00e9 klubu M\u010c Praha&nbsp;7 p\u0159edlo\u017e\u00ed p\u0159i registraci \u010dlenskou kartu. Rezervovat lze max. 5 libovoln\u00fdch term\u00edn\u016f.\u00a0Nen\u00ed mo\u017en\u00e9 registrovat v\u00edce osob jednou osobou najednou.\u00a0Kurzy jsou pouze pro seniory z&nbsp;Prahy&nbsp;7.\u00a0 Vstupn\u00e9 10 K\u010d, hrad\u00ed se v&nbsp;pokladn\u011b baz\u00e9nu.<\/p>","protected":false},"excerpt":{"rendered":"[perex] M\u011bstsk\u00e1 \u010d\u00e1st Praha\u00a07 pokra\u010duje tak\u00e9 v\u00a0roce 2020 v\u00a0po\u0159\u00e1d\u00e1n\u00ed rehabilita\u010dn\u00edch kurz\u016f plav\u00e1n\u00ed pro seniory. Lekce jsou vedeny profesion\u00e1ln\u00edmi lektory a&nbsp;budou prob\u00edhat v\u00a0baz\u00e9nu na V\u00fdstavi\u0161ti od \u00fanora do \u010dervna. Rezervaci p\u011bti vybran\u00fdch term\u00edn\u016f je nutn\u00e9 prov\u00e9st osobn\u011b. Rezervace budou p\u0159ij\u00edm\u00e1ny v&nbsp;pond\u011bl\u00ed 13.&nbsp;ledna 2020 od 8.00 do 11.00 hodin na \u00fa\u0159ad\u011b Prahy\u00a07 (2.\u00a0patro, zasedac\u00ed m\u00edstnost \u010d. dv. [&hellip;]","protected":false},"author":97,"featured_media":25554,"comment_status":"closed","ping_status":"open","sticky":false,"template":"","format":"standard","meta":[],"categories":[34],"tags":[],"_links":{"self":[{"href":"https:\/\/www.praha7.cz\/api\/wp\/v2\/posts\/32239"}],"collection":[{"href":"https:\/\/www.praha7.cz\/api\/wp\/v2\/posts"}],"about":[{"href":"https:\/\/www.praha7.cz\/api\/wp\/v2\/types\/post"}],"author":[{"embeddable":true,"href":"https:\/\/www.praha7.cz\/api\/wp\/v2\/users\/97"}],"replies":[{"embeddable":true,"href":"https:\/\/www.praha7.cz\/api\/wp\/v2\/comments?post=32239"}],"version-history":[{"count":1,"href":"https:\/\/www.praha7.cz\/api\/wp\/v2\/posts\/32239\/revisions"}],"predecessor-version":[{"id":32240,"href":"https:\/\/www.praha7.cz\/api\/wp\/v2\/posts\/32239\/revisions\/32240"}],"wp:featuredmedia":[{"embeddable":true,"href":"https:\/\/www.praha7.cz\/api\/wp\/v2\/media\/25554"}],"wp:attachment":[{"href":"https:\/\/www.praha7.cz\/api\/wp\/v2\/media?parent=32239"}],"wp:term":[{"taxonomy":"category","embeddable":true,"href":"https:\/\/www.praha7.cz\/api\/wp\/v2\/categories?post=32239"},{"taxonomy":"post_tag","embeddable":true,"href":"https:\/\/www.praha7.cz\/api\/wp\/v2\/tags?post=32239"}],"curies":[{"name":"wp","href":"https:\/\/api.w.org\/{rel}","templated":true}]}}