    
{"id":32232,"date":"2019-12-23T12:07:27","date_gmt":"2019-12-23T11:07:27","guid":{"rendered":"https:\/\/www.praha7.cz\/?p=32232"},"modified":"2019-12-23T12:07:27","modified_gmt":"2019-12-23T11:07:27","slug":"cviceni-pro-seniory-v-1-pololeti-2020","status":"publish","type":"post","link":"https:\/\/www.praha7.cz\/cviceni-pro-seniory-v-1-pololeti-2020\/","title":{"rendered":"Cvi\u010den\u00ed pro seniory v&nbsp;1.&nbsp;pololet\u00ed 2020"},"content":{"rendered":"<p>[perex]<\/p>\r\n<p>V\u00a0roce 2020 bude pokra\u010dovat tak\u00e9 cvi\u010den\u00ed pro seniory z&nbsp;Prahy&nbsp;7 v&nbsp;klubu Sedmi\u010dka v\u00a0pohybu.\u00a0Cvi\u010den\u00ed vede pan\u00ed Marcela Ka\u0161parov\u00e1 a&nbsp;bude zam\u011b\u0159eno na zdravotn\u00ed, pohybov\u011b a&nbsp;du\u0161evn\u011b relaxa\u010dn\u00ed aktivity. Nov\u011b jsou zavedeny dv\u011b \u00farovn\u011b, pro seniory s&nbsp;pohybov\u00fdm a&nbsp;bez pohybov\u00e9ho omezen\u00ed.\u00a0Registrace se uskute\u010dn\u00ed ve st\u0159edu 15.&nbsp;ledna 2020 od 8.00 do 11.00&nbsp;h v&nbsp;m\u00edstnosti dv. \u010d. 225 (2.&nbsp;patro, \u00daM\u010c Praha&nbsp;7, n\u00e1b\u0159. Kpt. Jaro\u0161e 1000, Praha&nbsp;7). Upozor\u0148ujeme, \u017ee kapacita je omezen\u00e1 a\u00a0o\u00a0kurzy b\u00fdv\u00e1 velk\u00fd z\u00e1jem.\u00a0\u00a0<\/p>\r\n<p>[\/perex]<\/p>\r\n<h3>Kdy a&nbsp;kde?<\/h3>\r\n<p>3.&nbsp;2. \u2013 29.&nbsp;5.&nbsp;2020<\/p>\r\n<p>v\u017edy v&nbsp;pond\u011bl\u00ed, st\u0159edu, \u010dtvrtek a&nbsp;p\u00e1tek (mimo st\u00e1tn\u00ed sv\u00e1tky)<\/p>\r\n<p>Sedmi\u010dka v&nbsp;pohybu, Bubensk\u00e1 19, Praha&nbsp;7<\/p>\r\n<p>(vchod z&nbsp;ul. \u0160ternberkova)<\/p>\r\n<p>&nbsp;<\/p>\r\n<p>Po 11.00 &#8211; 12.00 Cvi\u010den\u00ed pro seniory bez pohybov\u00e9ho omezen\u00ed<\/p>\r\n<p>St\u00a0 11.00 &#8211; 12.00 Cvi\u010den\u00ed pro seniory bez pohybov\u00e9ho omezen\u00ed<\/p>\r\n<p>\u010ct\u00a0\u00a0 8.00 &#8211; 9.00 Cvi\u010den\u00ed pro seniory bez pohybov\u00e9ho omezen\u00ed<\/p>\r\n<p>P\u00e1 10.00 &#8211; 11.00 Cvi\u010den\u00ed pro seniory s&nbsp;pohybov\u00fdm omezen\u00edm*<\/p>\r\n<p>(*pohybov\u00e9 omezen\u00ed \u010di pot\u0159eba dopomoci p\u0159i lehu, sedu nebo pomoci<\/p>\r\n<p>do stoje)<\/p>\r\n<h3>Informace k&nbsp;registraci<\/h3>\r\n<p>Po\u010det m\u00edst je omezen, p\u0159ihl\u00e1sit se lze pouze na v\u0161echny pond\u011bln\u00ed, st\u0159ede\u010dn\u00ed, \u010dtvrte\u010dn\u00ed nebo p\u00e1te\u010dn\u00ed term\u00edny cvi\u010den\u00ed. Registrace je mo\u017en\u00e1 pouze osobn\u011b. Nen\u00ed mo\u017en\u00e9 rezervovat v\u00edce osob jednou osobou najednou. \u010clenov\u00e9 klubu M\u010c Praha&nbsp;7 p\u0159edlo\u017e\u00ed p\u0159i registraci \u010dlenskou kartu. Cvi\u010den\u00ed je ur\u010deno pouze pro seniory z&nbsp;Prahy&nbsp;7 &#8211; a&nbsp;je zdarma.<\/p>\r\n<p>Registrace se uskute\u010dn\u00ed ve st\u0159edu 15.&nbsp;1.&nbsp;2020 od 8.00 do 11.00&nbsp;h v&nbsp;m\u00edstnosti dv. \u010d. 225 (2.&nbsp;patro, \u00daM\u010c Praha&nbsp;7, n\u00e1b\u0159. Kpt. Jaro\u0161e 1000, Praha&nbsp;7).<\/p>\r\n<p>&nbsp;<\/p>\r\n<p>&nbsp;<\/p>","protected":false},"excerpt":{"rendered":"[perex] V\u00a0roce 2020 bude pokra\u010dovat tak\u00e9 cvi\u010den\u00ed pro seniory z&nbsp;Prahy&nbsp;7 v&nbsp;klubu Sedmi\u010dka v\u00a0pohybu.\u00a0Cvi\u010den\u00ed vede pan\u00ed Marcela Ka\u0161parov\u00e1 a&nbsp;bude zam\u011b\u0159eno na zdravotn\u00ed, pohybov\u011b a&nbsp;du\u0161evn\u011b relaxa\u010dn\u00ed aktivity. Nov\u011b jsou zavedeny dv\u011b \u00farovn\u011b, pro seniory s&nbsp;pohybov\u00fdm a&nbsp;bez pohybov\u00e9ho omezen\u00ed.\u00a0Registrace se uskute\u010dn\u00ed ve st\u0159edu 15.&nbsp;ledna 2020 od 8.00 do 11.00&nbsp;h v&nbsp;m\u00edstnosti dv. \u010d. 225 (2.&nbsp;patro, \u00daM\u010c Praha&nbsp;7, n\u00e1b\u0159. Kpt. [&hellip;]","protected":false},"author":97,"featured_media":32233,"comment_status":"closed","ping_status":"open","sticky":false,"template":"","format":"standard","meta":[],"categories":[34],"tags":[],"_links":{"self":[{"href":"https:\/\/www.praha7.cz\/api\/wp\/v2\/posts\/32232"}],"collection":[{"href":"https:\/\/www.praha7.cz\/api\/wp\/v2\/posts"}],"about":[{"href":"https:\/\/www.praha7.cz\/api\/wp\/v2\/types\/post"}],"author":[{"embeddable":true,"href":"https:\/\/www.praha7.cz\/api\/wp\/v2\/users\/97"}],"replies":[{"embeddable":true,"href":"https:\/\/www.praha7.cz\/api\/wp\/v2\/comments?post=32232"}],"version-history":[{"count":4,"href":"https:\/\/www.praha7.cz\/api\/wp\/v2\/posts\/32232\/revisions"}],"predecessor-version":[{"id":32237,"href":"https:\/\/www.praha7.cz\/api\/wp\/v2\/posts\/32232\/revisions\/32237"}],"wp:featuredmedia":[{"embeddable":true,"href":"https:\/\/www.praha7.cz\/api\/wp\/v2\/media\/32233"}],"wp:attachment":[{"href":"https:\/\/www.praha7.cz\/api\/wp\/v2\/media?parent=32232"}],"wp:term":[{"taxonomy":"category","embeddable":true,"href":"https:\/\/www.praha7.cz\/api\/wp\/v2\/categories?post=32232"},{"taxonomy":"post_tag","embeddable":true,"href":"https:\/\/www.praha7.cz\/api\/wp\/v2\/tags?post=32232"}],"curies":[{"name":"wp","href":"https:\/\/api.w.org\/{rel}","templated":true}]}}