    
{"id":31797,"date":"2019-12-05T15:13:45","date_gmt":"2019-12-05T14:13:45","guid":{"rendered":"https:\/\/www.praha7.cz\/?p=31797"},"modified":"2019-12-17T10:25:38","modified_gmt":"2019-12-17T09:25:38","slug":"pozvanka-na-9-radne-zasedani-zastupitelstva-mc-praha-7-2","status":"publish","type":"post","link":"https:\/\/www.praha7.cz\/pozvanka-na-9-radne-zasedani-zastupitelstva-mc-praha-7-2\/","title":{"rendered":"Pozv\u00e1nka na 9.&nbsp;\u0159\u00e1dn\u00e9 zased\u00e1n\u00ed Zastupitelstva M\u010c Praha&nbsp;7"},"content":{"rendered":"<p style=\"text-align: justify;\">[perex]<\/p>\r\n<p style=\"text-align: justify;\">9.&nbsp;\u0159\u00e1dn\u00e9 zased\u00e1n\u00ed Zastupitelstva M\u010c Praha&nbsp;7 se kon\u00e1 v&nbsp;pond\u011bl\u00ed dne 16.&nbsp;prosince 2019 od 17:00 hodin ve velk\u00e9 zasedac\u00ed m\u00edstnosti \u010d. 227 \u00da\u0159adu m\u011bstsk\u00e9 \u010d\u00e1sti, n\u00e1b\u0159. Kpt. Jaro\u0161e 1000, Praha&nbsp;7. Online p\u0159enos naleznete <a href=\"https:\/\/www.youtube.com\/watch?v=CzEtZ-fBzCA&amp;feature=youtu.be\">zde<\/a>.<\/p>\r\n<p style=\"text-align: justify;\">Materi\u00e1ly ke sta\u017een\u00ed budou k&nbsp;dispozici pod eviden\u010dn\u00edmi \u010d\u00edsly u&nbsp;n\u00e1zv\u016f jednotliv\u00fdch bod\u016f.\u00a0<\/p>\r\n<p style=\"text-align: justify;\">[\/perex]<\/p>\r\n<p style=\"text-align: justify;\"><strong>Program 9.&nbsp;\u0159\u00e1dn\u00e9ho zased\u00e1n\u00ed Zastupitelstva M\u010c Praha&nbsp;7<\/strong><\/p>\r\n<ul style=\"text-align: justify;\">\r\n\t<li>Pravideln\u00fd bod programu za\u0159azen\u00fd za bod \u010d. 2 \u2013 Dotazy a&nbsp;p\u0159ipom\u00ednky ob\u010dan\u016f 1<\/li>\r\n\t<li>Pravideln\u00fd bod programu za\u0159azen\u00fd pevn\u011b na 18 hodinu \u2013 Dotazy a&nbsp;p\u0159ipom\u00ednky ob\u010dan\u016f\u00a02<\/li>\r\n<\/ul>\r\n<p style=\"text-align: justify;\"><strong>1.\u00a0<\/strong> Zah\u00e1jen\u00ed &#8211; schv\u00e1len\u00ed programu<\/p>\r\n<p style=\"text-align: justify;\"><strong>2.\u00a0<\/strong> Volba n\u00e1vrhov\u00e9ho v\u00fdboru<\/p>\r\n<p style=\"text-align: justify;\"><strong>3.\u00a0<\/strong> N\u00c1VRH ak\u010dn\u00edho pl\u00e1nu pro rok 2020 &#8211; <a href=\"https:\/\/www.praha7.cz\/wp-content\/uploads\/2019\/12\/1461.zip\">\u010d. 1461<\/a><\/p>\r\n<p style=\"text-align: justify;\"><strong>4. <\/strong>N\u00c1VRH na projedn\u00e1n\u00ed dopisu &#8222;Petice&#8220; za zachov\u00e1n\u00ed sou\u010dasn\u00e9ho provozovatele Gastroprovozu v&nbsp;dom\u011b s&nbsp;pe\u010dovatelskou slu\u017ebou Tusarova ze dne 20.&nbsp;11.&nbsp;2019 &#8211; <a href=\"https:\/\/www.praha7.cz\/wp-content\/uploads\/2019\/12\/1466.zip\">\u010d. 1466<\/a><\/p>\r\n<p style=\"text-align: justify;\"><strong>5.<\/strong> N\u00c1VRH k&nbsp;p\u0159ijet\u00ed &#8222;Pravidel (Z\u00e1sad) pro hospoda\u0159en\u00ed M\u010c Praha&nbsp;7 v&nbsp;obdob\u00ed rozpo\u010dtov\u00e9ho provizoria na rok 2020 &#8211; pravidla rozpo\u010dtov\u00e9ho provizoria&#8220; &#8211; <a href=\"https:\/\/www.praha7.cz\/wp-content\/uploads\/2019\/12\/1459.zip\">\u010d. 1459<\/a><\/p>\r\n<p style=\"text-align: justify;\"><strong>6. <\/strong>N\u00c1VRH st\u0159edn\u011bdob\u00e9ho v\u00fdhledu rozpo\u010dtu M\u010c Praha&nbsp;7 do roku 2025, n\u00e1vrh rozpo\u010dtu hlavn\u00ed \u010dinnosti M\u010c Praha&nbsp;7 na rok 2020, n\u00e1vrh rozpo\u010dt\u016f pro rok 2020 a&nbsp;st\u0159edn\u011bdob\u00fdch v\u00fdhled\u016f rozpo\u010dtu p\u0159\u00edsp\u011bvkov\u00fdch organizac\u00ed M\u010c Praha&nbsp;7 do roku 2022 a&nbsp;n\u00e1vrh finan\u010dn\u00edho pl\u00e1nu zda\u0148ovan\u00e9 \u010dinnosti M\u011bstsk\u00e9 \u010d\u00e1sti Praha&nbsp;7 na rok 2020 (v\u010detn\u011b 7U s.r.o.) &#8211; <a href=\"https:\/\/www.praha7.cz\/wp-content\/uploads\/2019\/12\/1462-2.zip\">\u010d. 1462<\/a><\/p>\r\n<p style=\"text-align: justify;\"><strong>7.<\/strong>\u00a0 N\u00c1VRH ke zpr\u00e1v\u011b o&nbsp;v\u00fdsledc\u00edch hospoda\u0159en\u00ed M\u010c Praha&nbsp;7 ke 3.&nbsp;\u010dtvrtlet\u00ed 2019 &#8211; hlavn\u00ed \u010dinnost &#8211; <a href=\"http:\/\/file.praha7.cz\/odbory\/kst\/1460.zip\">\u010d. 1460<\/a><\/p>\r\n<p style=\"text-align: justify;\"><strong>8. <\/strong>N\u00c1VRH na uzav\u0159en\u00ed Smlouvy o&nbsp;spolupr\u00e1ci se spole\u010dnost\u00ed Lexington s.r.o., I\u010cO: 27198774, se s\u00eddlem Pob\u0159e\u017en\u00ed 620\/3, 186&nbsp;00 Praha 8, ve v\u011bci z\u00e1m\u011bru Tesla Hole\u0161ovice &#8211; f\u00e1ze 2 &#8211; <a href=\"https:\/\/www.praha7.cz\/wp-content\/uploads\/2019\/12\/1458.zip\">\u010d. 1458<\/a><\/p>\r\n<p style=\"text-align: justify;\"><strong>9. <\/strong>N\u00c1VRH ke zpr\u00e1v\u011b o&nbsp;v\u00fdsledc\u00edch hospoda\u0159en\u00ed M\u010c Praha&nbsp;7 za 1.- 3.&nbsp;\u010dtvrtlet\u00ed\u00a0roku 2019 v&nbsp;r\u00e1mci hospod\u00e1\u0159sk\u00e9 \u010dinnosti &#8211; \u00faseku zda\u0148ovan\u00e9 \u010dinnosti &#8211; <a href=\"https:\/\/www.praha7.cz\/wp-content\/uploads\/2019\/12\/1468.zip\">\u010d. 1468<\/a><\/p>\r\n<p style=\"text-align: justify;\"><strong>10.<\/strong> N\u00c1VRH na odpis pohled\u00e1vek ke dni 31.&nbsp;12.&nbsp;2017 v\u010detn\u011b vy\u00fa\u010dtov\u00e1n\u00ed slu\u017eeb za rok 2017 \u2013 byty a&nbsp;nebytov\u00e9 prostory (NBP) \u2013 neu\u017e\u00edvan\u00e9 &#8211; <a href=\"https:\/\/www.praha7.cz\/wp-content\/uploads\/2019\/12\/1457.zip\">\u010d. 1457<\/a><\/p>\r\n<p style=\"text-align: justify;\"><strong>11.<\/strong> N\u00c1VRH Smlouvy o&nbsp;partnerstv\u00ed s&nbsp;finan\u010dn\u00edm p\u0159\u00edsp\u011bvkem \u010d. 2019\/KST\/3 mezi M\u010c Praha&nbsp;7 a&nbsp;spole\u010dnostmi \u010clov\u011bk v&nbsp;t\u00edsni, o. p. s., I\u010cO: 257&nbsp;55&nbsp;277 a&nbsp;7U s.r.o., I\u010cO: 264&nbsp;18&nbsp;274 v&nbsp;r\u00e1mci projektu \u201eKomplexn\u00ed p\u0159\u00edstup k&nbsp;\u0159e\u0161en\u00ed bezdomovectv\u00ed a&nbsp;soci\u00e1ln\u00edho vylou\u010den\u00ed v&nbsp;Praze 7 v&nbsp;roce 2020\u201c &#8211; <a href=\"https:\/\/www.praha7.cz\/wp-content\/uploads\/2019\/12\/1465.zip\">\u010d. 1465<\/a><\/p>\r\n<p style=\"text-align: justify;\"><strong>12.<\/strong> INFORMACE o&nbsp;\u010dinnosti Rady M\u010c Praha&nbsp;7 a&nbsp;pln\u011bn\u00ed \u00fakol\u016f ulo\u017een\u00fdch Rad\u011b M\u010c Praha&nbsp;7 Zastupitelstvem\u00a0 M\u010c Praha&nbsp;7 v\u00a0obdob\u00ed mezi 8.&nbsp;a&nbsp;9.\u00a0 zased\u00e1n\u00edm\u00a0 Zastupitelstva M\u010c Praha&nbsp;7 v\u00a0roce 2019 &#8211; <a href=\"https:\/\/www.praha7.cz\/wp-content\/uploads\/2019\/12\/1463.zip\">\u010d. 1463<\/a><\/p>\r\n<p style=\"text-align: justify;\"><strong>13.<\/strong> INFORMACE o&nbsp;postupu v\u00fdstavby nov\u00e9 radnice M\u010c Prahy&nbsp;7 \u00a0\u00a0(bude k\u00a0dispozici po posledn\u00edm kontroln\u00edm dnu 10.12.2019 z\u00a0d\u016fvodu aktu\u00e1lnosti) &#8211; <a href=\"https:\/\/www.praha7.cz\/wp-content\/uploads\/2019\/12\/1474.zip\">\u010d. 1474<\/a><\/p>\r\n<p style=\"text-align: justify;\"><strong>14.<\/strong> INFORMACE o&nbsp;projedn\u00e1n\u00ed rozboru hospoda\u0159en\u00ed spole\u010dnosti 7U s.r.o. za\u00a03.&nbsp;\u010dtvrtlet\u00ed 2019 Radou M\u010c Praha&nbsp;7 v&nbsp;p\u016fsobnosti valn\u00e9 hromady spole\u010dnosti &#8211; <a href=\"https:\/\/www.praha7.cz\/wp-content\/uploads\/2019\/12\/1467.zip\">\u010d. 1467<\/a><\/p>\r\n<p style=\"text-align: justify;\"><strong>15.<\/strong> INFORMACE o&nbsp;\u010dinnosti Kontroln\u00edho v\u00fdboru Zastupitelstva M\u010c Praha&nbsp;7 v&nbsp;\u00a0obdob\u00ed mezi 8.&nbsp;a&nbsp;9.&nbsp;zased\u00e1n\u00edm Zastupitelstva M\u010c Praha&nbsp;7 v\u00a0roce 2019 &#8211; <a href=\"https:\/\/www.praha7.cz\/wp-content\/uploads\/2019\/12\/1456.zip\">\u010d. 1456<\/a><\/p>\r\n<p style=\"text-align: justify;\"><strong>16.<\/strong> INFORMACE o&nbsp;\u010dinnosti Finan\u010dn\u00edho v\u00fdboru Zastupitelstva M\u010c Praha&nbsp;7 v\u00a0obdob\u00ed mezi 8.&nbsp;a&nbsp;9.&nbsp;zased\u00e1n\u00edm Zastupitelstva M\u010c Praha&nbsp;7 v\u00a0roce 2019 &#8211; <a href=\"https:\/\/www.praha7.cz\/wp-content\/uploads\/2019\/12\/1469.zip\">\u010d. 1469<\/a><\/p>\r\n<p style=\"text-align: justify;\"><strong>17.<\/strong> INFORMACE o&nbsp;\u010dinnosti V\u00fdboru pro\u00a0vzd\u011bl\u00e1v\u00e1n\u00ed, soci\u00e1ln\u00ed politiku a&nbsp;zdravotnictv\u00ed Zastupitelstva M\u010c Praha&nbsp;7 v\u00a0obdob\u00ed mezi 8.&nbsp;a&nbsp;9.&nbsp;zased\u00e1n\u00edm Zastupitelstva M\u010c Praha&nbsp;7 v\u00a0roce 2019 &#8211; <a href=\"https:\/\/www.praha7.cz\/wp-content\/uploads\/2019\/12\/1471.zip\">\u010d. 1471<\/a><\/p>\r\n<p style=\"text-align: justify;\"><strong>18.<\/strong> N\u00e1vrh na zm\u011bnu funkce p\u0159edsedy V\u00fdboru pro vzd\u011bl\u00e1v\u00e1n\u00ed, soci\u00e1ln\u00ed politiku a&nbsp;zdravotnictv\u00ed Zastupitelstva M\u010c Praha&nbsp;7 pro volebn\u00ed obdob\u00ed 2018 &#8211; 2022 &#8211; <a href=\"https:\/\/www.praha7.cz\/wp-content\/uploads\/2019\/12\/1473.zip\">\u010d. 1473<\/a><\/p>\r\n<p style=\"text-align: justify;\"><strong>19.<\/strong> Dopisy, adresovan\u00e9 Z\u00a0M\u010c P7<\/p>\r\n<p style=\"text-align: justify;\"><strong>20.<\/strong> R\u016fzn\u00e9<\/p>\r\n<p style=\"text-align: justify;\"><strong>21.<\/strong> Z\u00e1v\u011br\u00a0\u00a0\u00a0\u00a0\u00a0\u00a0<\/p>\r\n<p style=\"text-align: justify;\">\u00a0\u00a0\u00a0\u00a0\u00a0\u00a0\u00a0\u00a0\u00a0\u00a0\u00a0<\/p>\r\n<p style=\"text-align: justify;\">Mgr. Jan \u010ci\u017einsk\u00fd<br \/>\r\nstarosta m\u011bstsk\u00e9 \u010d\u00e1sti Praha&nbsp;7\u00a0\u00a0\u00a0\u00a0\u00a0<\/p>\r\n<p>&nbsp;<\/p>\r\n<p><a href=\"http:\/\/file.praha7.cz\/odbory\/kst\/9_2019.zip\">Materi\u00e1ly k&nbsp;9.\u00a0\u0159\u00e1dn\u00e9mu zased\u00e1n\u00ed Z\u00a0M\u010c Praha\u00a07<\/a><\/p>","protected":false},"excerpt":{"rendered":"[perex] 9.&nbsp;\u0159\u00e1dn\u00e9 zased\u00e1n\u00ed Zastupitelstva M\u010c Praha&nbsp;7 se kon\u00e1 v&nbsp;pond\u011bl\u00ed dne 16.&nbsp;prosince 2019 od 17:00 hodin ve velk\u00e9 zasedac\u00ed m\u00edstnosti \u010d. 227 \u00da\u0159adu m\u011bstsk\u00e9 \u010d\u00e1sti, n\u00e1b\u0159. Kpt. Jaro\u0161e 1000, Praha&nbsp;7. Online p\u0159enos naleznete zde. Materi\u00e1ly ke sta\u017een\u00ed budou k&nbsp;dispozici pod eviden\u010dn\u00edmi \u010d\u00edsly u&nbsp;n\u00e1zv\u016f jednotliv\u00fdch bod\u016f.\u00a0 [\/perex] Program 9.&nbsp;\u0159\u00e1dn\u00e9ho zased\u00e1n\u00ed Zastupitelstva M\u010c Praha&nbsp;7 Pravideln\u00fd bod programu za\u0159azen\u00fd [&hellip;]","protected":false},"author":14,"featured_media":18173,"comment_status":"closed","ping_status":"open","sticky":false,"template":"","format":"standard","meta":[],"categories":[34],"tags":[],"_links":{"self":[{"href":"https:\/\/www.praha7.cz\/api\/wp\/v2\/posts\/31797"}],"collection":[{"href":"https:\/\/www.praha7.cz\/api\/wp\/v2\/posts"}],"about":[{"href":"https:\/\/www.praha7.cz\/api\/wp\/v2\/types\/post"}],"author":[{"embeddable":true,"href":"https:\/\/www.praha7.cz\/api\/wp\/v2\/users\/14"}],"replies":[{"embeddable":true,"href":"https:\/\/www.praha7.cz\/api\/wp\/v2\/comments?post=31797"}],"version-history":[{"count":17,"href":"https:\/\/www.praha7.cz\/api\/wp\/v2\/posts\/31797\/revisions"}],"predecessor-version":[{"id":32049,"href":"https:\/\/www.praha7.cz\/api\/wp\/v2\/posts\/31797\/revisions\/32049"}],"wp:featuredmedia":[{"embeddable":true,"href":"https:\/\/www.praha7.cz\/api\/wp\/v2\/media\/18173"}],"wp:attachment":[{"href":"https:\/\/www.praha7.cz\/api\/wp\/v2\/media?parent=31797"}],"wp:term":[{"taxonomy":"category","embeddable":true,"href":"https:\/\/www.praha7.cz\/api\/wp\/v2\/categories?post=31797"},{"taxonomy":"post_tag","embeddable":true,"href":"https:\/\/www.praha7.cz\/api\/wp\/v2\/tags?post=31797"}],"curies":[{"name":"wp","href":"https:\/\/api.w.org\/{rel}","templated":true}]}}