    
{"id":31663,"date":"2019-11-28T13:23:13","date_gmt":"2019-11-28T12:23:13","guid":{"rendered":"https:\/\/www.praha7.cz\/?p=31663"},"modified":"2022-02-11T12:19:11","modified_gmt":"2022-02-11T11:19:11","slug":"cv-dobrovolnici-v-knihovnach-doucuji-skolaky","status":"publish","type":"post","link":"https:\/\/www.praha7.cz\/cv-dobrovolnici-v-knihovnach-doucuji-skolaky\/","title":{"rendered":"Dobrovoln\u00edci v&nbsp;knihovn\u00e1ch dou\u010duj\u00ed \u0161kol\u00e1ky"},"content":{"rendered":"<p>[perex]<\/p>\r\n<p>V\u00edte, \u017ee v\u00a0pobo\u010dce knihovny Sedmi\u010dka v&nbsp;Tusarov\u011b ulici mohou d\u011bti ka\u017ed\u00fd t\u00fdden nav\u0161t\u011bvovat bezplatn\u00e9 dou\u010dov\u00e1n\u00ed? To je otev\u0159en\u00e9 v\u0161em \u0161kol\u00e1k\u016fm, a\u0165 u\u017e se cht\u011bj\u00ed p\u0159ipravit na p\u00edsemku nebo pot\u0159ebuj\u00ed pomoci s&nbsp;dom\u00e1c\u00edm \u00fakolem. Z\u00e1m\u011brem programu \u201eSpole\u010dn\u011b v\u00a0knihovn\u011b\u201c je propojit knihovnu &#8211; p\u0159irozen\u00e9 kulturn\u00ed a&nbsp;komunitn\u00ed centrum, \u017e\u00e1ky okoln\u00edch z\u00e1kladn\u00edch \u0161kol a&nbsp;dobrovoln\u00edky, kte\u0159\u00ed cht\u011bj\u00ed pomoci d\u011btem v&nbsp;jejich vzd\u011blanostn\u00ed dr\u00e1ze. Na programu spolupracuj\u00ed <a href=\"http:\/\/www.novaskolaops.cz\/spolecne-v-knihovne-o-co-jde\">Nov\u00e1 \u0161kola<\/a>, <a href=\"https:\/\/www.mlp.cz\/cz\/\">M\u011bstsk\u00e1 knihovna v&nbsp;Praze<\/a> a&nbsp;<a href=\"https:\/\/www.nkp.cz\/\">N\u00e1rodn\u00ed knihovna \u010cR<\/a>.<\/p>\r\n<p>[\/perex]<\/p>\r\n<p><strong>Pro koho je program ur\u010den?<\/strong><\/p>\r\n<p>Pro v\u0161echny \u017e\u00e1ky z\u00e1kladn\u00edch \u0161kol. Program je zac\u00edlen p\u0159edev\u0161\u00edm na pomoc\u00a0d\u011btem prvn\u00edho i&nbsp;druh\u00e9ho stupn\u011b Z\u0160, kter\u00e9 z&nbsp;nejr\u016fzn\u011bj\u0161\u00edch d\u016fvod\u016f nemaj\u00ed v&nbsp;rodin\u011b dostate\u010dnou podporu v&nbsp;dom\u00e1c\u00ed p\u0159\u00edprav\u011b. Program je ale otev\u0159en i&nbsp;ostatn\u00edm z\u00e1jemc\u016fm.\u00a0Zvl\u00e1\u0161tn\u00ed p\u00e9\u010di je v\u011bnov\u00e1na d\u011btem s&nbsp;odli\u0161n\u00fdm mate\u0159sk\u00fdm jazykem.<\/p>\r\n<p>D\u011bti nemus\u00ed (ale mohou) doch\u00e1zet pravideln\u011b, m\u016f\u017eou klidn\u011b p\u0159ij\u00edt jen\u00a0tehdy, kdy\u017e n\u011bco pot\u0159ebuj\u00ed. Nen\u00ed pot\u0159eba \u017e\u00e1dn\u00e1 p\u0159ihl\u00e1\u0161ka. Pomoc lze vyu\u017e\u00edt i&nbsp;bez p\u0159edchoz\u00ed domluvy po celou dobu, kdy jsou dobrovoln\u00edci v\u00a0knihovn\u011b p\u0159\u00edtomni.<\/p>\r\n<p><strong>Kdy a&nbsp;kde se dou\u010dov\u00e1n\u00ed v&nbsp;Praze 7 kon\u00e1?<\/strong><\/p>\r\n<p><strong>PRAHA&nbsp;7 HOLE\u0160OVICE<\/strong>\u00a0 \u00a0 \u00a0 \u00a0 \u00a0 \u00a0 \u00a0 \u00a0 \u00a0 \u00a0 \u00a0 \u00a0 \u00a0 \u00a0 \u00a0 \u00a0POND\u011aL\u00cd\u00a0 \u00a0 \u00a0 \u00a0 \u00a0 \u00a0 \u00a0 \u00a0 \u00a0 \u00a016:00 &#8211; 18:00 <br \/>\r\n<a href=\"https:\/\/www.mlp.cz\/cz\/kontakty\/pobocky\/sedmicka\/?knihovna=\">MKP Sedmi\u010dka<\/a> Tusarova\u00a0429\/35<\/p>\r\n<p>Ostatn\u00ed zapojen\u00e9 knihovny z&nbsp;Prahy najdete <a href=\"http:\/\/www.novaskolaops.cz\/spolecne-v-knihovne-o-co-jde\">zde<\/a>\u00a0<\/p>\r\n<p>V knihovn\u011b je vyhrazeno m\u00edsto, na kter\u00e9m jsou v&nbsp;pravideln\u00fdch \u010dasech \u00a0k dispozici dobrovoln\u00edci, p\u0159ipraven\u00ed pomoci se \u0161koln\u00ed p\u0159\u00edpravou ka\u017ed\u00e9mu d\u00edt\u011bti, kter\u00e9 bude m\u00edt z\u00e1jem a&nbsp;p\u0159ijde.<\/p>\r\n<p><strong>Jak to vypad\u00e1 v&nbsp;praxi?\u00a0<\/strong><\/p>\r\n<p>V pravideln\u00fd den i&nbsp;\u010das po cel\u00fd \u0161koln\u00ed rok jsou v&nbsp;knihovn\u011b p\u0159ipraveni dobrovoln\u00edci pomoci v\u0161em d\u011btem, kter\u00e9 p\u0159ijdou, s&nbsp;\u010d\u00edmkoli, co pot\u0159ebuj\u00ed p\u0159i \u0161koln\u00ed p\u0159\u00edprav\u011b. Tato slu\u017eba je poskytov\u00e1na zdarma na n\u00edzkoprahov\u00e9m principu, tj. pro zapojen\u00ed nen\u00ed pot\u0159eba nic jin\u00e9ho, ne\u017e p\u0159ij\u00edt a&nbsp;m\u00edt z\u00e1jem.\u00a0<\/p>\r\n<p><iframe loading=\"lazy\" width=\"560\" height=\"314\" src=\"\/\/www.youtube.com\/embed\/lRoDc41_cdI\" allowfullscreen=\"allowfullscreen\"><\/iframe><\/p>\r\n<p><img loading=\"lazy\" src=\"https:\/\/www.praha7.cz\/wp-content\/uploads\/2019\/11\/svk-deti1-600x400.jpg\" alt=\"\" width=\"600\" height=\"400\" class=\"alignnone size-medium wp-image-31665\" srcset=\"https:\/\/www.praha7.cz\/wp-content\/uploads\/2019\/11\/svk-deti1-600x400.jpg 600w, https:\/\/www.praha7.cz\/wp-content\/uploads\/2019\/11\/svk-deti1-768x512.jpg 768w, https:\/\/www.praha7.cz\/wp-content\/uploads\/2019\/11\/svk-deti1-1500x1000.jpg 1500w, https:\/\/www.praha7.cz\/wp-content\/uploads\/2019\/11\/svk-deti1.jpg 2048w\" sizes=\"(max-width: 600px) 100vw, 600px\" \/><\/p>\r\n<p><a href=\"https:\/\/www.praha7.cz\/wp-content\/uploads\/2022\/02\/doucovani-knihovna-Sedmicka.jpg\" target=\"_blank\" rel=\"noopener\"><img loading=\"lazy\" src=\"https:\/\/www.praha7.cz\/wp-content\/uploads\/2019\/11\/svk-nabidka-1500x720.jpg\" alt=\"\" width=\"640\" height=\"307\" class=\"alignnone wp-image-31666 size-large\" srcset=\"https:\/\/www.praha7.cz\/wp-content\/uploads\/2019\/11\/svk-nabidka-1500x720.jpg 1500w, https:\/\/www.praha7.cz\/wp-content\/uploads\/2019\/11\/svk-nabidka-600x288.jpg 600w, https:\/\/www.praha7.cz\/wp-content\/uploads\/2019\/11\/svk-nabidka-768x369.jpg 768w\" sizes=\"(max-width: 640px) 100vw, 640px\" \/><\/a><\/p>","protected":false},"excerpt":{"rendered":"[perex] V\u00edte, \u017ee v\u00a0pobo\u010dce knihovny Sedmi\u010dka v&nbsp;Tusarov\u011b ulici mohou d\u011bti ka\u017ed\u00fd t\u00fdden nav\u0161t\u011bvovat bezplatn\u00e9 dou\u010dov\u00e1n\u00ed? To je otev\u0159en\u00e9 v\u0161em \u0161kol\u00e1k\u016fm, a\u0165 u\u017e se cht\u011bj\u00ed p\u0159ipravit na p\u00edsemku nebo pot\u0159ebuj\u00ed pomoci s&nbsp;dom\u00e1c\u00edm \u00fakolem. Z\u00e1m\u011brem programu \u201eSpole\u010dn\u011b v\u00a0knihovn\u011b\u201c je propojit knihovnu &#8211; p\u0159irozen\u00e9 kulturn\u00ed a&nbsp;komunitn\u00ed centrum, \u017e\u00e1ky okoln\u00edch z\u00e1kladn\u00edch \u0161kol a&nbsp;dobrovoln\u00edky, kte\u0159\u00ed cht\u011bj\u00ed pomoci d\u011btem v&nbsp;jejich vzd\u011blanostn\u00ed [&hellip;]","protected":false},"author":97,"featured_media":31664,"comment_status":"closed","ping_status":"open","sticky":false,"template":"","format":"standard","meta":[],"categories":[34],"tags":[],"_links":{"self":[{"href":"https:\/\/www.praha7.cz\/api\/wp\/v2\/posts\/31663"}],"collection":[{"href":"https:\/\/www.praha7.cz\/api\/wp\/v2\/posts"}],"about":[{"href":"https:\/\/www.praha7.cz\/api\/wp\/v2\/types\/post"}],"author":[{"embeddable":true,"href":"https:\/\/www.praha7.cz\/api\/wp\/v2\/users\/97"}],"replies":[{"embeddable":true,"href":"https:\/\/www.praha7.cz\/api\/wp\/v2\/comments?post=31663"}],"version-history":[{"count":7,"href":"https:\/\/www.praha7.cz\/api\/wp\/v2\/posts\/31663\/revisions"}],"predecessor-version":[{"id":54577,"href":"https:\/\/www.praha7.cz\/api\/wp\/v2\/posts\/31663\/revisions\/54577"}],"wp:featuredmedia":[{"embeddable":true,"href":"https:\/\/www.praha7.cz\/api\/wp\/v2\/media\/31664"}],"wp:attachment":[{"href":"https:\/\/www.praha7.cz\/api\/wp\/v2\/media?parent=31663"}],"wp:term":[{"taxonomy":"category","embeddable":true,"href":"https:\/\/www.praha7.cz\/api\/wp\/v2\/categories?post=31663"},{"taxonomy":"post_tag","embeddable":true,"href":"https:\/\/www.praha7.cz\/api\/wp\/v2\/tags?post=31663"}],"curies":[{"name":"wp","href":"https:\/\/api.w.org\/{rel}","templated":true}]}}