    
{"id":31652,"date":"2019-11-28T10:22:40","date_gmt":"2019-11-28T09:22:40","guid":{"rendered":"https:\/\/www.praha7.cz\/?p=31652"},"modified":"2019-11-28T11:07:40","modified_gmt":"2019-11-28T10:07:40","slug":"pozar-v-ulici-zeleznicaru","status":"publish","type":"post","link":"https:\/\/www.praha7.cz\/pozar-v-ulici-zeleznicaru\/","title":{"rendered":"Po\u017e\u00e1r v&nbsp;ulici \u017delezni\u010d\u00e1\u0159\u016f uha\u0161en"},"content":{"rendered":"<p>[perex]<\/p>\r\n<p>EDIT:\u00a0Na m\u00edst\u011b zasahovaly jednotky z&nbsp;centr\u00e1ln\u00ed a&nbsp;hole\u0161ovick\u00e9 stanice. Jednalo se o&nbsp;po\u017e\u00e1r odpadu na dvo\u0159e. Jedna osoba byla zachr\u00e1n\u011bna a&nbsp;preventivn\u011b p\u0159ed\u00e1na ZZS. Po\u017e\u00e1r byl uha\u0161en 1 C proudem v&nbsp;d\u00fdchac\u00ed technice a&nbsp;zas\u00e1hl fas\u00e1du p\u0159ilehl\u00e9ho domu.<\/p>\r\n<p>V ul. \u017delezni\u010d\u00e1\u0159\u016f 204\/6 do\u0161lo k&nbsp;po\u017e\u00e1ru v\u011bt\u0161\u00edho rozsahu v&nbsp;bl\u00edzkosti obytn\u00fdch dom\u016f. Na m\u00edst\u011b zasahuj\u00ed slo\u017eky IZS.\u00a0<\/p>\r\n<p>[\/perex]<\/p>","protected":false},"excerpt":{"rendered":"[perex] EDIT:\u00a0Na m\u00edst\u011b zasahovaly jednotky z&nbsp;centr\u00e1ln\u00ed a&nbsp;hole\u0161ovick\u00e9 stanice. Jednalo se o&nbsp;po\u017e\u00e1r odpadu na dvo\u0159e. Jedna osoba byla zachr\u00e1n\u011bna a&nbsp;preventivn\u011b p\u0159ed\u00e1na ZZS. Po\u017e\u00e1r byl uha\u0161en 1 C proudem v&nbsp;d\u00fdchac\u00ed technice a&nbsp;zas\u00e1hl fas\u00e1du p\u0159ilehl\u00e9ho domu. V&nbsp;ul. \u017delezni\u010d\u00e1\u0159\u016f 204\/6 do\u0161lo k&nbsp;po\u017e\u00e1ru v\u011bt\u0161\u00edho rozsahu v&nbsp;bl\u00edzkosti obytn\u00fdch dom\u016f. Na m\u00edst\u011b zasahuj\u00ed slo\u017eky IZS.\u00a0 [\/perex]","protected":false},"author":5,"featured_media":28605,"comment_status":"closed","ping_status":"open","sticky":false,"template":"","format":"standard","meta":[],"categories":[34],"tags":[],"_links":{"self":[{"href":"https:\/\/www.praha7.cz\/api\/wp\/v2\/posts\/31652"}],"collection":[{"href":"https:\/\/www.praha7.cz\/api\/wp\/v2\/posts"}],"about":[{"href":"https:\/\/www.praha7.cz\/api\/wp\/v2\/types\/post"}],"author":[{"embeddable":true,"href":"https:\/\/www.praha7.cz\/api\/wp\/v2\/users\/5"}],"replies":[{"embeddable":true,"href":"https:\/\/www.praha7.cz\/api\/wp\/v2\/comments?post=31652"}],"version-history":[{"count":4,"href":"https:\/\/www.praha7.cz\/api\/wp\/v2\/posts\/31652\/revisions"}],"predecessor-version":[{"id":31660,"href":"https:\/\/www.praha7.cz\/api\/wp\/v2\/posts\/31652\/revisions\/31660"}],"wp:featuredmedia":[{"embeddable":true,"href":"https:\/\/www.praha7.cz\/api\/wp\/v2\/media\/28605"}],"wp:attachment":[{"href":"https:\/\/www.praha7.cz\/api\/wp\/v2\/media?parent=31652"}],"wp:term":[{"taxonomy":"category","embeddable":true,"href":"https:\/\/www.praha7.cz\/api\/wp\/v2\/categories?post=31652"},{"taxonomy":"post_tag","embeddable":true,"href":"https:\/\/www.praha7.cz\/api\/wp\/v2\/tags?post=31652"}],"curies":[{"name":"wp","href":"https:\/\/api.w.org\/{rel}","templated":true}]}}