    
{"id":31586,"date":"2019-11-26T13:37:37","date_gmt":"2019-11-26T12:37:37","guid":{"rendered":"https:\/\/www.praha7.cz\/?p=31586"},"modified":"2019-11-26T13:37:37","modified_gmt":"2019-11-26T12:37:37","slug":"adventni-a-vanocni-koncerty-ve-farnosti-sv-antonina","status":"publish","type":"post","link":"https:\/\/www.praha7.cz\/adventni-a-vanocni-koncerty-ve-farnosti-sv-antonina\/","title":{"rendered":"Adventn\u00ed a&nbsp;v\u00e1no\u010dn\u00ed koncerty ve farnosti sv. Anton\u00edna"},"content":{"rendered":"<p>[perex]<\/p>\r\n<p>Ji\u017e tradi\u010dn\u011b nab\u00edz\u00ed farnost sv. Anton\u00edna t\u011bm obyvatel\u016fm Prahy&nbsp;7, kte\u0159\u00ed by se cht\u011bli v\u00a0dob\u011b adventn\u00ed uprost\u0159ed p\u0159edv\u00e1no\u010dn\u00edho shonu na chv\u00edli pozastavit a&nbsp;spo\u010dinout na okam\u017eik v\u00a0kr\u00e1sn\u00e9m prost\u0159ed\u00ed chr\u00e1m\u016f na\u0161\u00ed m\u011bstsk\u00e9 \u010d\u00e1sti, n\u011bkolik zaj\u00edmav\u00fdch akc\u00ed.\u00a0P\u0159edev\u0161\u00edm jsou to Ror\u00e1ty &#8211;\u00a0mari\u00e1nsk\u00e9 m\u0161e v&nbsp;dob\u011b adventn\u00ed.<\/p>\r\n<p>[\/perex]<\/p>\r\n<p>\u010cesk\u00fd v\u00fdznamn\u00fd muzikolog a&nbsp;hudebn\u00edk Dobroslav Orel p\u00ed\u0161e: \u201c<em>Ror\u00e1ty pat\u0159\u00ed jako \u010dist\u00fd a&nbsp;vrouc\u00ed v\u00fdraz mari\u00e1nsk\u00e9 \u00facty na\u0161ich p\u0159edk\u016f po str\u00e1nce hudebn\u00ed k\u00a0nejkr\u00e1sn\u011bj\u0161\u00edm v\u00fdtvor\u016fm duchovn\u00ed p\u00edsn\u011b v\u016fbec<\/em>\u201c. P\u0159ij\u010fte si ror\u00e1ty nejenom poslechnout, ale tak\u00e9 zazp\u00edvat. Koncertn\u00ed proveden\u00ed Ror\u00e1t\u016f se kon\u00e1 <strong>v\u00a0\u00fater\u00fd 3.&nbsp;12.&nbsp;od 19.30 v\u00a0kostele sv. Klimenta<\/strong>, v\u00a0Kosteln\u00ed ulici. Hraje soubor Ritornello.<\/p>\r\n<p>Zaj\u00edmavou akc\u00ed podobn\u00e9ho druhu jsou i&nbsp;<strong>Adventn\u00ed p\u016flhodinky<\/strong>. Jejich obsahem jsou varhann\u00ed improvizace, dopln\u011bn\u00e9 duchovn\u00edm slovem P. Pavla Semely. Doba adventn\u00ed je dobou o\u010dek\u00e1v\u00e1n\u00ed a&nbsp;p\u0159\u00edpravy na v\u00e1noce a&nbsp;adventn\u00ed t\u00e9mata nab\u00edzej\u00ed mnoho inspirace, je\u017e se jist\u011b odraz\u00ed v\u00a0kr\u00e1sn\u00fdch improvizac\u00edch. P\u0159ij\u010fte do <strong>kostela sv. Anton\u00edna v<\/strong>\u00a0<strong>ned\u011bli 1.&nbsp;12.&nbsp;v\u00a017.00<\/strong>, na varhany bude improvizovat Jakub Jan\u0161ta. Jste srde\u010dn\u011b zv\u00e1ni i&nbsp;na 2. Adventn\u00ed p\u016flhodinku, p\u0159i n\u00ed\u017e bude improvizovat v&nbsp;<strong>ned\u011bli 15.&nbsp;12.&nbsp;od 17.00<\/strong> Miroslav P\u0161eni\u010dka.<\/p>\r\n<p>Kr\u00e1sn\u00e9 jesli\u010dky v\u00a0kostele sv. Anton\u00edna jsou ka\u017edoro\u010dn\u011b b\u011bhem v\u00e1noc hojn\u011b nav\u0161t\u011bvov\u00e1ny. P\u0159i t\u00e9to p\u0159\u00edle\u017eitosti m\u016f\u017eete na Bo\u017e\u00ed Hod v\u00e1no\u010dn\u00ed <strong>25.&nbsp;12.&nbsp;od 17.00<\/strong> vyslechnout <strong>koncert sm\u00ed\u0161en\u00e9ho sboru \u010ce\u0161t\u00ed madrigalist\u00e9<\/strong>, pod veden\u00edm Veroniky H\u00e1dkov\u00e9, za doprovodu instrument\u00e1ln\u00edho souboru. Na koncert\u011b zazn\u00ed skladby V. A. Michny, V. K. H. Rovensk\u00e9ho a&nbsp;dal\u0161\u00edch skladatel\u016f.<\/p>\r\n<p>V\u0161ichni z\u00e1jemci o&nbsp;kr\u00e1snou hudbu jsou srde\u010dn\u011b zv\u00e1ni na v\u0161echny tyto akce, vstupn\u00e9 je dobrovoln\u00e9.<\/p>\r\n<p><img loading=\"lazy\" src=\"https:\/\/www.praha7.cz\/wp-content\/uploads\/2019\/11\/advent_antonin.png\" alt=\"\" width=\"601\" height=\"669\" class=\"alignnone wp-image-31592 \" srcset=\"https:\/\/www.praha7.cz\/wp-content\/uploads\/2019\/11\/advent_antonin.png 729w, https:\/\/www.praha7.cz\/wp-content\/uploads\/2019\/11\/advent_antonin-359x400.png 359w\" sizes=\"(max-width: 601px) 100vw, 601px\" \/><\/p>\r\n<p><img loading=\"lazy\" src=\"https:\/\/www.praha7.cz\/wp-content\/uploads\/2019\/11\/Rorate2019_Kliment-plak\u00e1t-707x1000.jpg\" alt=\"\" width=\"640\" height=\"905\" class=\"alignnone wp-image-31593 size-large\" srcset=\"https:\/\/www.praha7.cz\/wp-content\/uploads\/2019\/11\/Rorate2019_Kliment-plak\u00e1t-707x1000.jpg 707w, https:\/\/www.praha7.cz\/wp-content\/uploads\/2019\/11\/Rorate2019_Kliment-plak\u00e1t-283x400.jpg 283w, https:\/\/www.praha7.cz\/wp-content\/uploads\/2019\/11\/Rorate2019_Kliment-plak\u00e1t-768x1087.jpg 768w\" sizes=\"(max-width: 640px) 100vw, 640px\" \/><\/p>\r\n<p><span style=\"font-size: 14px;\"><em>Koncerty jsou realizov\u00e1ny za finan\u010dn\u00ed podpory M\u010c Praha&nbsp;7.<\/em><\/span><\/p>\r\n<p>&nbsp;<\/p>\r\n<p>&nbsp;<\/p>","protected":false},"excerpt":{"rendered":"[perex] Ji\u017e tradi\u010dn\u011b nab\u00edz\u00ed farnost sv. Anton\u00edna t\u011bm obyvatel\u016fm Prahy&nbsp;7, kte\u0159\u00ed by se cht\u011bli v\u00a0dob\u011b adventn\u00ed uprost\u0159ed p\u0159edv\u00e1no\u010dn\u00edho shonu na chv\u00edli pozastavit a&nbsp;spo\u010dinout na okam\u017eik v\u00a0kr\u00e1sn\u00e9m prost\u0159ed\u00ed chr\u00e1m\u016f na\u0161\u00ed m\u011bstsk\u00e9 \u010d\u00e1sti, n\u011bkolik zaj\u00edmav\u00fdch akc\u00ed.\u00a0P\u0159edev\u0161\u00edm jsou to Ror\u00e1ty &#8211;\u00a0mari\u00e1nsk\u00e9 m\u0161e v&nbsp;dob\u011b adventn\u00ed. [\/perex] \u010cesk\u00fd v\u00fdznamn\u00fd muzikolog a&nbsp;hudebn\u00edk Dobroslav Orel p\u00ed\u0161e: \u201cRor\u00e1ty pat\u0159\u00ed jako \u010dist\u00fd a&nbsp;vrouc\u00ed v\u00fdraz [&hellip;]","protected":false},"author":97,"featured_media":31591,"comment_status":"closed","ping_status":"open","sticky":false,"template":"","format":"standard","meta":[],"categories":[34],"tags":[],"_links":{"self":[{"href":"https:\/\/www.praha7.cz\/api\/wp\/v2\/posts\/31586"}],"collection":[{"href":"https:\/\/www.praha7.cz\/api\/wp\/v2\/posts"}],"about":[{"href":"https:\/\/www.praha7.cz\/api\/wp\/v2\/types\/post"}],"author":[{"embeddable":true,"href":"https:\/\/www.praha7.cz\/api\/wp\/v2\/users\/97"}],"replies":[{"embeddable":true,"href":"https:\/\/www.praha7.cz\/api\/wp\/v2\/comments?post=31586"}],"version-history":[{"count":2,"href":"https:\/\/www.praha7.cz\/api\/wp\/v2\/posts\/31586\/revisions"}],"predecessor-version":[{"id":31597,"href":"https:\/\/www.praha7.cz\/api\/wp\/v2\/posts\/31586\/revisions\/31597"}],"wp:featuredmedia":[{"embeddable":true,"href":"https:\/\/www.praha7.cz\/api\/wp\/v2\/media\/31591"}],"wp:attachment":[{"href":"https:\/\/www.praha7.cz\/api\/wp\/v2\/media?parent=31586"}],"wp:term":[{"taxonomy":"category","embeddable":true,"href":"https:\/\/www.praha7.cz\/api\/wp\/v2\/categories?post=31586"},{"taxonomy":"post_tag","embeddable":true,"href":"https:\/\/www.praha7.cz\/api\/wp\/v2\/tags?post=31586"}],"curies":[{"name":"wp","href":"https:\/\/api.w.org\/{rel}","templated":true}]}}