    
{"id":31573,"date":"2019-11-26T12:51:03","date_gmt":"2019-11-26T11:51:03","guid":{"rendered":"https:\/\/www.praha7.cz\/?p=31573"},"modified":"2019-11-26T12:54:11","modified_gmt":"2019-11-26T11:54:11","slug":"zaci-zs-umelecka-nahrali-cd-s-vanocnimi-koledami","status":"publish","type":"post","link":"https:\/\/www.praha7.cz\/zaci-zs-umelecka-nahrali-cd-s-vanocnimi-koledami\/","title":{"rendered":"\u017d\u00e1ci Z\u0160 Um\u011bleck\u00e1 nahr\u00e1li CD s&nbsp;v\u00e1no\u010dn\u00edmi koledami"},"content":{"rendered":"<p>[perex]<\/p>\r\n<p>V term\u00ednu 20.&nbsp;a&nbsp;21.&nbsp;listopadu 2019 se v&nbsp;aule\u00a0z\u00e1kladn\u00ed \u0161koly Um\u011bleck\u00e1 uskute\u010dnilo nat\u00e1\u010den\u00ed v\u00e1no\u010dn\u00edho c\u00e9d\u00e9\u010dka za \u00fa\u010dasti \u017e\u00e1k\u016f ze t\u0159\u00edd s&nbsp;roz\u0161\u00ed\u0159enou v\u00fdukou hudebn\u00ed v\u00fdchovy. P\u0159\u00edprava i&nbsp;samotn\u00e9 nahr\u00e1v\u00e1n\u00ed si vy\u017e\u00e1dalo spoustu \u00fasil\u00ed i&nbsp;\u010dasu a&nbsp;v\u00fdsledn\u00fd produkt by m\u011bl b\u00fdt do V\u00e1noc hotov\u00fd. CD bude k&nbsp;zakoupen\u00ed ve \u0161kole p\u0159\u00edp. p\u0159es <a href=\"https:\/\/www.fzsumelecka.cz\/index.php?action=vedeni-kontakty\" target=\"_blank\" rel=\"noopener\">email \u0161koly<\/a>\u00a0za 99,- K\u010d. O&nbsp;nahr\u00e1v\u00e1n\u00ed V\u00e1no\u010dn\u00edho CD informovala ve sv\u00e9m <a href=\"https:\/\/drive.google.com\/file\/d\/19NKFa-36l7RSzzFkE6aUHt0P-cnaAJn0\/view\">vys\u00edl\u00e1n\u00ed<\/a> \u010cesk\u00e1 televize, a&nbsp;to konkr\u00e9tn\u011b v&nbsp;publicistick\u00e9m po\u0159adu Zpr\u00e1vi\u010dky na d\u011btsk\u00e9m kan\u00e1lu D\u00e9\u010dko.<\/p>\r\n<p>\u00a0[\/perex]<\/p>\r\n<p>V\u00edce informac\u00ed o&nbsp;nat\u00e1\u010den\u00ed na <a href=\"https:\/\/www.fzsumelecka.cz\/index.php?action=akcedetail&amp;id=1459\">webu Z\u0160 Um\u011bleck\u00e1<\/a>. E-mail:\u00a0fzsumelecka@seznam.cz<\/p>","protected":false},"excerpt":{"rendered":"[perex] V&nbsp;term\u00ednu 20.&nbsp;a&nbsp;21.&nbsp;listopadu 2019 se v&nbsp;aule\u00a0z\u00e1kladn\u00ed \u0161koly Um\u011bleck\u00e1 uskute\u010dnilo nat\u00e1\u010den\u00ed v\u00e1no\u010dn\u00edho c\u00e9d\u00e9\u010dka za \u00fa\u010dasti \u017e\u00e1k\u016f ze t\u0159\u00edd s&nbsp;roz\u0161\u00ed\u0159enou v\u00fdukou hudebn\u00ed v\u00fdchovy. P\u0159\u00edprava i&nbsp;samotn\u00e9 nahr\u00e1v\u00e1n\u00ed si vy\u017e\u00e1dalo spoustu \u00fasil\u00ed i&nbsp;\u010dasu a&nbsp;v\u00fdsledn\u00fd produkt by m\u011bl b\u00fdt do V\u00e1noc hotov\u00fd. CD bude k&nbsp;zakoupen\u00ed ve \u0161kole p\u0159\u00edp. p\u0159es email \u0161koly\u00a0za 99,- K\u010d. O&nbsp;nahr\u00e1v\u00e1n\u00ed V\u00e1no\u010dn\u00edho CD informovala ve sv\u00e9m [&hellip;]","protected":false},"author":97,"featured_media":31575,"comment_status":"closed","ping_status":"open","sticky":false,"template":"","format":"standard","meta":[],"categories":[34],"tags":[],"_links":{"self":[{"href":"https:\/\/www.praha7.cz\/api\/wp\/v2\/posts\/31573"}],"collection":[{"href":"https:\/\/www.praha7.cz\/api\/wp\/v2\/posts"}],"about":[{"href":"https:\/\/www.praha7.cz\/api\/wp\/v2\/types\/post"}],"author":[{"embeddable":true,"href":"https:\/\/www.praha7.cz\/api\/wp\/v2\/users\/97"}],"replies":[{"embeddable":true,"href":"https:\/\/www.praha7.cz\/api\/wp\/v2\/comments?post=31573"}],"version-history":[{"count":6,"href":"https:\/\/www.praha7.cz\/api\/wp\/v2\/posts\/31573\/revisions"}],"predecessor-version":[{"id":31584,"href":"https:\/\/www.praha7.cz\/api\/wp\/v2\/posts\/31573\/revisions\/31584"}],"wp:featuredmedia":[{"embeddable":true,"href":"https:\/\/www.praha7.cz\/api\/wp\/v2\/media\/31575"}],"wp:attachment":[{"href":"https:\/\/www.praha7.cz\/api\/wp\/v2\/media?parent=31573"}],"wp:term":[{"taxonomy":"category","embeddable":true,"href":"https:\/\/www.praha7.cz\/api\/wp\/v2\/categories?post=31573"},{"taxonomy":"post_tag","embeddable":true,"href":"https:\/\/www.praha7.cz\/api\/wp\/v2\/tags?post=31573"}],"curies":[{"name":"wp","href":"https:\/\/api.w.org\/{rel}","templated":true}]}}