    
{"id":31535,"date":"2019-11-25T12:09:09","date_gmt":"2019-11-25T11:09:09","guid":{"rendered":"https:\/\/www.praha7.cz\/?p=31535"},"modified":"2019-11-26T15:18:16","modified_gmt":"2019-11-26T14:18:16","slug":"nove-stromy-pro-holesovice","status":"publish","type":"post","link":"https:\/\/www.praha7.cz\/nove-stromy-pro-holesovice\/","title":{"rendered":"Nov\u00e9 stromy pro Hole\u0161ovice"},"content":{"rendered":"<p>[perex]<\/p>\r\n<p>V\u00a0Hole\u0161ovic\u00edch v\u00a0Praze 7 p\u0159ibylo 27 nov\u00fdch strom\u016f. Aktivn\u00ed soused\u00e9 ze spolku Doln\u00ed Hole\u0161ovice vytan\u010dili na sv\u00e9m plese pen\u00edze na v\u00fdsadbu strom\u016f v\u00a0ulici U&nbsp;Pr\u016fhonu. Zelen\u011bj\u0161\u00ed bude tak\u00e9 ned\u00e1vno otev\u0159en\u00e9 parkovi\u0161t\u011b v\u00a0ulici Jankovcova. Krom\u011b strom\u016f zde p\u0159ibyly tak\u00e9 tr\u00e1vn\u00edky a&nbsp;upravena byla i&nbsp;zele\u0148 v&nbsp;p\u0159ilehl\u00e9m okol\u00ed.<\/p>\r\n<p>[\/perex]<\/p>\r\n<p><em>\u201eObyvatel\u00e9 Hole\u0161ovic, na rozd\u00edl od Lete\u0148\u00e1k\u016f, nemaj\u00ed po ruce velk\u00e9 parky, jako jsou Stromovka a&nbsp;Letensk\u00e9 sady. Jak\u00fdchkoli strom\u016f, na kter\u00e9 se poda\u0159\u00ed z\u00edskat pen\u00edze a&nbsp;z\u00e1rove\u0148 naj\u00edt vhodn\u00e9 m\u00edsto, kde by je bylo mo\u017en\u00e9 vysadit, si proto velice cen\u00edme. D\u011bkujeme spolku Doln\u00ed Hole\u0161ovice za to, \u017ee sv\u00fdm soused\u016fm vytan\u010dili zelen\u011bj\u0161\u00ed ulici,\u201c<\/em> uvedl <em><strong>radn\u00ed Prahy&nbsp;7 Ji\u0159\u00ed Knitl<\/strong><\/em>.<\/p>\r\n<p>Spolek Doln\u00ed Hole\u0161ovice na nov\u00e9 stromy v\u011bnoval v\u00fdt\u011b\u017eek z\u00a03.&nbsp;ro\u010dn\u00edku Hole\u0161ovick\u00e9ho plesu ve v\u00fd\u0161i 100\u00a0000 korun.<\/p>\r\n<p><em>&#8222;Ka\u017ed\u00fd rok investujeme v\u00fdt\u011b\u017eek plesu do aktivit nebo \u00faprav \u017eivotn\u00edho prostoru Hole\u0161ovic, a\u0165 u\u017e to bylo sportovn\u00ed h\u0159i\u0161t\u011b, \u00faprava \u0161koln\u00ed zahrady, vznik spolku rodi\u010d\u016f p\u0159i Z\u0160 T. G. Masaryka nebo pr\u00e1v\u011b nov\u00e9 stromy. To, \u017ee si ty stromy m\u00edstn\u00ed vytan\u010dili sami, prohlubuje osobn\u011bj\u0161\u00ed vztah k&nbsp;prostoru, ve kter\u00e9m \u017eij\u00ed,&#8220;<\/em> uvedla <em><strong>popul\u00e1rn\u00ed here\u010dka a&nbsp;p\u0159edsedkyn\u011b spolku Doln\u00ed Hole\u0161ovice Kl\u00e1ra Cibulkov\u00e1<\/strong><\/em>.<\/p>\r\n<p>V\u00a0ulici U&nbsp;Pr\u016fhonu bylo vysazeno 12 nov\u00fdch strom\u016f. \u00a0Na ja\u0159e se zde zazelenaj\u00ed d\u0159ezovce, ak\u00e1ty i&nbsp;tradi\u010dn\u00ed l\u00edpa.<\/p>\r\n<p>Nov\u00e9 zelen\u011b se do\u010dkalo tak\u00e9 parkovi\u0161t\u011b nedaleko N\u00e1dra\u017e\u00ed Hole\u0161ovice v\u00a0ulici Jankovcova, kter\u00e9 bylo pro ve\u0159ejnost otev\u0159eno v\u00a0\u010dervnu tohoto roku.<\/p>\r\n<p>P\u0159\u00edmo na parkovi\u0161ti bylo vysazeno 11 javor\u016f, vysety zde byly tak\u00e9 nov\u00e9 tr\u00e1vn\u00edky. Dal\u0161\u00ed 4 stromy (dv\u011b jablon\u011b a&nbsp;dv\u011b t\u0159e\u0161n\u011b), upraven\u00e9 travnat\u00e9 plochy a&nbsp;nov\u00e9 ke\u0159e o\u017eiv\u00ed tak\u00e9 okol\u00ed parkovi\u0161t\u011b.<\/p>\r\n<p>Sou\u010dasn\u011b s\u00a0v\u00fdsadbou zelen\u011b prob\u011bhla rekonstrukce povrchu ulice Jankovcova p\u0159ed parkovi\u0161t\u011bm. \u00a0Investorem t\u011bchto prac\u00ed je TSK hl. m. Prahy.<\/p>\r\n<p><strong>Celkem bylo v\u00a0Praze 7 za posledn\u00ed rok vysazeno kolem 100 nov\u00fdch strom\u016f.<\/strong><\/p>\r\n<p><img loading=\"lazy\" src=\"https:\/\/www.praha7.cz\/wp-content\/uploads\/2019\/11\/stromy-u-pr\u016fhonu-2-600x400.jpg\" alt=\"\" width=\"600\" height=\"400\" class=\"alignnone size-medium wp-image-31538\" srcset=\"https:\/\/www.praha7.cz\/wp-content\/uploads\/2019\/11\/stromy-u-pr\u016fhonu-2-600x400.jpg 600w, https:\/\/www.praha7.cz\/wp-content\/uploads\/2019\/11\/stromy-u-pr\u016fhonu-2-768x512.jpg 768w, https:\/\/www.praha7.cz\/wp-content\/uploads\/2019\/11\/stromy-u-pr\u016fhonu-2-1500x1000.jpg 1500w\" sizes=\"(max-width: 600px) 100vw, 600px\" \/><\/p>\r\n<p><img loading=\"lazy\" src=\"https:\/\/www.praha7.cz\/wp-content\/uploads\/2019\/11\/cedulka_stromy-600x400.png\" alt=\"\" width=\"600\" height=\"400\" class=\"alignnone size-medium wp-image-31602\" srcset=\"https:\/\/www.praha7.cz\/wp-content\/uploads\/2019\/11\/cedulka_stromy-600x400.png 600w, https:\/\/www.praha7.cz\/wp-content\/uploads\/2019\/11\/cedulka_stromy.png 761w\" sizes=\"(max-width: 600px) 100vw, 600px\" \/><\/p>\r\n<p><img loading=\"lazy\" src=\"https:\/\/www.praha7.cz\/wp-content\/uploads\/2019\/11\/stromy-jankovcova-600x400.jpg\" alt=\"\" width=\"600\" height=\"400\" class=\"alignnone size-medium wp-image-31539\" srcset=\"https:\/\/www.praha7.cz\/wp-content\/uploads\/2019\/11\/stromy-jankovcova-600x400.jpg 600w, https:\/\/www.praha7.cz\/wp-content\/uploads\/2019\/11\/stromy-jankovcova-768x512.jpg 768w, https:\/\/www.praha7.cz\/wp-content\/uploads\/2019\/11\/stromy-jankovcova-1500x1000.jpg 1500w\" sizes=\"(max-width: 600px) 100vw, 600px\" \/><\/p>\r\n<p><img loading=\"lazy\" src=\"https:\/\/www.praha7.cz\/wp-content\/uploads\/2019\/11\/stromy-jankovcova-2-600x400.jpg\" alt=\"\" width=\"600\" height=\"400\" class=\"alignnone size-medium wp-image-31541\" srcset=\"https:\/\/www.praha7.cz\/wp-content\/uploads\/2019\/11\/stromy-jankovcova-2-600x400.jpg 600w, https:\/\/www.praha7.cz\/wp-content\/uploads\/2019\/11\/stromy-jankovcova-2-768x512.jpg 768w, https:\/\/www.praha7.cz\/wp-content\/uploads\/2019\/11\/stromy-jankovcova-2-1500x1000.jpg 1500w\" sizes=\"(max-width: 600px) 100vw, 600px\" \/><\/p>","protected":false},"excerpt":{"rendered":"[perex] V\u00a0Hole\u0161ovic\u00edch v\u00a0Praze 7 p\u0159ibylo 27 nov\u00fdch strom\u016f. Aktivn\u00ed soused\u00e9 ze spolku Doln\u00ed Hole\u0161ovice vytan\u010dili na sv\u00e9m plese pen\u00edze na v\u00fdsadbu strom\u016f v\u00a0ulici U&nbsp;Pr\u016fhonu. Zelen\u011bj\u0161\u00ed bude tak\u00e9 ned\u00e1vno otev\u0159en\u00e9 parkovi\u0161t\u011b v\u00a0ulici Jankovcova. Krom\u011b strom\u016f zde p\u0159ibyly tak\u00e9 tr\u00e1vn\u00edky a&nbsp;upravena byla i&nbsp;zele\u0148 v&nbsp;p\u0159ilehl\u00e9m okol\u00ed. [\/perex] \u201eObyvatel\u00e9 Hole\u0161ovic, na rozd\u00edl od Lete\u0148\u00e1k\u016f, nemaj\u00ed po ruce velk\u00e9 parky, [&hellip;]","protected":false},"author":5,"featured_media":31536,"comment_status":"closed","ping_status":"open","sticky":false,"template":"","format":"standard","meta":[],"categories":[34,74],"tags":[],"_links":{"self":[{"href":"https:\/\/www.praha7.cz\/api\/wp\/v2\/posts\/31535"}],"collection":[{"href":"https:\/\/www.praha7.cz\/api\/wp\/v2\/posts"}],"about":[{"href":"https:\/\/www.praha7.cz\/api\/wp\/v2\/types\/post"}],"author":[{"embeddable":true,"href":"https:\/\/www.praha7.cz\/api\/wp\/v2\/users\/5"}],"replies":[{"embeddable":true,"href":"https:\/\/www.praha7.cz\/api\/wp\/v2\/comments?post=31535"}],"version-history":[{"count":3,"href":"https:\/\/www.praha7.cz\/api\/wp\/v2\/posts\/31535\/revisions"}],"predecessor-version":[{"id":31603,"href":"https:\/\/www.praha7.cz\/api\/wp\/v2\/posts\/31535\/revisions\/31603"}],"wp:featuredmedia":[{"embeddable":true,"href":"https:\/\/www.praha7.cz\/api\/wp\/v2\/media\/31536"}],"wp:attachment":[{"href":"https:\/\/www.praha7.cz\/api\/wp\/v2\/media?parent=31535"}],"wp:term":[{"taxonomy":"category","embeddable":true,"href":"https:\/\/www.praha7.cz\/api\/wp\/v2\/categories?post=31535"},{"taxonomy":"post_tag","embeddable":true,"href":"https:\/\/www.praha7.cz\/api\/wp\/v2\/tags?post=31535"}],"curies":[{"name":"wp","href":"https:\/\/api.w.org\/{rel}","templated":true}]}}