    
{"id":31498,"date":"2019-11-22T14:40:12","date_gmt":"2019-11-22T13:40:12","guid":{"rendered":"https:\/\/www.praha7.cz\/?p=31498"},"modified":"2019-11-25T11:47:40","modified_gmt":"2019-11-25T10:47:40","slug":"vsechno-nejlepsi-praho-7-ii","status":"publish","type":"post","link":"https:\/\/www.praha7.cz\/vsechno-nejlepsi-praho-7-ii\/","title":{"rendered":"V\u0161echno nejlep\u0161\u00ed, Praho 7 II."},"content":{"rendered":"<p class=\"Z-kladn--odstavec ParaOverride-10\"><span class=\"CharOverride-2\">[perex]<\/span><\/p>\r\n<p class=\"Z-kladn--odstavec ParaOverride-10\"><span class=\"CharOverride-2\">V\u00a0druh\u00e9 polovin\u011b 19.&nbsp;stolet\u00ed proch\u00e1z\u00ed na\u0161e zem\u011b velk\u00fdmi zm\u011bnami. Emancipuj\u00edc\u00ed se n\u00e1rod \u010cech\u016f nab\u00fdv\u00e1 na s\u00edle, pr\u016fmyslov\u00e1 revoluce je v\u00a0pln\u00e9m proudu. M\u011bn\u00ed se i\u00a0charakter Prahy jako metropole zem\u011b. Miz\u00ed st\u0159edov\u011bk\u00e9 hradby, z\u00e1rove\u0148 v\u00a0jej\u00edm bezprost\u0159edn\u00edm sousedstv\u00ed vyr\u016fstaj\u00ed v\u00fdznamn\u00e1, dosud nez\u00e1visl\u00e1 m\u011bsta \u2013 Kr\u00e1lovsk\u00e9 Vinohrady, Karl\u00edn, \u017di\u017ekov, Sm\u00edchov a\u00a0v\u00a0neposledn\u00ed \u0159ad\u011b i\u00a0Hole\u0161ovice-Bubny. Na po\u010d\u00e1tku osmdes\u00e1t\u00fdch let 19.&nbsp;stolet\u00ed tak za\u010d\u00ednaj\u00ed jedn\u00e1n\u00ed o\u00a0p\u0159ipojen\u00ed p\u0159edm\u011bst\u00ed k\u00a0Praze.<\/span><\/p>\r\n<p>[\/perex]<\/p>\r\n<div class=\"_idGenObjectLayout-1\">\r\n<div id=\"_idContainer601\" class=\"_idGenObjectStyleOverride-1\"><em><img class=\"_idGenObjectAttribute-1\" src=\"Hobulet_12-2019_HTML-web-resources\/image\/03_plyn\u2020rna_HoleA\u0301ovice_04.jpg\" alt=\"\" \/>Pln\u00e9 zn\u011bn\u00ed z\u00e1kona, kter\u00fdm byly Hole\u0161ovice-Bubny p\u0159i\u010dlen\u011bny k\u00a0Praze<\/em><\/div>\r\n<\/div>\r\n<div class=\"_idGenObjectLayout-1\">\r\n<div id=\"_idContainer604\">\r\n<div><\/div>\r\n<div id=\"_idContainer602\" class=\"Z-kladn--grafick\u00fd-r-me\u010dek _idGenObjectStyleOverride-27\"><span class=\"CharOverride-5\">Abychom pochopili proces vzniku Velk\u00e9 Prahy, mus\u00edme se vr\u00e1tit o\u00a0p\u00e1r des\u00edtek let zp\u00e1tky. Liberaliza\u010dn\u00ed tendence, je\u017e vych\u00e1zely z\u00a0idej\u00ed revolu\u010dn\u00edch ud\u00e1lost\u00ed roku 1848, se cht\u011b necht\u011b projevily i\u00a0v\u00a0Rakousku. N\u00e1stup Bachova absolutismu ale p\u016fvodn\u011b p\u0159ijat\u00e9 reformy o\u00a0dek\u00e1du odsunul. Obecn\u00ed \u0159\u00e1d pro Prahu vydan\u00fd v\u00a0roce 1850 nav\u00edc zajistil, \u017ee veden\u00ed Prahy z\u016fstalo v\u00a0n\u011bmeck\u00fdch rukou. K\u00a0obnoven\u00ed \u201e\u00fastavnosti\u201c vedly a\u017e ud\u00e1losti konce pades\u00e1t\u00fdch let. Ve volb\u00e1ch konan\u00fdch v\u00a0b\u0159eznu 1861 z\u00edskali \u010de\u0161t\u00ed kandid\u00e1ti v\u00a0nov\u011b zvolen\u00e9m sboru obecn\u00edch star\u0161\u00edch (zastupitelstvu) v\u011bt\u0161inu \u2013 z\u00a090 \u010dlen\u016f se pln\u00fdch 58 hl\u00e1silo k\u00a0\u010desk\u00e9mu \u017eivlu. Prvn\u00edm \u010desk\u00fdm starostou byl zvolen tov\u00e1rn\u00edk Franti\u0161ek P\u0161tross (1823\u20131863). Po jeho n\u00e1m\u011bstkovi JUDr. Anton\u00ednu B\u011blsk\u00e9m, kter\u00fd P\u0161trosse na prim\u00e1torsk\u00e9m stolci v\u00a0roce <\/span><span class=\"CharOverride-5\">1863 vyst\u0159\u00eddal, byla roku 1894 pojmenov\u00e1na v\u00fdznamn\u00e1 ulice v\u00a0Praze 7\u00a0<\/span>(dnes Dukelsk\u00fdch hrdin\u016f).<\/div>\r\n<\/div>\r\n<\/div>\r\n<div id=\"_idContainer613\" class=\"_idGenObjectStyleOverride-1\">\r\n<p class=\"Z-kladn--odstavec ParaOverride-2\"><span class=\"CharOverride-5\">Nov\u011b zvolen\u00e9 veden\u00ed m\u011bsta za\u010dalo pracovat na modernizaci dosud stagnuj\u00edc\u00ed Prahy zejm\u00e9na v\u00a0oblasti infrastruktury, \u0161kolstv\u00ed, ale i\u00a0kultury. Zd\u00e1rn\u011b se rozv\u00edjej\u00ed i\u00a0zm\u00edn\u011bn\u00e9 obce t\u011bsn\u011b za hranicemi Prahy. Vznikaj\u00ed zde mj. rozs\u00e1hl\u00e9 pr\u016fmyslov\u00e9 z\u00e1vody, pro kter\u00e9 v\u00a0historick\u00e9 Praze nen\u00ed prostor. Logickou snahou veden\u00ed Prahy je integrovat okoln\u00ed samostatn\u00e1 m\u011bsta a\u00a0obce. Je toti\u017e evidentn\u00ed, \u017ee k\u00a0vytvo\u0159en\u00ed skute\u010dn\u011b funk\u010dn\u00ed metropole \u010cech bude pot\u0159eba \u00fazce spolupracovat, a\u0165 u\u017e v\u00a0oblasti infrastruktury nebo zlep\u0161en\u00ed hygienick\u00fdch podm\u00ednek (v\u00fdstavba kanalizace, por\u00e1\u017eka dobytka) apod. \u010casto protich\u016fdn\u00e9 z\u00e1jmy jednotliv\u00fdch m\u011bst na p\u0159edm\u011bst\u00ed ale nezbytn\u00e9 modernizaci sp\u00ed\u0161e br\u00e1nily. <\/span><\/p>\r\n<p class=\"Z-kladn--odstavec ParaOverride-2\"><span class=\"CharOverride-5\">D\u016fle\u017eit\u00fdm impulzem pro roz\u0161i\u0159ov\u00e1n\u00ed Prahy bylo rozhodnut\u00ed zbourat m\u011bstsk\u00e9 hradby. V\u00a0roce 1866 sl\u00edbil c\u00edsa\u0159 veden\u00ed Prahy, \u017ee hradby i\u00a0p\u0159ilehl\u00e9 pozemky v\u011bnuje obci. Samotn\u00fd proces odstra\u0148ov\u00e1n\u00ed kamenn\u00fdch relikt\u016f st\u0159edov\u011bku se v\u0161ak prot\u00e1hl, z\u00a0v\u011bt\u0161\u00ed \u010d\u00e1sti byl dokon\u010den a\u017e v\u00a0roce 1875, pln\u011b o\u00a0dek\u00e1du pozd\u011bji. Roz\u0161i\u0159ov\u00e1n\u00ed metropole pak u\u017e \u010dist\u011b teoreticky nic nebr\u00e1nilo. Prvn\u00ed vla\u0161tovkou byl vznik VI. m\u011bstsk\u00e9 \u010d\u00e1sti, kterou se v\u00a0roce 1883 stal Vy\u0161ehrad. Prvn\u00edm skute\u010dn\u00fdm krokem ke vzniku \u201evelk\u00e9\u201c Prahy bylo ov\u0161em p\u0159ipojen\u00ed Hole\u0161ovic-Bubn\u016f o\u00a0rok pozd\u011bji. <\/span><\/p>\r\n<p class=\"Z-kladn--odstavec ParaOverride-2\"><span class=\"CharOverride-5\">I\u00a0v\u00a0dob\u011b, kdy u\u017e Hole\u0161ovi\u010dt\u00ed vyjedn\u00e1vali o\u00a0p\u0159ipojen\u00ed k\u00a0Praze, pokra\u010doval ut\u011b\u0161en\u00fd rozvoj obce. V\u00a0\u010dervnu 1884 p\u0159ijela do Bubn\u016f prvn\u00ed kon\u011bsp\u0159e\u017en\u00e1 tramvaj \u2013 na trati, kter\u00e1 vedla z\u00a0tehdej\u0161\u00edho Josefsk\u00e9ho n\u00e1m\u011bst\u00ed (dnes n\u00e1m\u011bst\u00ed Republiky) na kone\u010dnou, je\u017e se nach\u00e1zela na t\u0159\u00edd\u011b Dukelsk\u00fdch hrdin\u016f (v\u00a0\u00farovni budovy policejn\u00edho prezidia). V\u00a0z\u00e1\u0159\u00ed 1884 tak\u00e9 obecn\u00ed zastupitelstvo schv\u00e1lilo regula\u010dn\u00ed pl\u00e1n k\u00a0zastav\u011bn\u00ed hole\u0161ovick\u00e9ho poloostrova, kter\u00fd vypracoval ing. Ko\u0159\u00ednek. Byla to jen m\u00edrn\u011b upraven\u00e1 varianta star\u0161\u00ed verze zpracovan\u00e9 o\u00a0n\u011bkolik let d\u0159\u00edve in\u017een\u00fdrem Netschem. Pro hole\u0161ovick\u00fd poloostrov a\u00a0<\/span><span class=\"CharOverride-5\">jeho budouc\u00ed zastav\u011bn\u00ed byla rozhoduj\u00edc\u00ed \u00farove\u0148 zatopen\u00ed vodou p\u0159i povodni v\u00a0roce 1845, kdy Vltava vystoupala o\u00a05,5 metru. Cel\u00e9 \u00fazem\u00ed nem\u011blo tehdy stejnou v\u00fd\u0161ku, ni\u017e\u0161\u00ed, velkou vodou ohro\u017een\u00e1 \u010d\u00e1st zab\u00edrala jednu t\u0159etinu poloostrova.<\/span><\/p>\r\n<p><a href=\"https:\/\/www.praha7.cz\/vsechno-nejlepsi-praho-7-ii\/03-plyn%e2%80%a0rna-holeaovice-04\/\" rel=\"attachment wp-att-31503\"><img loading=\"lazy\" src=\"https:\/\/www.praha7.cz\/wp-content\/uploads\/2019\/11\/03-plyn\u2020rna-Hole\u00c1ovice-04-1413x1000.jpg\" alt=\"\" width=\"640\" height=\"453\" class=\"alignnone size-large wp-image-31503\" srcset=\"https:\/\/www.praha7.cz\/wp-content\/uploads\/2019\/11\/03-plyn\u2020rna-Hole\u00c1ovice-04-1413x1000.jpg 1413w, https:\/\/www.praha7.cz\/wp-content\/uploads\/2019\/11\/03-plyn\u2020rna-Hole\u00c1ovice-04-565x400.jpg 565w, https:\/\/www.praha7.cz\/wp-content\/uploads\/2019\/11\/03-plyn\u2020rna-Hole\u00c1ovice-04-768x543.jpg 768w, https:\/\/www.praha7.cz\/wp-content\/uploads\/2019\/11\/03-plyn\u2020rna-Hole\u00c1ovice-04.jpg 1621w\" sizes=\"(max-width: 640px) 100vw, 640px\" \/><\/a><br \/>\r\n<em>Plyn\u00e1rna v\u00a0Hole\u0161ovic\u00edch otev\u0159en\u00e1 v\u00a0roce 1888. Jednalo se o\u00a0jeden z\u00a0prvn\u00edch obecn\u00edch podnik\u016f v\u00a0nov\u011b vznikl\u00e9 Praze 7<\/em><\/p>\r\n<p class=\"Z-kladn--odstavec ParaOverride-2\"><span class=\"CharOverride-20\"><\/span><span class=\"CharOverride-55\"><strong>Bohat\u00e1 nev\u011bsta<\/strong><br \/>\r\n<\/span><span class=\"CharOverride-5\">Politick\u00e1 obec Hole\u0161ovice-Bubny byla v\u00a0dob\u011b p\u0159ed p\u0159ipojen\u00edm \u0159\u00edzena starostou, \u0161esti radn\u00edmi a\u00a0\u010dty\u0159iadvaceti\u010dlenn\u00fdm zastupitelstvem. Svou samospr\u00e1vu tvo\u0159enou dvan\u00e1cti\u010dlenn\u00fdm zastupitelstvem, t\u0159\u00ed\u010dlennou radou a\u00a0starostou m\u011bly i\u00a0Bubny. Jedn\u00e1n\u00ed o\u00a0p\u0159ipojen\u00ed obc\u00ed k\u00a0Praze prob\u00edhala od po\u010d\u00e1tku 80.&nbsp;let 19.&nbsp;stolet\u00ed. V\u00a0z\u00e1\u0159\u00ed 1882 byly vypracov\u00e1ny z\u00e1sady, podle kter\u00fdch m\u011blo ke sjednocen\u00ed doj\u00edt. Ob\u011b strany se v\u00a0nich zav\u00e1zaly ke spln\u011bn\u00ed ur\u010dit\u00fdch podm\u00ednek, Praha nap\u0159. garantovala Hole\u0161ovick\u00fdm, \u017ee \u201ebude pe\u010dovati o\u00a0ve\u0159ejn\u00e9 pot\u0159eby dle \u0159\u00e1du obecn\u00edch, dle \u0161koln\u00edch a\u00a0jin\u00fdch z\u00e1kon\u016f\u201c nebo \u017ee \u201e\u00fa\u0159ednictvo <\/span><span class=\"CharOverride-5\">a\u00a0z\u0159\u00edzenectvo bude p\u0159ijato do slu\u017eeb Pra\u017esk\u00fdch\u201c. D\u00e1le m\u011bla b\u00fdt do budouc\u00ed Prahy&nbsp;7 zavedena \u010dist\u00e1 filtrovan\u00e1 voda prost\u0159ednictv\u00edm nov\u011b vybudovan\u00e9ho vodovodu apod. V\u00a0minulosti m\u011bly obce pravomoc a\u00a0pom\u011brn\u011b \u0161irokou autonomii v\u00a0zav\u00e1d\u011bn\u00ed vlastn\u00edch dan\u00ed, nej\u010dast\u011bji ve form\u011b tzv. p\u0159ir\u00e1\u017eek k\u00a0tax\u00e1m placen\u00fdm p\u0159\u00edmo do st\u00e1tn\u00edho rozpo\u010dtu. Praha se tehdy tak\u00e9 zav\u00e1zala nezav\u00e1d\u011bt v\u00a0nov\u00e9 m\u011bstsk\u00e9 \u010d\u00e1sti jin\u00e9 \u010di vy\u0161\u0161\u00ed dan\u011b a\u00a0taxy, ne\u017e se platily na jej\u00edm dosavadn\u00edm \u00fazem\u00ed. V\u00fdznamn\u00fd zdroj p\u0159\u00edjm\u016f obc\u00ed \u2013 \u010din\u017eovn\u00ed da\u0148 (z\u00a0pronaj\u00edman\u00fdch byt\u016f) m\u011bla v\u00a0sedm\u00e9 \u010d\u00e1sti dos\u00e1hnout pln\u00e9 pra\u017esk\u00e9 v\u00fd\u0161e po postupn\u00e9m navy\u0161Fov\u00e1n\u00ed a\u017e v\u00a0roce 1906. Tato \u00faleva m\u011bla podpo\u0159it stavebn\u00ed ruch v\u00a0nov\u00e9 \u010dtvrti. Na druhou stranu n\u011bkter\u00e9 dan\u011b nebo sp\u00ed\u0161e v\u011bt\u0161ina po p\u0159ipojen\u00ed v\u00a0Hole\u0161ovic\u00edch-Bubnech vzrostla \u2013 jednodu\u0161e proto, \u017ee ve vnit\u0159n\u00ed Praze byly vy\u0161\u0161\u00ed sazby. Jednalo se nap\u0159. o\u00a0\u017eivnostenskou da\u0148, da\u0148 z\u00a0por\u00e1\u017eky dobytka, ale i\u00a0o\u00a0poplatek za vlastnictv\u00ed psa. Naopak n\u011bkter\u00e9 dal\u0161\u00ed dan\u011b, je\u017e se tehdy platily ve vnit\u0159n\u00ed Praze (po\u017e\u00e1rn\u00ed nebo z\u00a0paliva), nebyly v\u00a0nov\u00e9 m\u011bstsk\u00e9 \u010d\u00e1sti v\u016fbec zavedeny. Na rozd\u00edl od dal\u0161\u00edch perifern\u00edch obc\u00ed jednaj\u00edc\u00edch o\u00a0p\u0159ipojen\u00ed k\u00a0Praze byly ale po\u017eadavky obecn\u00edch star\u0161\u00edch z\u00a0Hole\u0161ovic-Bubn\u016f v\u016f\u010di\u00a0Praze um\u011b\u0159en\u00e9 a\u00a0rozumn\u00e9. Spojen\u00e9 obce tak\u00e9 p\u0159in\u00e1\u0161ely do svazku velice slu\u0161n\u00fd majetek, vezme-li v\u00a0\u00favahu, \u017ee je\u0161t\u011b t\u0159i dek\u00e1dy p\u0159edt\u00edm m\u011blo p\u0159ipojovan\u00e9 \u00fazem\u00ed charakter nevelk\u00e9, p\u0159ev\u00e1\u017en\u011b zem\u011bd\u011blsk\u00e9 osady. Jednalo se zejm\u00e9na o\u00a0n\u011bkolik obecn\u00edch budov \u2013 ryb\u00e1rnu s\u00a0hospod\u00e1\u0159sk\u00fdm staven\u00edm a\u00a0<\/span><span class=\"CharOverride-5\">kon\u00edrnou, b\u00fdvalou \u0161kolu se zahradou v\u00a0Z\u00e1tor\u00e1ch, budovu nemocnice s\u00a0v\u011bznic\u00ed (!) a\u00a0nejhodnotn\u011bj\u0161\u00ed nemovitost \u2013 novostavbu \u0161koly v\u00a0Jablonsk\u00e9ho ulici z\u00a0roku 1883. K\u00a0obecn\u00edmu majetku pat\u0159ily tak\u00e9 rozs\u00e1hl\u00e9 pozemky o\u00a0v\u00fdm\u011b\u0159e 25 hektar\u016f a\u00a0obecn\u00ed plyn\u00e1rna. Po ode\u010dten\u00ed z\u00e1vazk\u016f \u010dinilo jm\u011bn\u00ed, kter\u00e9 p\u0159inesly Hole\u0161ovice-Bubny Praze, v\u00edce ne\u017e \u010dtvrt milionu tehdej\u0161\u00edch zlat\u00fdch. K\u00a0definitivn\u00edmu rozhodnut\u00ed p\u0159ipojit obce k\u00a0Praze do\u0161lo na zased\u00e1n\u00ed obecn\u00edho zastupitelstva 17.&nbsp;\u010dervna 1883, podle pam\u011btn\u00edk\u016f byl n\u00e1vrh \u201eradostn\u011b p\u0159ijat\u201c. <\/span><\/p>\r\n<p class=\"Z-kladn--odstavec ParaOverride-2\"><span class=\"CharOverride-20\"><\/span><span class=\"CharOverride-55\"><strong>Ku sl\u00e1v\u011b slovansk\u00e9 Prahy<\/strong><br \/>\r\n<\/span><span class=\"CharOverride-5\">O\u00a0v\u00edce ne\u017e rok pozd\u011bji, 18.&nbsp;listopadu 1884, vydal rakousk\u00fd c\u00edsa\u0159 z\u00e1kon, kter\u00fdm vylou\u010dil spojen\u00e9 obce Hole\u0161ovice-Bubny z\u00a0p\u016fsobnosti okresn\u00edho zastupitelstva karl\u00ednsk\u00e9ho a\u00a0p\u0159i\u010dlenil je ke kr\u00e1lovsk\u00e9mu hlavn\u00edmu m\u011bstu Praze. Z\u00e1kon ve\u0161el v\u00a0platnost 12.&nbsp;prosince t\u00e9ho\u017e roku. V\u00a0ned\u011bli 14.&nbsp;prosince 1884 prob\u011bhla velk\u00e1 oslava p\u0159ipojen\u00ed. Akt\u00e9\u0159i slavnosti se nejprve se\u0161li na pra\u017esk\u00e9 radnici, odkud pot\u00e9 vyrazili sm\u011brem k\u00a0Bubn\u016fm. V\u00a0prvn\u00edm voze sed\u011bl tehdej\u0161\u00ed prim\u00e1tor Prahy dr. Tom\u00e1\u0161 \u010cern\u00fd s\u00a0posledn\u00edm starostou Hole\u0161ovic-Bubn\u016f Josefem Bukovsk\u00fdm, v\u00a0dal\u0161\u00edm ko\u010d\u00e1\u0159e pak starosta Bubn\u016f \u010cen\u011bk Bure\u0161 s\u00a0n\u00e1m\u011bstkem prim\u00e1tora Ferdinandem Vali\u0161em. Slavnosti samotn\u00e9 se z\u00fa\u010dastnili i\u00a0z\u00e1stupci okoln\u00edch samostatn\u00fdch m\u011bst \u017di\u017ekova, Karl\u00edna, Kr\u00e1lovsk\u00fdch Vinohrad ad., pra\u017esk\u00fd sv\u011bt\u00edc\u00ed biskup Karel Schwarz nebo \u010dlenov\u00e9 pra\u017esk\u00e9ho zastupitelstva. Z\u0159ejm\u011b nejv\u00fdznamn\u011bj\u0161\u00edm hostem byl nejvy\u0161\u0161\u00ed mar\u0161\u00e1lek Kr\u00e1lovstv\u00ed \u010desk\u00e9ho Ji\u0159\u00ed Lobkowitz. V\u00a0ulic\u00edch jej i\u00a0ostatn\u00ed hosty v\u00edtaly \u0161pal\u00edry nad\u0161en\u00fdch obyvatel nov\u00e9 pra\u017esk\u00e9 \u010dtvrti. Slavnost se samoz\u0159ejm\u011b neobe\u0161la bez projev\u016f p\u0159\u00edtomn\u00fdch politik\u016f. Starosta Hole\u0161ovic Bukovsk\u00fd symbolicky p\u0159edal prim\u00e1torovi \u010cern\u00e9mu star\u00e1 privilegia obce <\/span><span class=\"CharOverride-5\">a\u00a0obr\u00e1til se na n\u011bj ve sv\u00e9m projevu, kter\u00fd zakon\u010dil slovy: \u201eOpou\u0161t\u00edm s\u00a0pocitem bla\u017een\u00fdm tento sv\u016fj \u00fa\u0159ad a\u00a0vzn\u00e1\u0161\u00edm k\u00a0v\u00e1m, slovutn\u00fd pane prim\u00e1tore m\u011bst pra\u017esk\u00fdch, jedinou a\u00a0kone\u010dnou prosbu, abyste v\u00a0budoucnosti bedliv\u011b a\u00a0starostliv\u011b chr\u00e1nil a\u00a0opatroval obec hole\u0161ovicko-bubenskou. Za veden\u00ed spr\u00e1vy kr\u00e1lovskou Prahou nech\u0165 v\u00a0brzku mohutn\u011b rozkvete obec Hole\u0161ovice-Bubny ku sl\u00e1v\u011b a\u00a0lesku na\u0161\u00ed zlat\u00e9 slovansk\u00e9 Prahy.\u201c <\/span><\/p>\r\n<p class=\"Z-kladn--odstavec ParaOverride-2\"><span class=\"CharOverride-5\">S\u00a0odstupem t\u0159in\u00e1cti a\u00a0p\u016fl dek\u00e1dy snad m\u016f\u017eeme konstatovat, \u017ee p\u0159\u00e1n\u00ed, kter\u00e1 vyslovil posledn\u00ed starosta samostatn\u00fdch Hole\u0161ovic Josef Bukovsk\u00fd, se poda\u0159ilo splnit. Prakticky ihned po p\u0159ipojen\u00ed za\u010d\u00ednaj\u00ed do Hole\u0161ovic-Bubn\u016f sm\u011b\u0159ovat investice a\u00a0vznikaj\u00ed zde z\u00a0hlediska Prahy v\u00fdznamn\u00e9 podniky \u2013 nov\u00e1 plyn\u00e1rna, vodovod, \u00fast\u0159edn\u00ed jatka, hole\u0161ovick\u00fd p\u0159\u00edstav apod. Ve dvacetilet\u00ed po p\u0159ipojen\u00ed byla vytvo\u0159ena s\u00ed\u0165 zdej\u0161\u00edch \u0161kol, kter\u00e1 je v\u00a0provozu dodnes. V\u00fdstavi\u0161t\u011b v\u00a0Buben\u010di sem prost\u0159ednictv\u00edm velk\u00fdch v\u00fdstav p\u0159it\u00e1hlo pozornost cel\u00fdch \u010cech. Zat\u00edmco dal\u0161\u00ed dosud samostatn\u00e1 m\u011bsta \u201eza branami Prahy\u201c se a\u017e do po\u010d\u00e1tku dvac\u00e1t\u00fdch let 20.&nbsp;stolet\u00ed integraci sve\u0159ep\u011b br\u00e1nila, Hole\u0161ovice-Bubny tehdy u\u017e\u00edvaly v\u00fdhod p\u0159\u00edslu\u0161nosti k\u00a0hlavn\u00edmu m\u011bstu ji\u017e skoro \u010dty\u0159i des\u00edtky let. <\/span><\/p>\r\n<p><a href=\"https:\/\/www.praha7.cz\/vsechno-nejlepsi-praho-7-ii\/02-dr-tom%e2%80%a0a-%c2%a8ernz-prim%e2%80%a0tor-prahy\/\" rel=\"attachment wp-att-31502\"><img loading=\"lazy\" src=\"https:\/\/www.praha7.cz\/wp-content\/uploads\/2019\/11\/02-Dr.-Tom\u2020\u00c1-\u00a8ern\u017e-prim\u2020tor-Prahy-765x1000.jpg\" alt=\"\" width=\"640\" height=\"837\" class=\"alignnone size-large wp-image-31502\" srcset=\"https:\/\/www.praha7.cz\/wp-content\/uploads\/2019\/11\/02-Dr.-Tom\u2020\u00c1-\u00a8ern\u017e-prim\u2020tor-Prahy-765x1000.jpg 765w, https:\/\/www.praha7.cz\/wp-content\/uploads\/2019\/11\/02-Dr.-Tom\u2020\u00c1-\u00a8ern\u017e-prim\u2020tor-Prahy-306x400.jpg 306w, https:\/\/www.praha7.cz\/wp-content\/uploads\/2019\/11\/02-Dr.-Tom\u2020\u00c1-\u00a8ern\u017e-prim\u2020tor-Prahy-768x1004.jpg 768w, https:\/\/www.praha7.cz\/wp-content\/uploads\/2019\/11\/02-Dr.-Tom\u2020\u00c1-\u00a8ern\u017e-prim\u2020tor-Prahy.jpg 1142w\" sizes=\"(max-width: 640px) 100vw, 640px\" \/><\/a><br \/>\r\n<em>Prim\u00e1tor dr. Tom\u00e1\u0161 \u010cern\u00fd (1840\u20131909), b\u011bhem jeho\u017e funk\u010dn\u00edho obdob\u00ed (1882\u20131885) do\u0161lo ke\u00a0vzniku Prahy&nbsp;7<\/em><br \/>\r\n<br \/>\r\n<\/p>\r\n<\/div>","protected":false},"excerpt":{"rendered":"[perex] V\u00a0druh\u00e9 polovin\u011b 19.&nbsp;stolet\u00ed proch\u00e1z\u00ed na\u0161e zem\u011b velk\u00fdmi zm\u011bnami. Emancipuj\u00edc\u00ed se n\u00e1rod \u010cech\u016f nab\u00fdv\u00e1 na s\u00edle, pr\u016fmyslov\u00e1 revoluce je v\u00a0pln\u00e9m proudu. M\u011bn\u00ed se i\u00a0charakter Prahy jako metropole zem\u011b. Miz\u00ed st\u0159edov\u011bk\u00e9 hradby, z\u00e1rove\u0148 v\u00a0jej\u00edm bezprost\u0159edn\u00edm sousedstv\u00ed vyr\u016fstaj\u00ed v\u00fdznamn\u00e1, dosud nez\u00e1visl\u00e1 m\u011bsta \u2013 Kr\u00e1lovsk\u00e9 Vinohrady, Karl\u00edn, \u017di\u017ekov, Sm\u00edchov a\u00a0v\u00a0neposledn\u00ed \u0159ad\u011b i\u00a0Hole\u0161ovice-Bubny. Na po\u010d\u00e1tku osmdes\u00e1t\u00fdch let 19.&nbsp;stolet\u00ed tak [&hellip;]","protected":false},"author":76,"featured_media":31499,"comment_status":"closed","ping_status":"open","sticky":false,"template":"","format":"standard","meta":[],"categories":[37],"tags":[],"_links":{"self":[{"href":"https:\/\/www.praha7.cz\/api\/wp\/v2\/posts\/31498"}],"collection":[{"href":"https:\/\/www.praha7.cz\/api\/wp\/v2\/posts"}],"about":[{"href":"https:\/\/www.praha7.cz\/api\/wp\/v2\/types\/post"}],"author":[{"embeddable":true,"href":"https:\/\/www.praha7.cz\/api\/wp\/v2\/users\/76"}],"replies":[{"embeddable":true,"href":"https:\/\/www.praha7.cz\/api\/wp\/v2\/comments?post=31498"}],"version-history":[{"count":4,"href":"https:\/\/www.praha7.cz\/api\/wp\/v2\/posts\/31498\/revisions"}],"predecessor-version":[{"id":31506,"href":"https:\/\/www.praha7.cz\/api\/wp\/v2\/posts\/31498\/revisions\/31506"}],"wp:featuredmedia":[{"embeddable":true,"href":"https:\/\/www.praha7.cz\/api\/wp\/v2\/media\/31499"}],"wp:attachment":[{"href":"https:\/\/www.praha7.cz\/api\/wp\/v2\/media?parent=31498"}],"wp:term":[{"taxonomy":"category","embeddable":true,"href":"https:\/\/www.praha7.cz\/api\/wp\/v2\/categories?post=31498"},{"taxonomy":"post_tag","embeddable":true,"href":"https:\/\/www.praha7.cz\/api\/wp\/v2\/tags?post=31498"}],"curies":[{"name":"wp","href":"https:\/\/api.w.org\/{rel}","templated":true}]}}