    
{"id":31489,"date":"2019-11-22T14:30:28","date_gmt":"2019-11-22T13:30:28","guid":{"rendered":"https:\/\/www.praha7.cz\/?p=31489"},"modified":"2019-11-25T11:47:30","modified_gmt":"2019-11-25T10:47:30","slug":"utect-bylo-lepsi-nez-zustat","status":"publish","type":"post","link":"https:\/\/www.praha7.cz\/utect-bylo-lepsi-nez-zustat\/","title":{"rendered":"Ut\u00e9ct bylo lep\u0161\u00ed ne\u017e z\u016fstat"},"content":{"rendered":"<p class=\"Norm-ln-\"><span class=\"CharOverride-32\">[perex]<\/span><\/p>\r\n<p class=\"Norm-ln-\"><span class=\"CharOverride-32\">N\u00edzk\u00fd stolek v\u00a0ob\u00fdv\u00e1ku zdob\u00ed ornament\u00e1ln\u011b uv\u00e1zan\u00fd r\u016f\u017eov\u00fd ubrus, na n\u011bm jsou su\u0161enky a\u00a0\u010daj. Orient\u00e1ln\u00ed je toto poho\u0161t\u011bn\u00ed v\u0161ak jen svou formou, jinak <\/span><span class=\"CharOverride-32\">m\u00e1 evropsk\u00fd obsah: \u010daj i\u00a0sladk\u00e9 jsou z\u00a0\u010desk\u00fdch obchod\u016f, stejn\u011b jako termoska a\u00a0hrne\u010dky. O\u00a0v\u00fdhledu na Stromovku nemluv\u011b. Nevypad\u00e1 takhle funguj\u00edc\u00ed sou\u017eit\u00ed kultur? Amira a\u00a0jej\u00ed man\u017eel Abdulsallam al-Hariri p\u0159i\u0161li spolu se sv\u00fdmi p\u011bti d\u011btmi do \u010ceska v\u00a0roce 2015. D\u00edky iniciativ\u011b N\u00e1rodn\u00edho p\u0159esidlovac\u00edho programu byli u\u0161et\u0159eni nebezpe\u010dn\u00e9 cesty do Evropy p\u0159es mo\u0159e a\u00a0pa\u0161er\u00e1ck\u00e9 stezky. Rok pot\u00e9 tu rodina z\u00edskala azyl a\u00a0p\u0159est\u011bhovala se na Sedmi\u010dku, kde se jim narodilo \u0161est\u00e9 d\u00edt\u011b.<\/span><\/p>\r\n<p>[\/perex]<\/p>\r\n<div id=\"_idContainer240\" class=\"Z-kladn--textov\u00fd-r-me\u010dek\">\r\n<p class=\"Z-kladn--odstavec ParaOverride-10\"><strong>Za jak\u00fdch okolnost\u00ed jste opou\u0161t\u011bli S\u00fdrii?<\/strong><br \/>\r\n<strong><span class=\"CharOverride-1\">Amira:<\/span><\/strong><span class=\"CharOverride-5\"> Na\u0161e vesnice Busr al-Har\u00edr byla p\u0159ed v\u00e1lkou velmi kr\u00e1sn\u00e1, jen kvetla. Byla tam spousta obchod\u016f a\u00a0\u0161kol. Lid\u00e9 se \u017eivili hlavn\u011b zem\u011bd\u011blstv\u00edm. Pak ale p\u0159i\u0161la v\u00e1lka. U\u00a0n\u00e1s v\u00a0okol\u00ed byly boje velice intenzivn\u00ed, a\u00a0kdy\u017e se p\u0159ibl\u00ed\u017eily k\u00a0na\u0161\u00ed vesnici, do\u0161lo n\u00e1m, \u017ee mus\u00edme odej\u00edt. Te\u010f je skoro v\u0161echno zni\u010den\u00e9.<br \/>\r\n<\/span><strong><span class=\"CharOverride-1\">Abdulsallam:<\/span><\/strong><span class=\"CharOverride-5\"> Nejt\u011b\u017e\u0161\u00ed bylo opustit vlast a\u00a0\u0161ir\u0161\u00ed rodinu. Arabsk\u00e1 rodina je velmi soudr\u017en\u00e1 a\u00a0spole\u010densk\u00e1. Ze S\u00fdrie jsme utekli do Jord\u00e1nska, kde jsme byli t\u0159i m\u011bs\u00edce v\u00a0uprchlick\u00e9m t\u00e1bo\u0159e Z\u00e1tar\u00ed. Pot\u00e9 jsme \u0161li do dal\u0161\u00edho jord\u00e1nsk\u00e9ho m\u011bsta az-Zarqa, kde jsme z\u016fstali dva roky a\u00a0t\u0159i m\u011bs\u00edce. Nakonec jsme se p\u0159esunuli do m\u011bsta Irbid.<\/span><\/p>\r\n<\/div>\r\n<div id=\"_idContainer242\" class=\"_idGenObjectStyleOverride-1\">\r\n<p class=\"Normal ParaOverride-13\"><strong><span class=\"CharOverride-1\">A\u00a0tam k\u00a0v\u00e1m p\u0159i\u0161la nab\u00eddka od N\u00e1rodn\u00edho p\u0159esidlovac\u00edho programu?<\/span><\/strong><span class=\"CharOverride-5\"><br \/>\r\n<\/span><strong><span class=\"CharOverride-1\">Abdulsallam:<\/span><\/strong><span class=\"CharOverride-5\"> Od \u00da\u0159adu Vysok\u00e9ho komisa\u0159e OSN pro uprchl\u00edky (UNHCR) n\u00e1m p\u0159i\u0161la nab\u00eddka k\u00a0vycestov\u00e1n\u00ed, ale \u010dekali jsme pak na n\u011bj rok a\u00a0p\u016fl. B\u011bhem t\u00e9to doby jsme chodili na r\u016fzn\u00e9 pohovory. Nev\u011bd\u011bli jsme, do jak\u00e9 zem\u011b p\u016fjdeme. Jeden \u010das byla ve h\u0159e Velk\u00e1 Brit\u00e1nie. A\u017e m\u011bs\u00edc p\u0159ed cestou se s\u00a0n\u00e1mi spojili a\u00a0nab\u00eddli n\u00e1m \u010ceskou republiku. Souhlasili jsme. T\u00fdden p\u0159ed cestou jsme se dozv\u011bd\u011bli, \u017ee jsme byli za\u0159azeni i\u00a0do zdravotnick\u00e9ho programu Medevac.<\/span><\/p>\r\n<p class=\"Normal ParaOverride-13\"><span class=\"CharOverride-1\"><strong>V\u011bd\u011bli jste n\u011bco o\u00a0\u010cesku a\u00a0zva\u017eovali jste to, nebo jste prost\u011b cht\u011bli pry\u010d, a\u0165 by to bylo kamkoli?<\/strong><br \/>\r\n<strong>Amira:<\/strong><\/span><span class=\"CharOverride-5\"> Cht\u011bli jsme pry\u010d. O\u00a0\u010cesku jsme nev\u011bd\u011bli nic. N\u011bkte\u0159\u00ed Sy\u0159an\u00e9 ob\u010das o\u00a0\u010cesku nebo \u010ceskoslovensku n\u011bco v\u011bd\u00ed, ale my jsme tu zemi znali maxim\u00e1ln\u011b ze zpr\u00e1v o\u00a0po\u010das\u00ed. <br \/>\r\n<\/span><strong><span class=\"CharOverride-1\">Abdulsallam:<\/span><\/strong><span class=\"CharOverride-5\"> Poch\u00e1z\u00edme z\u00a0vesnice, kde se v\u011bt\u0161ina lid\u00ed \u017eivila zem\u011bd\u011blstv\u00edm a\u00a0obchodem. O\u00a0d\u011bn\u00ed ve sv\u011bt\u011b se lid\u00e9 <\/span><span class=\"CharOverride-5\">u\u00a0n\u00e1s moc nezaj\u00edmali. <\/span><\/p>\r\n<p class=\"Normal ParaOverride-13\"><span class=\"CharOverride-1\"><strong>Jak\u00fd jste vedli v\u00a0S\u00fdrii \u017eivot?<\/strong><br \/>\r\n<strong>Abdulsallam:<\/strong><\/span><span class=\"CharOverride-5\"> P\u0159ed v\u00e1lkou velice \u0161\u0165astn\u00fd. \u017dili jsme spole\u010densky, ka\u017ed\u00fd den jsme m\u011bli rodinnou n\u00e1v\u0161t\u011bvu, slavili jsme spole\u010dn\u011b svatby, chodili na poh\u0159by. Na\u0161e vesnice m\u011bla p\u0159ibli\u017en\u011b 23 tis\u00edc obyvatel a\u00a0skoro v\u0161ichni jsme byli z\u00a0rodu al-Hariri. Kdy\u017e jsme nava\u0159ili v\u00edc j\u00eddla, ne\u017e jsme dok\u00e1zali sn\u00edst, odnesli jsme ho soused\u016fm. Oni to d\u011blali podobn\u011b.<br \/>\r\n<\/span><strong><span class=\"CharOverride-1\">Amira:<\/span><\/strong><span class=\"CharOverride-5\"> M\u016fj man\u017eel pracoval i\u00a0navzdory sv\u00e9 cukrovce. Zd\u011bdil po sv\u00e9m otci velkoobchod s\u00a0k\u00e1vou a\u00a0o\u0159\u00ed\u0161ky, z\u00a0n\u011bj\u017e z\u00e1soboval mal\u00e9 obchody. Man\u017eelova maminka s\u00a0n\u00e1mi bydlela a\u00a0pom\u00e1hala s\u00a0v\u00fdchovou d\u011bt\u00ed. J\u00e1 jsem byla tak\u00e9 doma. Vd\u00e1vala jsem se v\u00a0osmn\u00e1cti a\u00a0hned jsem m\u011bla d\u011bti. Jinak r\u00e1da \u0161iju, d\u011bl\u00e1m dom\u00e1c\u00ed pr\u00e1ce nebo si n\u011bco p\u00ed\u0161u \u2013 ale jen pro sebe. M\u016fj man\u017eel m\u011bl zase v\u017edy podnikav\u00e9ho ducha, radil i\u00a0ostatn\u00edm, kdy\u017e cht\u011bli za\u010d\u00edt podnikat. Kdy\u017e vypukla v\u00e1lka, ob\u011b nejstar\u0161\u00ed d\u011bti zrovna za\u010daly chodit do \u0161koly. Tehdy zjistili druh\u00e9mu synovi Montaserovi probl\u00e9m se srdcem. \u010cekala jsem t\u0159et\u00ed d\u00edt\u011b a\u00a0musela jsem se synem na operaci do Dama\u0161ku. To je asi jako cesta z\u00a0Prahy do Brna. Cestovala jsem sama, proto\u017ee bezpe\u010dnostn\u00ed situace u\u017e nebyla dobr\u00e1 a\u00a0mu\u017ei mohli m\u00edt na checkpointech probl\u00e9my. Jsme z\u00a0provincie Daraa, kde boje za\u010daly, <\/span><span class=\"CharOverride-5\">a\u00a0ka\u017ed\u00fd cestuj\u00edc\u00ed mu\u017e tu byl podez\u0159el\u00fd. Mohli by n\u00e1s zadr\u017eet i\u00a0na dva dny. Syn nakonec podstoupil dv\u011b operace a\u00a0ob\u011b byly \u00fasp\u011b\u0161n\u00e9. Potom u\u017e se v\u00e1lka rozho\u0159ela naplno. <\/span><\/p>\r\n<p class=\"Normal ParaOverride-13\"><span class=\"CharOverride-1\"><strong>Jak zas\u00e1hla v\u00e1lka va\u0161e m\u011bsto, nebo podle va\u0161ich m\u011b\u0159\u00edtek vesnici, Busr al-Har\u00edr?<\/strong><br \/>\r\n<strong>Amira:<\/strong><\/span><span class=\"CharOverride-5\"> Na\u0161e provincie Daraa byla prvn\u00ed, kde nepokoje vypukly. Dnes je 90 procent na\u0161\u00ed vesnice zni\u010deno. <\/span><span class=\"CharOverride-5\"><br \/>\r\n<\/span><strong><span class=\"CharOverride-1\">Abdulsallam:<\/span><\/strong><span class=\"CharOverride-5\"> Na to datum nezapomenu: 13.&nbsp;3<\/span><span class=\"CharOverride-5\">. 2013. Utekli jsme do Jord\u00e1nska. Nejprve jsme jeli autem, abychom se p\u0159ibl\u00ed\u017eili k\u00a0jord\u00e1nsk\u00fdm hranic\u00edm asi na dva kilometry. Potom jsme pokra\u010dovali ileg\u00e1ln\u00ed stezkou, a\u017e jsme do\u0161li na jord\u00e1nskou policejn\u00ed stanici. Tam jsme se vzdali. Policist\u00e9 m\u011bli velk\u00e9 pochopen\u00ed a\u00a0pomohli n\u00e1m. Vzali si na\u0161e ob\u010dansk\u00e9 pr\u016fkazy a\u00a0rodinn\u00e9 karty, nalo\u017eili n\u00e1s do autobusu a\u00a0odvezli do t\u00e1bora Z\u00e1tar\u00ed.<\/span><\/p>\r\n<p class=\"Normal\"><strong><span class=\"CharOverride-1\">Tak\u017ee jste neut\u00edkali sami?<br \/>\r\n<\/span><span class=\"CharOverride-1\">Abdulsallam:<\/span><\/strong><span class=\"CharOverride-5\"> V\u00a0podstat\u011b utekla cel\u00e1 vesnice. Z\u00a0na\u0161\u00ed 23tis\u00edcov\u00e9 vesnice ode\u0161lo 18 tis\u00edc lid\u00ed.<\/span><\/p>\r\n<p class=\"Normal ParaOverride-14\"><span class=\"CharOverride-1\"><strong>Jak se p\u0159i takov\u00e9m \u00fat\u011bku c\u00edt\u00ed rodi\u010de mal\u00fdch d\u011bt\u00ed?<\/strong><br \/>\r\n<strong>Amira:<\/strong><\/span><span class=\"CharOverride-5\"> Odej\u00edt bylo v\u00a0tu chv\u00edli snaz\u0161\u00ed ne\u017e tam z\u016fstat. Samoz\u0159ejm\u011b, nemoc m\u00e9ho man\u017eela fyzicky limitovala. J\u00e1 jsem zase nesla ta\u0161ky s\u00a0oble\u010den\u00edm, kter\u00e9 jsem ale po cest\u011b odhodila, abychom mohli j\u00edt rychleji. Ut\u00e9ct v\u0161ak bylo lep\u0161\u00ed ne\u017e \u017e\u00edt d\u00e1l ve v\u00e1lce.<br \/>\r\n<\/span><strong><span class=\"CharOverride-1\">Abdulsallam:<\/span><\/strong><span class=\"CharOverride-5\"> \u2026 lep\u0161\u00ed ne\u017e za\u017e\u00edvat dal\u0161\u00ed bombardov\u00e1n\u00ed. To jsme se museli v\u017edycky schovat <\/span><span class=\"CharOverride-5\">a\u00a0kolem n\u00e1s l\u00e9taly bomby. To rad\u0161i pry\u010d.<\/span><\/p>\r\n<p class=\"Normal ParaOverride-13\"><span class=\"CharOverride-1\"><strong>Jak\u00fd byl \u017eivot v\u00a0uprchlick\u00e9m t\u00e1bo\u0159e? Nebyl sv\u011bt na za\u010d\u00e1tku syrsk\u00e9ho konfliktu k\u00a0syrsk\u00fdm uprchl\u00edk\u016fm vn\u00edmav\u011bj\u0161\u00ed?<\/strong><br \/>\r\n<strong>Abdulsallam:<\/strong><\/span><span class=\"CharOverride-5\"> Zpo\u010d\u00e1tku to bylo velmi t\u011b\u017ek\u00e9. V\u00a0t\u00e1bo\u0159e byl nedostatek vody a\u00a0p\u0159ikr\u00fdvek, tak\u017ee lid\u00e9, kte\u0159\u00ed p\u0159i\u0161li v\u00a0zim\u011b, museli sp\u00e1t jen tak na zemi nep\u0159ikryt\u00ed. Po n\u011bjak\u00e9m \u010dase se situace zlep\u0161ila, proto\u017ee za\u010daly pom\u00e1hat mezin\u00e1rodn\u00ed organizace. Ale pomoc to byla nedostate\u010dn\u00e1, velice jednoduch\u00e1. I\u00a0j\u00eddla bylo m\u00e1lo. V\u00a0t\u00e1bo\u0159e n\u00e1s bylo hodn\u011b uprchl\u00edk\u016f ze S\u00fdrie. Stany, v\u00a0nich\u017e jsme bydleli, byly nekvalitn\u00ed. L\u00e1tka byla velice slab\u00e1 a\u00a0ho\u0159lav\u00e1. St\u00e1valo se, \u017ee p\u0159i va\u0159en\u00ed stan vzpl\u00e1l. V\u00edm nejm\u00e9n\u011b o\u00a0\u010dty\u0159ech p\u0159\u00edpadech, kdy lid\u00e9 v\u00a0t\u00e1bo\u0159e takto uho\u0159eli. Potom za\u010dali pro bydlen\u00ed p\u0159istavovat rad\u011bji kontejnery. V\u00a0jednom stanu nebo kontejneru bydlela v\u017edy jedna rodina.<\/span><\/p>\r\n<p><a href=\"https:\/\/www.praha7.cz\/utect-bylo-lepsi-nez-zustat\/rozhovor1\/\" rel=\"attachment wp-att-31495\"><img loading=\"lazy\" src=\"https:\/\/www.praha7.cz\/wp-content\/uploads\/2019\/11\/rozhovor1-667x1000.jpg\" alt=\"\" width=\"640\" height=\"960\" class=\"alignnone size-large wp-image-31495\" srcset=\"https:\/\/www.praha7.cz\/wp-content\/uploads\/2019\/11\/rozhovor1-667x1000.jpg 667w, https:\/\/www.praha7.cz\/wp-content\/uploads\/2019\/11\/rozhovor1-267x400.jpg 267w, https:\/\/www.praha7.cz\/wp-content\/uploads\/2019\/11\/rozhovor1-768x1152.jpg 768w, https:\/\/www.praha7.cz\/wp-content\/uploads\/2019\/11\/rozhovor1.jpg 1399w\" sizes=\"(max-width: 640px) 100vw, 640px\" \/><\/a><\/p>\r\n<p class=\"Normal ParaOverride-13\"><span class=\"CharOverride-1\"><strong>Jak\u00e9 byly va\u0161e prvn\u00ed dojmy z\u00a0\u010ceska?<\/strong><br \/>\r\n<\/span><strong><span class=\"CharOverride-1\">Abdulsallam:<\/span><\/strong><span class=\"CharOverride-5\"> Up\u0159\u00edmn\u011b, velice jsme se \u010ceska b\u00e1li. Ne kv\u016fli zemi nebo zdej\u0161\u00ed spole\u010dnosti, ale kv\u016fli varov\u00e1n\u00ed od Arab\u016f, kte\u0159\u00ed zde u\u017e \u017eili. Na\u0161t\u011bst\u00ed to nebyla pravda. Varovali n\u00e1s, \u017ee \u010cesko je rasistick\u00e1 a\u00a0chud\u00e1 zem\u011b a\u00a0\u017ee tu nebudeme \u0161\u0165astni. Ale d\u00edkybohu jsme to tu \u010dasem poznali, zvykli si a\u00a0po n\u011bjak\u00e9 dob\u011b se integrovali. Poznali jsme sousedy, na\u0161li si p\u0159\u00e1tele <\/span><span class=\"CharOverride-5\">a\u00a0bylo to v\u00a0pohod\u011b. \u017dijeme tu jako jac\u00edkoli jin\u00ed \u010ce\u0161i. Nejd\u016fle\u017eit\u011bj\u0161\u00ed pro n\u00e1s je to, \u017ee jsme tu v\u00a0bezpe\u010d\u00ed. St\u00e1t n\u00e1m dal v\u0161echno, na co jsme jako uprchl\u00edci m\u011bli pr\u00e1vo, a\u00a0pom\u00e1h\u00e1 n\u00e1m, jako kdybychom byli b\u011b\u017en\u00ed \u010ce\u0161i. P\u0159\u00e1tel\u00e9 cizinci mi \u0159\u00edkali, \u017ee aklimatizace tu trv\u00e1 minim\u00e1ln\u011b 10 let. My jsme tu te\u010f \u010dty\u0159i roky a\u00a0j\u00e1 u\u017e se c\u00edt\u00edm docela integrovan\u00fd. Pokud by se situace v\u00a0S\u00fdrii zlep\u0161ila, u\u017e ani nebudu schopn\u00fd se tam vr\u00e1tit. U\u017e si nedok\u00e1\u017eu p\u0159edstavit, \u017ee bych odsud odch\u00e1zel.<br \/>\r\n<\/span><strong><span class=\"CharOverride-1\">Amira:<\/span><\/strong><span class=\"CharOverride-5\"> Pro m\u011b jsou d\u016fle\u017eit\u00e9 d\u011bti a\u00a0jejich \u0161kola. Na\u0161e d\u011bti chod\u00ed do\u00a0\u010desk\u00e9 \u0161koly v\u00a0Praze 7. Zpo\u010d\u00e1tku m\u011bly tlumo\u010dn\u00edka z\u00a0organizace Meta, te\u010f u\u017e \u0161kolu zvl\u00e1daj\u00ed samy. Do \u0161koly chodily i\u00a0v\u00a0Jord\u00e1nsku, ale tady je to samoz\u0159ejm\u011b lep\u0161\u00ed. I\u00a0co se zdravotn\u00edho stavu man\u017eela t\u00fd\u010de. V\u00a0Jord\u00e1nsku b\u00fdval hodn\u011b unaven\u00fd, tady pook\u0159\u00e1l. C\u00edt\u00edm se tu u\u017e usazen\u00e1.<\/span><\/p>\r\n<p class=\"Normal ParaOverride-13\"><span class=\"CharOverride-1\"><strong>Ze za\u010d\u00e1tku jste se tak\u00e9 b\u00e1la?<\/strong><br \/>\r\n<strong>Amira<\/strong><\/span><span class=\"CharOverride-5\"> (odpov\u00edd\u00e1 \u010d\u00e1ste\u010dn\u011b \u010desky): Ano, proto\u017ee jsem na Youtube vid\u011bla r\u016fzn\u00e1 videa, kde se \u0159\u00edkalo, jak\u00fd tu je rasismus, \u017ee tu nemaj\u00ed r\u00e1di muslimy. Ale my jsme tu potkali velice mil\u00e9 lidi, kte\u0159\u00ed se ujali m\u011b i\u00a0m\u00fdch \u0161esti d\u011bt\u00ed. Neboj\u00edm se tu a\u00a0c\u00edt\u00edm se tu jako doma.<\/span><\/p>\r\n<p class=\"Normal ParaOverride-13\"><span class=\"CharOverride-1\"><strong>P\u0159ed v\u00e1lkou b\u00fdvala S\u00fdrie velice multikulturn\u00ed a\u00a0mnohon\u00e1bo\u017eenskou zem\u00ed, co\u017e se s\u00a0\u010ceskem ned\u00e1 srovn\u00e1vat. \u0158e\u0161ili jste to, \u017ee jdete do zem\u011b s\u00a0jinou, homogenn\u011bj\u0161\u00ed kulturou?<\/strong> <br \/>\r\n<strong>Abdulsallam:<\/strong><\/span><span class=\"CharOverride-5\"> Je p\u0159irozen\u00e9, \u017ee \u010dlov\u011bk poci\u0165uje strach ze spole\u010dnosti s\u00a0jin\u00fdm n\u00e1bo\u017eenstv\u00edm, kulturou, jazykem, stylem \u017eivota. Kdy\u017e jsme <\/span><span class=\"CharOverride-5\">sem p\u0159i\u0161li, bydleli jsme na ubytovn\u011b v\u00a0Praze <\/span><span class=\"CharOverride-5\">8 a\u00a0d\u011bti za\u010daly chodit do \u0161koly na Strossmayerov\u011b n\u00e1m\u011bst\u00ed. Kdy\u017e jsem je poprv\u00e9 odvedl do \u0161koly, nad\u0161en\u011b jsem vypr\u00e1v\u011bl p\u0159\u00e1tel\u016fm, jak jsem to zvl\u00e1dl \u2013 odv\u00e9zt tramvaj\u00ed, p\u0159edat ve \u0161kole. V\u0161echny jsem pozdravil dobr\u00fd den a\u00a0dobr\u00e9 r\u00e1no. V\u016fbec kdykoli jsme se nau\u010dili n\u011bjak\u00e9 nov\u00e9 slov\u00ed\u010dko, b\u011b\u017eeli jsme ho v\u00a0t\u00e9 ubytovn\u011b vyzkou\u0161et na vr\u00e1tnici. <\/span><em><span class=\"CharOverride-34\">Do rozhovoru vstupuj\u00ed t\u0159i prost\u0159edn\u00ed d\u011bti. Plynnou \u010de\u0161tinou bez p\u0159\u00edzvuku si pochvaluj\u00ed svoji \u201e\u0161kolu na \u0160trosu\u201c, kde pr\u00fd maj\u00ed r\u00e1dy hlavn\u011b t\u011blocvik. Chlapci chod\u00ed po \u0161kole sledovat a\u00a0sami zkou\u0161et parkour na Vltavskou<\/span><span class=\"CharOverride-5\">.<\/span><\/em><\/p>\r\n<p class=\"Normal ParaOverride-13\"><span class=\"CharOverride-1\"><strong>Jak se u\u010d\u00edte \u010desky?<\/strong><br \/>\r\n<strong>Amira:<\/strong><\/span><span class=\"CharOverride-5\"> Te\u010f m\u00e1me soukrom\u00fd kurz jednou t\u00fddn\u011b tady u\u00a0n\u00e1s doma. <br \/>\r\n<\/span><strong><span class=\"CharOverride-1\">Abdulsallam:<\/span><\/strong><span class=\"CharOverride-5\"> Posledn\u00edho \u010dtvrt roku chodila na kurz pouze \u017eena. J\u00e1 te\u010f pracuju v\u00a0jedn\u00e9 kebab restauraci, tak\u017ee nem\u00e1m \u010das n\u011bkam doch\u00e1zet. Doj\u00ed\u017ed\u00edm denn\u011b do Mod\u0159an. Jsem tam u\u017e p\u016fl roku, p\u0159edt\u00edm jsem pracoval v\u00a0jin\u00e9 restauraci s\u00a0pizzou a\u00a0kebabem.<\/span><\/p>\r\n<p class=\"Normal ParaOverride-13\"><span class=\"CharOverride-1\"><strong>A\u00a0jak se domlouv\u00e1te, kdy\u017e zrovna kolem sebe nem\u00e1te d\u011bti?<\/strong><br \/>\r\n<strong>Amira:<\/strong><\/span><span class=\"CharOverride-5\"> Man\u017eel \u010desky celkem rozum\u00ed, v\u00a0pr\u00e1ci ovl\u00e1d\u00e1 nutnou terminologii. Ale kdy\u017e mluv\u00ed, tak d\u011bl\u00e1 chyby. J\u00e1 rozum\u00edm tak\u00e9 dob\u0159e, domluv\u00edm se se sousedy i\u00a0v\u00a0obchodech, ale st\u00e1le chybuju. V\u00a0n\u011bkter\u00fdch p\u0159\u00edpadech, nap\u0159\u00edklad u\u00a0doktora, se rad\u011bji obrac\u00edm na tlumo\u010dn\u00edka. <\/span><\/p>\r\n<p class=\"Normal ParaOverride-13\"><span class=\"CharOverride-1\"><strong>Jakou tu m\u00e1te \u017eivotn\u00ed \u00farove\u0148 oproti S\u00fdrii?<\/strong> <br \/>\r\n<\/span><strong><span class=\"CharOverride-1\">Abdulsallam:<\/span><\/strong><span class=\"CharOverride-5\"> V\u00a0S\u00fdrii jsme se m\u011bli l\u00e9pe. P\u0159edev\u0161\u00edm jsme tam vlastnili d\u016fm, tak\u017ee jsme nemuseli platit n\u00e1jem. K\u00a0n\u011bmu jsme m\u011bli sad a\u00a0<\/span><span class=\"CharOverride-5\">malou zeleninovou zahradu. J\u00e1 jsem \u0159\u00eddil firmu, k\u00a0n\u00ed\u017e pat\u0159ily dva obchody, m\u011bl jsem zam\u011bstnance. Ale to neznamen\u00e1, \u017ee zdej\u0161\u00ed \u017eivotn\u00ed \u00farove\u0148 je \u0161patn\u00e1. Naopak. S\u00a0m\u00fdm platem v\u00a0kombinaci se st\u00e1tn\u00edm p\u0159\u00edsp\u011bvkem, kter\u00fd dost\u00e1v\u00e1me, dok\u00e1\u017eeme vyj\u00edt. Jedin\u00e9, na co se n\u00e1m pen\u011bz ob\u010das nedost\u00e1v\u00e1, jsou n\u00e1klady na \u0161koln\u00ed pot\u0159eby na\u0161ich d\u011bt\u00ed. D\u011bt\u00ed je hodn\u011b a\u00a0v\u011bci do \u0161koly jsou n\u011bkdy drah\u00e9. Ale nest\u011b\u017eujeme si. Jen tu \u0159e\u0161\u00edme ot\u00e1zku bydlen\u00ed. M\u00e1me \u0161est d\u011bt\u00ed a\u00a0n\u00e1\u0161 byt m\u00e1 70 metr\u016f \u010dtvere\u010dn\u00edch. Hled\u00e1me a\u00a0pt\u00e1me se, jestli by n\u011bkde nebylo n\u011bco v\u011bt\u0161\u00edho\u2026<br \/>\r\n<\/span><strong><span class=\"CharOverride-1\">Amira:<\/span><\/strong><span class=\"CharOverride-5\"> \u2026 ale m\u00e1me to r\u00e1di tady v\u00a0Praze 7. M\u00e1me tu kamar\u00e1dy, dobr\u00e9 sousedsk\u00e9 vztahy, d\u011bti jsou ve \u0161kole spokojen\u00e9. Neradi bychom to tu opou\u0161t\u011bli.<\/span><\/p>\r\n<p class=\"Normal ParaOverride-13\"><span class=\"CharOverride-1\"><strong>M\u00e1te tu n\u011bjak\u00e9 obl\u00edben\u00e9 m\u00edsto?<\/strong><br \/>\r\n<strong>Amira:<\/strong><\/span><span class=\"CharOverride-5\"> J\u00e1 r\u00e1da chod\u00edm do centra m\u011bsta. Stromovku a\u00a0Letnou maj\u00ed zase r\u00e1dy na\u0161e d\u011bti. V\u0161echno je odsud bl\u00edzko.<\/span><\/p>\r\n<p class=\"Normal ParaOverride-13\"><span class=\"CharOverride-1\"><strong>Bl\u00ed\u017e\u00ed se V\u00e1noce a\u00a0Mikul\u00e1\u0161. V\u00edte n\u011bco o\u00a0zdej\u0161\u00edch v\u00e1no\u010dn\u00edch tradic\u00edch?<\/strong><br \/>\r\n<strong>D\u011bti:<\/strong> <\/span><span class=\"CharOverride-5\">Ve t\u0159\u00edd\u011b m\u00e1me p\u0159ed V\u00e1nocemi bes\u00eddku, kde si d\u00e1v\u00e1me s\u00a0ostatn\u00edmi d\u011btmi d\u00e1rky a\u00a0<\/span><span class=\"CharOverride-5\">rozbalujeme si je tam. <br \/>\r\n<\/span><strong><span class=\"CharOverride-1\">Amira:<\/span><\/strong><span class=\"CharOverride-5\"> Slav\u00edme tu tak\u00e9 sv\u00e9 sv\u00e1tky. Na ramad\u00e1n zveme i\u00a0na\u0161e sousedy nemuslimy. Kdy\u017e slav\u00ed zase oni, pop\u0159ejeme jim a\u00a0d\u00e1me mal\u00fd d\u00e1rek. Bereme to jako upev\u0148ov\u00e1n\u00ed dobr\u00fdch sousedsk\u00fdch vztah\u016f. V\u00edd\u00e1me se i\u00a0s\u00a0n\u011bkolika k\u0159es\u0165ansk\u00fdmi rodinami. Zvou n\u00e1s na setk\u00e1n\u00ed v\u00a0kostele, kde vypr\u00e1v\u00edme o\u00a0sv\u00e9m \u017eivot\u011b, zvyc\u00edch a\u00a0tradic\u00edch. My se jich na jejich n\u00e1bo\u017eenstv\u00ed a\u017e tak nevypt\u00e1v\u00e1me, ale oni jsou zv\u011bdav\u00ed, zaj\u00edm\u00e1 je situace na Bl\u00edzk\u00e9m v\u00fdchod\u011b nebo se ptaj\u00ed na isl\u00e1m. Tak\u00e9 se \u00fa\u010dastn\u00edme jejich oslav, nap\u0159\u00edklad na Velikonoce jsme s\u00a0nimi barvili vaj\u00ed\u010dka.<\/span><\/p>\r\n<p class=\"Normal ParaOverride-13\"><span class=\"CharOverride-1\"><strong>Chod\u00edte tu do me\u0161ity?<\/strong><br \/>\r\n<\/span><span class=\"CharOverride-1\"><strong>Syn Adnan:<\/strong> <\/span><span class=\"CharOverride-5\">J\u00e1 chod\u00edm ka\u017edou sobotu do me\u0161ity na \u010cern\u00fd Most kv\u016fli arab\u0161tin\u011b a\u00a0kamar\u00e1d\u016fm.<\/span><span class=\"CharOverride-5\"><br \/>\r\n<\/span><strong><span class=\"CharOverride-1\">Amira:<\/span><\/strong><span class=\"CharOverride-5\"> Jinak te\u010f nechod\u00edme. Jen b\u011bhem sv\u00e1tk\u016f a\u00a0na ramad\u00e1nov\u00fd iftar (prvn\u00ed j\u00eddlo po ramad\u00e1nov\u00e9m p\u016fstu \u2013 pozn. red.). Mal\u00e9 oslavy pro muslimy se tak\u00e9 d\u011bl\u00e1vaj\u00ed v\u00a0obchodn\u00edm centru Harfa. N\u00e1bo\u017eensk\u00fd \u017eivot ale jinak provozujeme jen doma.<\/span><\/p>\r\n<p class=\"Normal ParaOverride-13\"><span class=\"CharOverride-1\"><strong>Vy chod\u00edte po ulici zahalen\u00e1?<\/strong><br \/>\r\n<\/span><span class=\"CharOverride-1\">Amira:<\/span><span class=\"CharOverride-5\"> Ano. Kdy\u017e jsme p\u0159i\u0161li, b\u00e1la jsem se toho, proto\u017ee m\u011b zdej\u0161\u00ed Arabov\u00e9 varovali. Kamar\u00e1dky mi vypr\u00e1v\u011bly svoji zku\u0161enost, \u017ee pr\u00fd tu muslimky \u010del\u00ed \u00fatok\u016fm a\u00a0nad\u00e1vk\u00e1m. J\u00e1 jsem ale nic takov\u00e9ho neza\u017eila. Jen ob\u010das sly\u0161\u00edm, \u017ee lid\u00e9 moji viz\u00e1\u017e komentuj\u00ed. Ale nem\u00e1m dojem, \u017ee bych tu byla ter\u010dem rasismu. Chod\u00edm norm\u00e1ln\u011b ve\u010der po ulic\u00edch, sama k\u00a0l\u00e9ka\u0159i a\u00a0neboj\u00edm se. Mo\u017en\u00e1 jsme v\u00fdjimka a\u00a0m\u00e1me n\u011bjak\u00fd zvl\u00e1\u0161tn\u00ed magnet. Sp\u00ed\u0161 tu toti\u017e za\u017e\u00edv\u00e1m to dobr\u00e9, lid\u00e9 jsou tu hrozn\u011b mil\u00ed. M\u016fj mu\u017e tu zn\u00e1 hodn\u011b lid\u00ed, m\u00e1me mnoho p\u0159\u00e1tel. Kdy\u017e to \u0159\u00edk\u00e1m sv\u00fdm muslimsk\u00fdm kamar\u00e1dk\u00e1m, tak mi to necht\u011bj\u00ed v\u011b\u0159it. \u0158\u00edkaj\u00ed, \u017ee tohle se d\u011bje jen mn\u011b.<\/span><\/p>\r\n<p class=\"Normal ParaOverride-13\"><span class=\"CharOverride-1\"><strong>Kde se vid\u00edte za deset let?<\/strong><br \/>\r\n<strong>Amira:<\/strong><\/span><span class=\"CharOverride-5\"> Dok\u00e1\u017eu si p\u0159edstavit, \u017ee pojedeme do S\u00fdrie, ale jen na n\u00e1v\u0161t\u011bvu. Nemysl\u00edm, \u017ee <\/span><span class=\"CharOverride-5\">se tam vr\u00e1t\u00edme. A\u017e v\u00e1lka skon\u010d\u00ed, obnova zem\u011b <\/span><span class=\"CharOverride-5\">potrv\u00e1 je\u0161t\u011b dlouho. \u0160kolstv\u00ed a\u00a0zdravotnictv\u00ed bude po\u0159\u00e1d lep\u0161\u00ed tady.<br \/>\r\n<\/span><strong><span class=\"CharOverride-1\">Abdulsallam:<\/span><\/strong><span class=\"CharOverride-5\"> Na\u0161e d\u011bti chod\u00ed do \u0161koly a\u00a0\u017eij\u00ed tady. U\u017e tu maj\u00ed sv\u016fj \u017eivot a\u00a0my je nem\u016f\u017eeme zase p\u0159est\u011bhovat. P\u0159i\u0161ly sem velmi mal\u00e9 <br \/>\r\na\u00a0je<\/span><span class=\"CharOverride-5\">jich sv\u011bt je jen \u010cesko.<\/span><\/p>\r\n<p class=\"Normal ParaOverride-15\"><span class=\"CharOverride-1\"><strong>Zaj\u00edmaj\u00ed se tu je\u0161t\u011b lid\u00e9 o\u00a0d\u011bn\u00ed v\u00a0S\u00fdrii, cht\u011bj\u00ed, abyste jim tam\u011bj\u0161\u00ed situaci vysv\u011btlovali?<\/strong><br \/>\r\n<\/span><strong><span class=\"CharOverride-1\">Abdulsallam:<\/span><\/strong><span class=\"CharOverride-5\"> Byli jsme tu pozvan\u00ed na jeden <\/span><span class=\"CharOverride-5\">ve\u010d\u00edrek, kde se n\u00e1s na S\u00fdrii ptali. Sna\u017eili jsme <\/span><span class=\"CharOverride-5\">se poctiv\u011b \u0159\u00edct, co v\u00edme, ale u\u017e nem\u00e1me <br \/>\r\naktu\u00e1ln\u00ed informace.<\/span><span class=\"CharOverride-5\"><br \/>\r\n<\/span><strong><span class=\"CharOverride-1\">Amira:<\/span><\/strong><span class=\"CharOverride-5\"> M\u00e1me tu hodn\u011b p\u0159\u00e1tel z\u00a0r\u016fzn\u00fdch organizac\u00ed, kte\u0159\u00ed n\u00e1s zvou na r\u016fzn\u00e9 diskuze a\u00a0ve\u0159ejn\u00e1 setk\u00e1n\u00ed. J\u00e1 na n\u011b \u010dasto va\u0159\u00edm syrsk\u00e1 j\u00eddla na uk\u00e1zku na\u0161\u00ed kuchyn\u011b. Lid\u00e9 se n\u00e1s ptaj\u00ed, pro\u010d jsme p\u0159i\u0161li, jak\u00e1 byla situace v\u00a0S\u00fdrii, ale na sou\u010dasnou situaci se do detail\u016f nevypt\u00e1vaj\u00ed. Tak\u00e9 tam figuruje trochu strach \u2013 na na\u0161\u00ed i\u00a0na jejich stran\u011b. J\u00e1 u\u017e t\u0159eba situaci <\/span><span class=\"CharOverride-5\">v\u00a0S\u00fdrii nechci sledovat. Za\u017eili jsme v\u00e1lku a\u00a0te\u010f u\u017e o\u00a0n\u00ed nechceme nic v\u011bd\u011bt ani se na ni d\u00edvat.<\/span><\/p>\r\n<p class=\"Normal ParaOverride-13\"><span class=\"CharOverride-1\"><strong>Co chcete na z\u00e1v\u011br vzk\u00e1zat soused\u016fm v\u00a0Praze 7?<\/strong><br \/>\r\n<strong>Amira:<\/strong><\/span><span class=\"CharOverride-5\"> \u017de jsem muslimka, nos\u00edm hid\u017e\u00e1b, ale jsem \u010dlov\u011bk jako jak\u00fdkoli jin\u00fd \u010cech nebo <\/span><span class=\"CharOverride-5\">\u010ce\u0161ka. Kdy\u017e se mi dostane \u00fasm\u011bvu a\u00a0dobr\u00e9ho zach\u00e1zen\u00ed, chci to oplatit v\u00a0je\u0161t\u011b v\u011bt\u0161\u00ed m\u00ed\u0159e. Moje d\u011bti se m\u011b \u010dasto ptaj\u00ed: \u201eMami, a\u00a0pro\u010d se tu lid\u00e9 boj\u00ed isl\u00e1mu?\u201c \u0158\u00edk\u00e1m jim: \u201eMaj\u00ed na to pr\u00e1vo, kdy\u017e po\u0159\u00e1d sly\u0161\u00ed o\u00a0tom, co se d\u011bje v\u00a0S\u00fdrii a\u00a0na Bl\u00edzk\u00e9m v\u00fdchod\u011b. Tady maj\u00ed bezpe\u010d\u00ed, dobr\u00e9 mravy a\u00a0jin\u00e9 hezk\u00e9 v\u011bci.\u201c Sv\u00fdm d\u011btem <\/span><span class=\"CharOverride-5\">v\u0161t\u011bpuji, \u017ee nen\u00ed spr\u00e1vn\u00e9 n\u011bkoho nen\u00e1vid\u011bt, a\u00a0naopak je u\u010d\u00edm porozum\u011bn\u00ed a\u00a0l\u00e1sce. To je kl\u00ed\u010d k\u00a0tomu, aby se v\u011bci, kter\u00e9 v\u00e1m nejdou nebo jste s\u00a0nimi nespokojen\u00ed, zlep\u0161ily. Ale <\/span><span class=\"CharOverride-5\">m\u00e1m dojem, \u017ee n\u011bkte\u0159\u00ed \u010ce\u0161i m\u011b v\u00a0t\u00e9hle snaze <\/span><span class=\"CharOverride-5\">o\u00a0vl\u00eddnost je\u0161t\u011b p\u0159ekon\u00e1vaj\u00ed.<br \/>\r\n<\/span><strong><span class=\"CharOverride-1\">Abdulsallam:<\/span><\/strong><span class=\"CharOverride-5\"> J\u00e1 bych r\u00e1d vyu\u017eil t\u00e9to p\u0159\u00edle\u017eitosti k\u00a0pod\u011bkov\u00e1n\u00ed \u010desk\u00e9 vl\u00e1d\u011b, \u017ee n\u00e1m tu poskytla bezpe\u010dn\u00fd azyl a\u00a0dobr\u00fd \u017eivot. Tak\u00e9 chci pod\u011bkovat v\u0161em p\u0159\u00e1tel\u016fm, kte\u0159\u00ed tu st\u00e1li <\/span><span class=\"CharOverride-5\">p\u0159i n\u00e1s a\u00a0pom\u00e1hali n\u00e1m. A\u00a0v\u00a0neposledn\u00ed <\/span><span class=\"CharOverride-5\">\u0159ad\u011b v\u0161em \u010cech\u016fm, nejen z\u00a0Prahy&nbsp;7, proto\u017ee <\/span><span class=\"CharOverride-5\">uk\u00e1zali, \u017ee jsou to dob\u0159\u00ed a\u00a0mil\u00ed lid\u00e9.<\/span><\/p>\r\n<hr \/>\r\n<p><em><strong><span class=\"CharOverride-8\">Abdulsallam a\u00a0Amira al-Hariri<\/span><\/strong><\/em><span class=\"CharOverride-9\"> poch\u00e1zej\u00ed z\u00a0jihoz\u00e1padn\u00ed syrsk\u00e9 provincie Daraa z\u00a0obce Busr al-Har\u00edr. Abdulsallam tam provozoval velkoobchod s\u00a0k\u00e1vou a\u00a0o\u0159\u00ed\u0161ky, Amira byla doma s\u00a0d\u011btmi. V\u00a0roce 2013 utekli p\u0159ed syrskou ob\u010danskou v\u00e1lkou, kter\u00e1 jim bez nads\u00e1zky zu\u0159ila za humny, do Jord\u00e1nska. Odtud si je ze seznamu registrovan\u00fdch uprchl\u00edk\u016f p\u0159i UNHCR (Vysok\u00fd komisa\u0159 OSN pro uprchl\u00edky \u2013 pozn. red.) vybralo \u010desk\u00e9 ministerstvo vnitra v\u00a0r\u00e1mci mezin\u00e1rodn\u00edho z\u00e1vazku pom\u00e1hat p\u0159i \u0159e\u0161en\u00ed glob\u00e1ln\u00edch uprchlick\u00fdch probl\u00e9m\u016f. Rozhoduj\u00edc\u00edm faktorem byl p\u0159itom zdravotn\u00ed stav jednoho jejich d\u00edt\u011bte, kter\u00e9 bylo zapojen\u00e9 do zdej\u0161\u00edho zdravotn\u011b-humanit\u00e1rn\u00edho programu Medevac. V\u00a0\u010cesku jsou man\u017eel\u00e9 al-Hariri od roku 2015, spolu se sv\u00fdmi \u0161esti d\u011btmi \u017eij\u00ed v\u00a0Praze 7. Abdulsallam pracuje v\u00a0kebab restauraci, Amira je na rodi\u010dovsk\u00e9 dovolen\u00e9.<\/span><\/p>\r\n<\/div>\r\n<p class=\"Z-kladn--odstavec\"><span class=\"CharOverride-8\"><em><strong>Pro\u010d se v\u00a0S\u00fdrii v\u00e1l\u010d\u00ed<\/strong> <\/em><br \/>\r\n<\/span><span class=\"CharOverride-9\">Konflikt v\u00a0S\u00fdrii za\u010dal jako relativn\u011b poklidn\u00fd protivl\u00e1dn\u00ed protest inspirovan\u00fd d\u011bn\u00edm v\u00a0ostatn\u00edch arabsk\u00fdch zem\u00edch v\u00a0r\u00e1mci tzv. arabsk\u00e9ho jara v\u00a0roce 2010. K\u00a0nespokojenosti a\u00a0nap\u011bt\u00ed mezi syrsk\u00fdm obyvatelstvem p\u0159isp\u011bly i\u00a0konflikty v\u00a0sousedn\u00edm Ir\u00e1ku a\u00a0neb\u00fdval\u00e9 sucho, kter\u00e9 S\u00fdrii v\u00a0roce 2010 zas\u00e1hlo. Demonstranti po\u017eadovali demokratick\u00e9 reformy a\u00a0po p\u00e1du egyptsk\u00e9ho prezidenta Mub\u00e1raka v\u00a0\u00fanoru 2011 tak\u00e9 odstoupen\u00ed sv\u00e9ho prezidenta Ba\u0161\u00e1ra Asada. Za protivl\u00e1dn\u00ed graffiti ve m\u011bst\u011b Daraa bylo na za\u010d\u00e1tku b\u0159ezna 2011 zat\u010deno patn\u00e1ct mladistv\u00fdch student\u016f z\u00a0prominentn\u00edch rodin a\u00a0jeden na n\u00e1sledky mu\u010den\u00ed zem\u0159el. To vyvolalo siln\u00e9 protesty v\u00a0dal\u0161\u00edch m\u011bstech po cel\u00e9 zemi. Asadova vl\u00e1da se demonstrace sna\u017eila potla\u010dit vojensky, situace se v\u0161ak z\u00e1hy vymkla kontrole. Vedle jednotliv\u00fdch protivl\u00e1dn\u00edch bojov\u00fdch skupin se do konfliktu zapojila tak\u00e9 Svobodn\u00e1 syrsk\u00e1 arm\u00e1da slo\u017een\u00e1 z\u00a0dezert\u00e9r\u016f z\u00a0ofici\u00e1ln\u00ed syrsk\u00e9 arm\u00e1dy. Mnohostrann\u00fd konflikt, kter\u00fd se t\u00e1hne dodnes, zkomplikovalo tak\u00e9 p\u016fsoben\u00ed organizace Isl\u00e1msk\u00fd st\u00e1t v\u00a0oblasti. Diplomatick\u00e1 m\u00edrov\u00e1 jedn\u00e1n\u00ed zat\u00edm selh\u00e1vaj\u00ed a\u00a0po\u010det uprchl\u00edk\u016f a\u00a0vnit\u0159n\u011b vys\u00eddlen\u00fdch osob roste.<\/span><span class=\"CharOverride-9\"> <\/span><\/p>\r\n<p class=\"Z-kladn--odstavec\"><em><strong><span class=\"CharOverride-8\">Jak se uprchl\u00edci ze S\u00fdrie ocitli v\u00a0Praze 7<\/span><\/strong><\/em><span class=\"CharOverride-9\"> <br \/>\r\nPodle statistik z\u00a0\u0159\u00edjna 2019 registruje Vysok\u00fd komisa\u0159 OSN pro uprchl\u00edky (UNHCR) od po\u010d\u00e1tku konfliktu v\u00a0S\u00fdrii 5,65 milionu uprchl\u00edk\u016f z\u00a0t\u00e9to zem\u011b. Nejv\u00edce, p\u0159es 3,5 milionu uprchl\u00edk\u016f, dnes pob\u00fdv\u00e1 v\u00a0Turecku, n\u00e1sleduje Libanon (p\u0159es 900 tis\u00edc), Jord\u00e1nsko (655 tis\u00edc), Ir\u00e1k a\u00a0Egypt. Ze statistik vypl\u00fdv\u00e1, \u017ee do EU p\u0159i\u0161lo od za\u010d\u00e1tku konfliktu v\u00a0roce 2011 zhruba 1,2 milionu Sy\u0159an\u016f. \u010c\u00edslo je ov\u0161em nutn\u00e9 br\u00e1t s\u00a0rezervou; p\u0159esn\u011bji jde o\u00a0lidi, kte\u0159\u00ed v\u00a0n\u011bjak\u00fd moment figurovali v\u00a0azylov\u00e9m syst\u00e9mu n\u011bkter\u00e9ho ze st\u00e1t\u016f evropsk\u00e9 osmadvac\u00edtky. <\/span><\/p>\r\n<p class=\"Z-kladn--odstavec\"><span class=\"CharOverride-9\">\u017de je osoba registrovan\u00e1 u\u00a0UNHCR jako uprchl\u00edk, neznamen\u00e1, \u017ee m\u00e1 automaticky n\u00e1rok na azyl v\u00a0jin\u00e9 zemi. Po\u017e\u00e1dat o\u00a0n\u011bj je toti\u017e nutn\u00e9 na \u00fazem\u00ed dan\u00e9 zem\u011b (v\u00a0p\u0159\u00edpad\u011b EU jde o\u00a0prvn\u00ed st\u00e1t, kam osoba p\u0159ijde po p\u0159ekro\u010den\u00ed vn\u011bj\u0161\u00edch hranic) a\u00a0pot\u00e9 je ka\u017ed\u00fd p\u0159\u00edpad posuzov\u00e1n individu\u00e1ln\u011b st\u00e1tn\u00edmi \u00fa\u0159ady podle vlastn\u00edch krit\u00e9ri\u00ed azylov\u00e9 politiky. Dostat se do Evropsk\u00e9 unie a\u00a0<\/span><span class=\"CharOverride-9\">po\u017e\u00e1dat tu o\u00a0azyl v\u00a0p\u0159\u00edpad\u011b Sy\u0159an\u016f znamen\u00e1 podniknout ileg\u00e1ln\u00ed, nebezpe\u010dnou a\u00a0drahou cestu p\u0159es St\u0159edozemn\u00ed mo\u0159e nebo nem\u00e9n\u011b komplikovanou cestu po tzv. balk\u00e1nsk\u00e9 trase. <\/span><\/p>\r\n<p class=\"Z-kladn--odstavec\"><span class=\"CharOverride-9\">Po odevzd\u00e1n\u00ed \u017e\u00e1dosti o\u00a0mezin\u00e1rodn\u00ed ochranu (neboli azyl) v\u00a0\u010cesku mus\u00ed \u010dlov\u011bk str\u00e1vit n\u011bjak\u00fd \u010das v\u00a0uprchlick\u00e9m za\u0159\u00edzen\u00ed a\u00a0prvn\u00edch 6 m\u011bs\u00edc\u016f od pod\u00e1n\u00ed \u017e\u00e1dosti nesm\u00ed pracovat. Je tak odk\u00e1z\u00e1n na nevysok\u00e9 st\u00e1tn\u00ed p\u0159\u00edsp\u011bvky; pokud by cht\u011bl sv\u016fj p\u0159\u00edjem zv\u00fd\u0161it, mus\u00ed riskovat pr\u00e1ci na \u010derno. Kone\u010dn\u00e9 rozhodnut\u00ed o\u00a0ud\u011blen\u00ed \u010di neud\u011blen\u00ed mezin\u00e1rodn\u00ed ochrany m\u016f\u017ee trvat m\u011bs\u00edce, n\u011bkdy i\u00a0roky. <\/span><\/p>\r\n<p class=\"Z-kladn--odstavec\"><span class=\"CharOverride-9\">Jin\u00fd zp\u016fsob, jak z\u00edskat azyl, p\u0159edstavuje p\u0159esidlov\u00e1n\u00ed. \u00da\u0159edn\u00edci ministerstva vnitra nebo \u00fa\u0159adu, kter\u00fd m\u00e1 v\u00a0dan\u00e9 zemi na starosti mezin\u00e1rodn\u00ed ochranu, si ze seznamu registrovan\u00fdch uprchl\u00edk\u016f vytipuj\u00ed osoby, kter\u00e9 spl\u0148uj\u00ed po\u017eadavky p\u0159esidlovac\u00edho programu. \u010cesko se <\/span><span class=\"CharOverride-9\">t\u00edmto zp\u016fsobem zav\u00e1zalo pom\u00e1hat p\u0159i \u0159e\u0161en\u00ed glob\u00e1l<\/span><span class=\"CharOverride-9\">n\u00edch a\u00a0evropsk\u00fdch uprchlick\u00fdch probl\u00e9m\u016f vzhledem k\u00a0tomu, \u017ee nemus\u00ed st\u0159e\u017eit \u017e\u00e1dnou z\u00a0vn\u011bj\u0161\u00edch hranic EU a\u00a0sou\u010dasn\u011b m\u00e1 dostate\u010dnou infrastrukturu p\u0159ij\u00edmac\u00edch za\u0159\u00edzen\u00ed a\u00a0zku\u0161enost \u00fa\u0159ad\u016f zpracov\u00e1vaj\u00edc\u00edch \u017e\u00e1dosti o\u00a0<\/span><span class=\"CharOverride-9\">mezin\u00e1rodn\u00ed ochranu. Za zm\u00ednku stoj\u00ed tak\u00e9 humanit\u00e1rn\u00ed program Medevac, v\u00a0jeho\u017e r\u00e1mci do \u010ceska do\u010dasn\u011b p\u0159ij\u00ed\u017ed\u011bj\u00ed lid\u00e9 z\u00a0v\u00e1le\u010dn\u00fdch a\u00a0jinak nebezpe\u010dn\u00fdch z\u00f3n na kr\u00e1tkodob\u00e1 l\u00e9\u010den\u00ed a\u00a0jednor\u00e1zov\u00e9 operace, kter\u00e9 jim mohou v\u00fdrazn\u011b zlep\u0161it kvalitu \u017eivota v\u00a0jejich p\u016fvodn\u00ed zemi. Do n\u00ed se pot\u00e9 op\u011bt vracej\u00ed.<\/span><\/p>\r\n<p class=\"Z-kladn--odstavec\"><span class=\"CharOverride-9\">V\u00a0letech 2015\u20132016 se p\u0159es\u00eddlen\u00ed uprchl\u00edci, mezi nimi i\u00a0rodina al-Hariri, mohli p\u0159i za\u0159izov\u00e1n\u00ed nov\u00e9ho \u017eivota obr\u00e1tit na Arcidiec\u00e9zn\u00ed charitu Praha (ADCH), kter\u00e1 jim pom\u00e1hala s\u00a0tlumo\u010den\u00edm, hled\u00e1n\u00edm pr\u00e1ce \u010di bydlen\u00ed a\u00a0z\u00e1kladn\u00ed sociokulturn\u00ed orientac\u00ed. \u201e\u017d\u00e1dn\u00fd p\u0159edb\u011b\u017en\u00fd p\u0159\u00edslib ubytov\u00e1n\u00ed z\u00a0\u017e\u00e1dn\u00e9 m\u011bstsk\u00e9 \u010d\u00e1sti nebyl,\u201c \u0159\u00edk\u00e1 Sv\u011btlana Porsche ze St\u0159ediska migrace v\u00a0ADCH. \u201eD\u011bti al-Hariri za\u010daly chodit do \u0161koly na Strossmayerov\u011b n\u00e1m\u011bst\u00ed proto, \u017ee se jednalo o\u00a0dob\u0159e dopravn\u011b dostupn\u00e9 m\u00edsto a\u00a0\u0161kolu, kter\u00e1 byla v\u016f\u010di t\u00e9to aktivit\u011b velmi vst\u0159\u00edcn\u00e1.\u201c Teprve potom se v\u00a0Praze 7 poda\u0159ilo <\/span><span class=\"CharOverride-9\">naj\u00edt tak\u00e9 byt s\u00a0dostupn\u00fdm n\u00e1jmem. Na radnici Prahy <\/span><span class=\"CharOverride-9\">7 se al-Hariri stejn\u011b jako dal\u0161\u00ed cizinci mohou s\u00a0\u017e\u00e1dostmi o\u00a0praktickou pomoc obracet na Odd\u011blen\u00ed integrace cizinc\u016f a\u00a0n\u00e1rodnostn\u00edch men\u0161in.<\/span><\/p>\r\n<p><a href=\"https:\/\/www.praha7.cz\/utect-bylo-lepsi-nez-zustat\/rozhovor2\/\" rel=\"attachment wp-att-31494\"><img loading=\"lazy\" src=\"https:\/\/www.praha7.cz\/wp-content\/uploads\/2019\/11\/rozhovor2-667x1000.jpg\" alt=\"\" width=\"640\" height=\"960\" class=\"alignnone size-large wp-image-31494\" srcset=\"https:\/\/www.praha7.cz\/wp-content\/uploads\/2019\/11\/rozhovor2-667x1000.jpg 667w, https:\/\/www.praha7.cz\/wp-content\/uploads\/2019\/11\/rozhovor2-267x400.jpg 267w, https:\/\/www.praha7.cz\/wp-content\/uploads\/2019\/11\/rozhovor2-768x1152.jpg 768w, https:\/\/www.praha7.cz\/wp-content\/uploads\/2019\/11\/rozhovor2.jpg 1981w\" sizes=\"(max-width: 640px) 100vw, 640px\" \/><\/a><\/p>","protected":false},"excerpt":{"rendered":"[perex] N\u00edzk\u00fd stolek v\u00a0ob\u00fdv\u00e1ku zdob\u00ed ornament\u00e1ln\u011b uv\u00e1zan\u00fd r\u016f\u017eov\u00fd ubrus, na n\u011bm jsou su\u0161enky a\u00a0\u010daj. Orient\u00e1ln\u00ed je toto poho\u0161t\u011bn\u00ed v\u0161ak jen svou formou, jinak m\u00e1 evropsk\u00fd obsah: \u010daj i\u00a0sladk\u00e9 jsou z\u00a0\u010desk\u00fdch obchod\u016f, stejn\u011b jako termoska a\u00a0hrne\u010dky. O\u00a0v\u00fdhledu na Stromovku nemluv\u011b. Nevypad\u00e1 takhle funguj\u00edc\u00ed sou\u017eit\u00ed kultur? Amira a\u00a0jej\u00ed man\u017eel Abdulsallam al-Hariri p\u0159i\u0161li spolu se sv\u00fdmi p\u011bti d\u011btmi [&hellip;]","protected":false},"author":76,"featured_media":31493,"comment_status":"closed","ping_status":"open","sticky":false,"template":"","format":"standard","meta":[],"categories":[37],"tags":[],"_links":{"self":[{"href":"https:\/\/www.praha7.cz\/api\/wp\/v2\/posts\/31489"}],"collection":[{"href":"https:\/\/www.praha7.cz\/api\/wp\/v2\/posts"}],"about":[{"href":"https:\/\/www.praha7.cz\/api\/wp\/v2\/types\/post"}],"author":[{"embeddable":true,"href":"https:\/\/www.praha7.cz\/api\/wp\/v2\/users\/76"}],"replies":[{"embeddable":true,"href":"https:\/\/www.praha7.cz\/api\/wp\/v2\/comments?post=31489"}],"version-history":[{"count":5,"href":"https:\/\/www.praha7.cz\/api\/wp\/v2\/posts\/31489\/revisions"}],"predecessor-version":[{"id":31497,"href":"https:\/\/www.praha7.cz\/api\/wp\/v2\/posts\/31489\/revisions\/31497"}],"wp:featuredmedia":[{"embeddable":true,"href":"https:\/\/www.praha7.cz\/api\/wp\/v2\/media\/31493"}],"wp:attachment":[{"href":"https:\/\/www.praha7.cz\/api\/wp\/v2\/media?parent=31489"}],"wp:term":[{"taxonomy":"category","embeddable":true,"href":"https:\/\/www.praha7.cz\/api\/wp\/v2\/categories?post=31489"},{"taxonomy":"post_tag","embeddable":true,"href":"https:\/\/www.praha7.cz\/api\/wp\/v2\/tags?post=31489"}],"curies":[{"name":"wp","href":"https:\/\/api.w.org\/{rel}","templated":true}]}}