    
{"id":31381,"date":"2019-11-19T12:41:08","date_gmt":"2019-11-19T11:41:08","guid":{"rendered":"https:\/\/www.praha7.cz\/?p=31381"},"modified":"2019-11-19T13:00:17","modified_gmt":"2019-11-19T12:00:17","slug":"graffiti-z-letenskeho-svahu-mizi","status":"publish","type":"post","link":"https:\/\/www.praha7.cz\/graffiti-z-letenskeho-svahu-mizi\/","title":{"rendered":"Graffiti z&nbsp;letensk\u00e9ho svahu miz\u00ed"},"content":{"rendered":"<p>[perex]<\/p>\r\n<p>V pond\u011bl\u00ed 18.&nbsp;11.&nbsp;2019 za\u010dala realizace odstra\u0148ov\u00e1n\u00ed graffiti n\u00e1pis\u016f ze st\u011bn a&nbsp;z\u00eddek ve svahu Letensk\u00fdch sad\u016f nad N\u00e1b\u0159e\u017e\u00edm Edvarda Bene\u0161e. \u010cist\u00edc\u00ed pr\u00e1ce \u0159\u00edd\u00ed Odbor ochrany prost\u0159ed\u00ed Magistr\u00e1tu hl. m. Prahy &#8211; a&nbsp;jejich finalizace je napl\u00e1nov\u00e1na na konec m\u011bs\u00edce listopadu.\u00a0<\/p>\r\n<p>[\/perex]<\/p>\r\n<p><img loading=\"lazy\" src=\"https:\/\/www.praha7.cz\/wp-content\/uploads\/2019\/11\/graffiti_LS1-533x400.jpg\" alt=\"\" width=\"504\" height=\"378\" class=\"alignnone  wp-image-31384\" srcset=\"https:\/\/www.praha7.cz\/wp-content\/uploads\/2019\/11\/graffiti_LS1-533x400.jpg 533w, https:\/\/www.praha7.cz\/wp-content\/uploads\/2019\/11\/graffiti_LS1-768x576.jpg 768w, https:\/\/www.praha7.cz\/wp-content\/uploads\/2019\/11\/graffiti_LS1.jpg 1024w\" sizes=\"(max-width: 504px) 100vw, 504px\" \/><img loading=\"lazy\" src=\"https:\/\/www.praha7.cz\/wp-content\/uploads\/2019\/11\/graffiti_LS2-533x400.jpg\" alt=\"\" width=\"502\" height=\"377\" class=\"alignnone  wp-image-31385\" srcset=\"https:\/\/www.praha7.cz\/wp-content\/uploads\/2019\/11\/graffiti_LS2-533x400.jpg 533w, https:\/\/www.praha7.cz\/wp-content\/uploads\/2019\/11\/graffiti_LS2-768x576.jpg 768w, https:\/\/www.praha7.cz\/wp-content\/uploads\/2019\/11\/graffiti_LS2.jpg 1024w\" sizes=\"(max-width: 502px) 100vw, 502px\" \/><\/p>","protected":false},"excerpt":{"rendered":"[perex] V&nbsp;pond\u011bl\u00ed 18.&nbsp;11.&nbsp;2019 za\u010dala realizace odstra\u0148ov\u00e1n\u00ed graffiti n\u00e1pis\u016f ze st\u011bn a&nbsp;z\u00eddek ve svahu Letensk\u00fdch sad\u016f nad N\u00e1b\u0159e\u017e\u00edm Edvarda Bene\u0161e. \u010cist\u00edc\u00ed pr\u00e1ce \u0159\u00edd\u00ed Odbor ochrany prost\u0159ed\u00ed Magistr\u00e1tu hl. m. Prahy &#8211; a&nbsp;jejich finalizace je napl\u00e1nov\u00e1na na konec m\u011bs\u00edce listopadu.\u00a0 [\/perex]","protected":false},"author":97,"featured_media":31382,"comment_status":"closed","ping_status":"open","sticky":false,"template":"","format":"standard","meta":[],"categories":[34],"tags":[],"_links":{"self":[{"href":"https:\/\/www.praha7.cz\/api\/wp\/v2\/posts\/31381"}],"collection":[{"href":"https:\/\/www.praha7.cz\/api\/wp\/v2\/posts"}],"about":[{"href":"https:\/\/www.praha7.cz\/api\/wp\/v2\/types\/post"}],"author":[{"embeddable":true,"href":"https:\/\/www.praha7.cz\/api\/wp\/v2\/users\/97"}],"replies":[{"embeddable":true,"href":"https:\/\/www.praha7.cz\/api\/wp\/v2\/comments?post=31381"}],"version-history":[{"count":4,"href":"https:\/\/www.praha7.cz\/api\/wp\/v2\/posts\/31381\/revisions"}],"predecessor-version":[{"id":31388,"href":"https:\/\/www.praha7.cz\/api\/wp\/v2\/posts\/31381\/revisions\/31388"}],"wp:featuredmedia":[{"embeddable":true,"href":"https:\/\/www.praha7.cz\/api\/wp\/v2\/media\/31382"}],"wp:attachment":[{"href":"https:\/\/www.praha7.cz\/api\/wp\/v2\/media?parent=31381"}],"wp:term":[{"taxonomy":"category","embeddable":true,"href":"https:\/\/www.praha7.cz\/api\/wp\/v2\/categories?post=31381"},{"taxonomy":"post_tag","embeddable":true,"href":"https:\/\/www.praha7.cz\/api\/wp\/v2\/tags?post=31381"}],"curies":[{"name":"wp","href":"https:\/\/api.w.org\/{rel}","templated":true}]}}