    
{"id":31313,"date":"2019-11-16T14:55:29","date_gmt":"2019-11-16T13:55:29","guid":{"rendered":"https:\/\/www.praha7.cz\/?p=31313"},"modified":"2019-11-18T12:02:16","modified_gmt":"2019-11-18T11:02:16","slug":"aktualni-opatreni-k-demonstraci-na-letne","status":"publish","type":"post","link":"https:\/\/www.praha7.cz\/aktualni-opatreni-k-demonstraci-na-letne\/","title":{"rendered":"Aktu\u00e1ln\u00ed opat\u0159en\u00ed k&nbsp;demonstraci na Letn\u00e9"},"content":{"rendered":"<p>[perex]<\/p>\r\n<p>P\u0159in\u00e1\u0161\u00edme v\u00e1m aktu\u00e1ln\u00ed opat\u0159en\u00ed souvisej\u00edc\u00ed s\u00a0demonstrac\u00ed na Letn\u00e9. Podrobn\u00e9 informace k\u00a0organizaci demonstrace, doprav\u011b apod. naleznete <a href=\"https:\/\/www.praha7.cz\/listopadova-demonstrace-na-letne-organizace-a-opatreni\/\">zde<\/a>. \u00a0<\/p>\r\n<p>[\/perex]<\/p>\r\n<p>17:15 &#8211; Komunikace v&nbsp;okol\u00ed Letn\u00e9 jsou kompletn\u011b zprovozn\u011bny.\u00a0<\/p>\r\n<p>16:00 &#8211; Demonstrace byla ofici\u00e1ln\u011b ukon\u010dena. \u00da\u010dastn\u00edci postupn\u011b opou\u0161t\u011bj\u00ed prostor.\u00a0<\/p>\r\n<p>14:45 &#8211; Z&nbsp;d\u016fvod\u016f zaji\u0161t\u011bn\u00ed bezpe\u010dnosti Policie \u010cR uzav\u0159ela komunikaci od metra Hrad\u010dansk\u00e1 sm\u011brem k&nbsp;Letensk\u00e9 pl\u00e1ni. Po p\u0159edpokl\u00e1dan\u00e9m ukon\u010den\u00ed demonstrace v&nbsp;16 hodin policist\u00e9 uzav\u0159ou obousm\u011brn\u011b provoz na ulici Milady Hor\u00e1kov\u00e9 od Letensk\u00e9ho n\u00e1m\u011bst\u00ed a\u017e k&nbsp;metru Hrad\u010dansk\u00e1.<\/p>","protected":false},"excerpt":{"rendered":"[perex] P\u0159in\u00e1\u0161\u00edme v\u00e1m aktu\u00e1ln\u00ed opat\u0159en\u00ed souvisej\u00edc\u00ed s\u00a0demonstrac\u00ed na Letn\u00e9. Podrobn\u00e9 informace k\u00a0organizaci demonstrace, doprav\u011b apod. naleznete zde. \u00a0 [\/perex] 17:15 &#8211; Komunikace v&nbsp;okol\u00ed Letn\u00e9 jsou kompletn\u011b zprovozn\u011bny.\u00a0 16:00 &#8211; Demonstrace byla ofici\u00e1ln\u011b ukon\u010dena. \u00da\u010dastn\u00edci postupn\u011b opou\u0161t\u011bj\u00ed prostor.\u00a0 14:45 &#8211; Z&nbsp;d\u016fvod\u016f zaji\u0161t\u011bn\u00ed bezpe\u010dnosti Policie \u010cR uzav\u0159ela komunikaci od metra Hrad\u010dansk\u00e1 sm\u011brem k&nbsp;Letensk\u00e9 pl\u00e1ni. Po p\u0159edpokl\u00e1dan\u00e9m ukon\u010den\u00ed [&hellip;]","protected":false},"author":5,"featured_media":31314,"comment_status":"closed","ping_status":"open","sticky":false,"template":"","format":"standard","meta":[],"categories":[34],"tags":[],"_links":{"self":[{"href":"https:\/\/www.praha7.cz\/api\/wp\/v2\/posts\/31313"}],"collection":[{"href":"https:\/\/www.praha7.cz\/api\/wp\/v2\/posts"}],"about":[{"href":"https:\/\/www.praha7.cz\/api\/wp\/v2\/types\/post"}],"author":[{"embeddable":true,"href":"https:\/\/www.praha7.cz\/api\/wp\/v2\/users\/5"}],"replies":[{"embeddable":true,"href":"https:\/\/www.praha7.cz\/api\/wp\/v2\/comments?post=31313"}],"version-history":[{"count":7,"href":"https:\/\/www.praha7.cz\/api\/wp\/v2\/posts\/31313\/revisions"}],"predecessor-version":[{"id":31329,"href":"https:\/\/www.praha7.cz\/api\/wp\/v2\/posts\/31313\/revisions\/31329"}],"wp:featuredmedia":[{"embeddable":true,"href":"https:\/\/www.praha7.cz\/api\/wp\/v2\/media\/31314"}],"wp:attachment":[{"href":"https:\/\/www.praha7.cz\/api\/wp\/v2\/media?parent=31313"}],"wp:term":[{"taxonomy":"category","embeddable":true,"href":"https:\/\/www.praha7.cz\/api\/wp\/v2\/categories?post=31313"},{"taxonomy":"post_tag","embeddable":true,"href":"https:\/\/www.praha7.cz\/api\/wp\/v2\/tags?post=31313"}],"curies":[{"name":"wp","href":"https:\/\/api.w.org\/{rel}","templated":true}]}}