    
{"id":31192,"date":"2019-11-13T18:16:02","date_gmt":"2019-11-13T17:16:02","guid":{"rendered":"https:\/\/www.praha7.cz\/?p=31192"},"modified":"2019-11-15T09:55:51","modified_gmt":"2019-11-15T08:55:51","slug":"dopravni-opatreni-v-souvislosti-se-sobotnim-shromazdenim-a-oslavami-17-listopadu","status":"publish","type":"post","link":"https:\/\/www.praha7.cz\/dopravni-opatreni-v-souvislosti-se-sobotnim-shromazdenim-a-oslavami-17-listopadu\/","title":{"rendered":"Dopravn\u00ed opat\u0159en\u00ed v&nbsp;souvislosti se sobotn\u00edm shrom\u00e1\u017ed\u011bn\u00edm a&nbsp;oslavami 17.&nbsp;listopadu"},"content":{"rendered":"<p>[perex]<\/p>\r\n<p>Nadch\u00e1zej\u00edc\u00ed v\u00edkend \u010dek\u00e1 Prahu \u0159ada v\u00fdznamn\u00fdch ud\u00e1lost\u00ed, kter\u00e9 budou m\u00edt vliv na dopravu i&nbsp;bezpe\u010dnost. V\u00a0sobotu se na Letn\u00e9 uskute\u010dn\u00ed Demonstrace pro demokracii, p\u0159i n\u00ed\u017e nen\u00ed pl\u00e1nov\u00e1na dopravn\u00ed uzav\u00edrka, policie v\u0161ak m\u016f\u017ee operativn\u011b uzav\u0159\u00edt \u010di omezit komunikace v\u00a0okol\u00ed. V&nbsp;ned\u011bli 17.&nbsp;listopadu 2019 se budou v&nbsp;Praze konat hlavn\u00ed oslavy 30.&nbsp;v\u00fdro\u010d\u00ed Sametov\u00e9 revoluce. V&nbsp;t\u00e9to souvislosti budou zavedena v&nbsp;centru metropole dopravn\u00ed opat\u0159en\u00ed, n\u011bkter\u00e1 s&nbsp;platnost\u00ed ji\u017e od soboty 16.&nbsp;listopadu. Po cel\u00fd v\u00edkend budou panovat zv\u00fd\u0161en\u00e1 bezpe\u010dnostn\u00ed opat\u0159en\u00ed a&nbsp;v\u00a0ulic\u00edch bude v\u00edce str\u00e1\u017en\u00edk\u016f a&nbsp;policist\u016f.<\/p>\r\n<p>[\/perex]<\/p>\r\n<p><em>\u201eHlavn\u00ed m\u011bsto Praha spolupracuje se v\u0161emi slo\u017ekami Integrovan\u00e9ho z\u00e1chrann\u00e9ho syst\u00e9mu na zaji\u0161t\u011bn\u00ed bezpe\u010dn\u00e9ho pr\u016fb\u011bhu oslav 17.&nbsp;listopadu. V&nbsp;souvislosti s&nbsp;dopravn\u00edmi opat\u0159en\u00edmi je pro ve\u0159ejnost z\u0159\u00edzena i&nbsp;informa\u010dn\u00ed linka,\u201c<\/em> sd\u011blil n\u00e1m\u011bstek prim\u00e1tora pro bezpe\u010dnost Petr Hlubu\u010dek.<\/p>\r\n<p>Opera\u010dn\u00ed st\u0159edisko pra\u017esk\u00e9ho magistr\u00e1tu bude m\u00edt po oba dny person\u00e1ln\u011b pos\u00edlen\u00fd provoz a&nbsp;bude koordinovat informace mezi jednotliv\u00fdmi slo\u017ekami IZS a&nbsp;dal\u0161\u00edmi \u00fa\u010dastn\u00edky. Bude zde v\u00a0provozu bezplatn\u00e1 informa\u010dn\u00ed linka 800&nbsp;100\u00a0991 &#8211; v&nbsp;sobotu 16.&nbsp;listopadu 2019 od 9:00 do 21:00 hodin a&nbsp;v&nbsp;ned\u011bli 17.&nbsp;listopadu 2019 od 8:00 do 22:00 hodin.<\/p>\r\n<p>&nbsp;<\/p>\r\n<p><strong>Dopravn\u00ed opat\u0159en\u00ed se budou t\u00fdkat p\u0159edev\u0161\u00edm komunikac\u00ed Wilsonova, Mezibransk\u00e1 a&nbsp;Legerova:<\/strong><\/p>\r\n<p>&nbsp;<\/p>\r\n<p><strong>\u25baWilsonova, Mezibransk\u00e1<\/strong><\/p>\r\n<p>&#8211; term\u00edn: od 20:00 hodin 16.&nbsp;listopadu do 18:00 hodin 17.&nbsp;listopadu,<\/p>\r\n<p>&#8211; rozsah: \u010d\u00e1ste\u010dn\u00e1 uzav\u00edrka obou komunikac\u00ed v&nbsp;\u00faseku Hlavn\u00ed n\u00e1dra\u017e\u00ed \u2013 \u017ditn\u00e1, bude uzav\u0159en lev\u00fd j\u00edzdn\u00ed pruh<\/p>\r\n<p>&#8211; term\u00edn: 17.&nbsp;listopadu od 18:00 hodin do 23:00 hodin<\/p>\r\n<p>&#8211; rozsah: \u00fapln\u00e1 uzav\u00edrka obou komunikac\u00ed v&nbsp;\u00faseku Hlavn\u00ed n\u00e1dra\u017e\u00ed \u2013 \u017ditn\u00e1, obj\u00ed\u017e\u010fka bude vedena jedn\u00edm j\u00edzdn\u00edm pruhem p\u0159eveden\u00fdm do Legerovy ulice (v&nbsp;protism\u011bru)<\/p>\r\n<p>&nbsp;<\/p>\r\n<p><strong>\u25baLegerova<\/strong><\/p>\r\n<p>&#8211; term\u00edn: od 20:00 hodin 16.&nbsp;listopadu do 23:00 hodin 17.&nbsp;listopadu<\/p>\r\n<p>&#8211; rozsah: \u010d\u00e1ste\u010dn\u00e1 uzav\u00edrka \u2013 bude uzav\u0159en lev\u00fd j\u00edzdn\u00ed pruh<\/p>\r\n<p>&nbsp;<\/p>\r\n<p><strong>\u25baspojka Wilsonova \u2013 Wilsonova u&nbsp;gar\u00e1\u017e\u00ed Slovan<\/strong><\/p>\r\n<p>&#8211; term\u00edn od 20:00 hodin 16.&nbsp;listopadu do 23:00 hodin 17.&nbsp;listopadu<\/p>\r\n<p>&#8211; rozsah: \u00fapln\u00e1 uzav\u00edrka \u2013 obj\u00edzdn\u00e1 trasa bude vedena po komunikac\u00edch: Legerova \u2013 Wilsonova (sm\u011br Bulhar) \u2013 sjezdov\u00e1 rampa ke k\u0159i\u017eovatce \u201eBulhar\u201c \u2013 n\u00e1jezdov\u00e1 rampa Wilsonova \u2013 Mezibransk\u00e1 (v&nbsp;dob\u011b \u00fapln\u00e9 uzav\u00edrky Wilsonovy a&nbsp;Mezibransk\u00e9 bude trasa pokra\u010dovat Legerovou)<\/p>\r\n<p>&nbsp;<\/p>\r\n<p>D\u00e1le budou od 23:00 hodin 15.&nbsp;listopadu do 06:00 hodin 16.&nbsp;listopadu a&nbsp;od 23:00 hodin 18.&nbsp;listopadu do 06:00 hodin 19.&nbsp;listopadu na komunikac\u00edch Wilsonova a&nbsp;Legerova (v&nbsp;\u00faseku p\u0159ed budovou Hlavn\u00edho n\u00e1dra\u017e\u00ed) uzav\u0159eny lev\u00e9 j\u00edzdn\u00ed pruhy z&nbsp;d\u016fvodu odstran\u011bn\u00ed a&nbsp;n\u00e1sledn\u011b navr\u00e1cen\u00ed Cityblok\u016f.<\/p>\r\n<p>&nbsp;<\/p>\r\n<p>Vzhledem k\u00a0mnoha akc\u00edm v\u00a0centru Prahy bude do\u010dasn\u011b omezen provoz na dal\u0161\u00edch komunikac\u00edch, nap\u0159. na V\u00e1clavsk\u00e9m n\u00e1m\u011bst\u00ed, N\u00e1rodn\u00ed t\u0159\u00edd\u011b, Albertov\u011b a&nbsp;na trase Sametov\u00e9ho pochodu.\u00a0 Rozhodnut\u00ed o&nbsp;p\u0159\u00edpadn\u00fdch uzav\u00edrk\u00e1ch vyd\u00e1vaj\u00ed \u00fa\u0159ady p\u0159\u00edslu\u0161n\u00fdch m\u011bstsk\u00fdch \u010d\u00e1st\u00ed.\u00a0<\/p>\r\n<p>&nbsp;<\/p>\r\n<p>Dopravn\u00ed opat\u0159en\u00ed se dotknou i&nbsp;povrchov\u00e9 m\u011bstsk\u00e9 hromadn\u00e9 dopravy, doporu\u010dujeme proto vyu\u017e\u00edvat zejm\u00e9na linek metra:<\/p>\r\n<p>&nbsp;<\/p>\r\n<p><strong>\u25ba V\u00a0sobotu bude pos\u00edlen provoz metra v\u00a0souvislosti se shrom\u00e1\u017ed\u011bn\u00edm na Letn\u00e9.<\/strong><\/p>\r\n<p><strong>\u25ba V\u00a0dob\u011b oslav bude vylou\u010den \u010di omezen provoz tramvajov\u00fdch linek v\u00a0centru \u2013 n\u011bkter\u00e9 linky budou vedeny po obj\u00edzdn\u00fdch tras\u00e1ch.<\/strong><\/p>\r\n<p><strong>\u25ba Podrobnosti jsou k\u00a0dispozici na <a href=\"http:\/\/www.dpp.cz\/dopravni-opatreni-o-nadchazejicim-vikendu-15-17-listopadu-2019\/\">str\u00e1nk\u00e1ch Dopravn\u00edho podniku hl. m. Prahy, a.s.<\/a><\/strong><\/p>\r\n<p>&nbsp;<\/p>\r\n<h3>Podrobn\u00e9 informace k&nbsp;sobotn\u00ed demonstraci na Letn\u00e9 naleznete<a href=\"https:\/\/www.praha7.cz\/listopadova-demonstrace-na-letne-organizace-a-opatreni\/\"> zde<\/a>.<\/h3>\r\n<p>&nbsp;<\/p>","protected":false},"excerpt":{"rendered":"[perex] Nadch\u00e1zej\u00edc\u00ed v\u00edkend \u010dek\u00e1 Prahu \u0159ada v\u00fdznamn\u00fdch ud\u00e1lost\u00ed, kter\u00e9 budou m\u00edt vliv na dopravu i&nbsp;bezpe\u010dnost. V\u00a0sobotu se na Letn\u00e9 uskute\u010dn\u00ed Demonstrace pro demokracii, p\u0159i n\u00ed\u017e nen\u00ed pl\u00e1nov\u00e1na dopravn\u00ed uzav\u00edrka, policie v\u0161ak m\u016f\u017ee operativn\u011b uzav\u0159\u00edt \u010di omezit komunikace v\u00a0okol\u00ed. V&nbsp;ned\u011bli 17.&nbsp;listopadu 2019 se budou v&nbsp;Praze konat hlavn\u00ed oslavy 30.&nbsp;v\u00fdro\u010d\u00ed Sametov\u00e9 revoluce. V&nbsp;t\u00e9to souvislosti budou zavedena v&nbsp;centru [&hellip;]","protected":false},"author":5,"featured_media":31198,"comment_status":"closed","ping_status":"open","sticky":false,"template":"","format":"standard","meta":[],"categories":[34],"tags":[],"_links":{"self":[{"href":"https:\/\/www.praha7.cz\/api\/wp\/v2\/posts\/31192"}],"collection":[{"href":"https:\/\/www.praha7.cz\/api\/wp\/v2\/posts"}],"about":[{"href":"https:\/\/www.praha7.cz\/api\/wp\/v2\/types\/post"}],"author":[{"embeddable":true,"href":"https:\/\/www.praha7.cz\/api\/wp\/v2\/users\/5"}],"replies":[{"embeddable":true,"href":"https:\/\/www.praha7.cz\/api\/wp\/v2\/comments?post=31192"}],"version-history":[{"count":1,"href":"https:\/\/www.praha7.cz\/api\/wp\/v2\/posts\/31192\/revisions"}],"predecessor-version":[{"id":31199,"href":"https:\/\/www.praha7.cz\/api\/wp\/v2\/posts\/31192\/revisions\/31199"}],"wp:featuredmedia":[{"embeddable":true,"href":"https:\/\/www.praha7.cz\/api\/wp\/v2\/media\/31198"}],"wp:attachment":[{"href":"https:\/\/www.praha7.cz\/api\/wp\/v2\/media?parent=31192"}],"wp:term":[{"taxonomy":"category","embeddable":true,"href":"https:\/\/www.praha7.cz\/api\/wp\/v2\/categories?post=31192"},{"taxonomy":"post_tag","embeddable":true,"href":"https:\/\/www.praha7.cz\/api\/wp\/v2\/tags?post=31192"}],"curies":[{"name":"wp","href":"https:\/\/api.w.org\/{rel}","templated":true}]}}