    
{"id":31184,"date":"2019-11-13T17:29:13","date_gmt":"2019-11-13T16:29:13","guid":{"rendered":"https:\/\/www.praha7.cz\/?p=31184"},"modified":"2019-11-15T10:00:43","modified_gmt":"2019-11-15T09:00:43","slug":"festival-svobody-bude-letos-nejvetsi-oslavou-30-let-od-sametove-revoluce-2","status":"publish","type":"post","link":"https:\/\/www.praha7.cz\/festival-svobody-bude-letos-nejvetsi-oslavou-30-let-od-sametove-revoluce-2\/","title":{"rendered":"Festival svobody bude letos nejv\u011bt\u0161\u00ed oslavou 30 let od sametov\u00e9 revoluce"},"content":{"rendered":"<p>[perex]<\/p>\r\n<p>Listopadov\u00e9 v\u00fdro\u010d\u00ed sametov\u00e9 revoluce se bl\u00ed\u017e\u00ed. Organiz\u00e1to\u0159i oslav zvou lidi na koncerty, v\u00fdstavy i&nbsp;vzd\u011bl\u00e1vac\u00ed programy. Vrcholem oslav budou akce na Albertov\u011b, N\u00e1rodn\u00ed t\u0159\u00edd\u011b a&nbsp;V\u00e1clavsk\u00e9m n\u00e1m\u011bst\u00ed v&nbsp;Praze, a&nbsp;sou\u010dasn\u011b se k&nbsp;dne\u0161n\u00edmu dni se zapojilo 35 dal\u0161\u00edch m\u011bst. Jednotliv\u00e9 akce zahrnut\u00e9 do Festivalu svobody po\u0159\u00e1daj\u00ed ob\u010dansk\u00e9 iniciativy, studenti i&nbsp;pam\u011btn\u00edci.<\/p>\r\n<p>[\/perex]<\/p>\r\n<p><em>\u201cChceme-li \u017e\u00edt ve svobod\u011b, radosti a&nbsp;poctivosti, mus\u00edme je okolo sebe p\u011bstovat,\u201d\u00a0<\/em>uv\u00e1d\u011bj\u00ed organiz\u00e1to\u0159i ve spole\u010dn\u00e9m manifestu jako jeden z&nbsp;motiv\u016f oslav. Ty tvo\u0159\u00ed des\u00edtky akc\u00ed r\u016fzn\u00fdch organiz\u00e1tor\u016f, kte\u0159\u00ed na neform\u00e1ln\u00ed b\u00e1zi spolupracuj\u00ed p\u0159i dramaturgii, produkci i&nbsp;propagaci oslav pod spole\u010dnou zna\u010dkou Festival svobody. Vznikla tak doposud nejv\u011bt\u0161\u00ed spole\u010dn\u00e1 iniciativa k&nbsp;oslav\u00e1m leto\u0161n\u00edho 30.&nbsp;v\u00fdro\u010d\u00ed sametov\u00e9 revoluce.<em> \u201c17.&nbsp;listopadu se proto sejdeme v&nbsp;ulic\u00edch, na n\u00e1m\u011bst\u00edch i&nbsp;dal\u0161\u00edch\u00a0<\/em><em>m\u00edstech, abychom pod\u011bkovali za mo\u017enost ve svobod\u011b \u017e\u00edt,\u201d<\/em> uv\u00e1d\u00ed manifest z\u00e1v\u011brem.<\/p>\r\n<p>&nbsp;<\/p>\r\n<h3>Jednotliv\u00e9 akce v&nbsp;r\u00e1mci Festivalu svobody:<\/h3>\r\n<p>&nbsp;<\/p>\r\n<p><strong>Rekonstrukce pr\u016fvodu Albertov\u2013N\u00e1rodn\u00ed<\/strong><\/p>\r\n<p><em>Po\u0159\u00e1daj\u00ed spole\u010dn\u011b iniciativy platformy Festival svobody<\/em><\/p>\r\n<p>Albertov a&nbsp;N\u00e1rodn\u00ed t\u0159\u00eddu letos propoj\u00ed rekonstrukce pr\u016fvodu z&nbsp;roku 1989. Vyr\u00e1\u017eet bude z&nbsp;Albertova po 15.&nbsp;hodin\u011b a&nbsp;po\u0159adatel\u00e9 o\u010dek\u00e1vaj\u00ed, \u017ee bude trvat p\u0159es dv\u011b hodiny. Pr\u016fvod budou doprov\u00e1zet herci v&nbsp;dobov\u00fdch kost\u00fdmech, projekce a&nbsp;zvukov\u00e9 kulisy. Zastav\u00ed se, stejn\u011b jako p\u0159ed t\u0159iceti lety, na Vy\u0161ehrad\u011b a&nbsp;vyvrchol\u00ed u&nbsp;N\u00e1rodn\u00ed t\u0159\u00eddy, kde na n\u011bj nav\u00e1\u017ee program Korza N\u00e1rodn\u00ed a&nbsp;od Jungmannova n\u00e1m\u011bst\u00ed d\u00e1le i&nbsp;Koncert pro budoucnost (viz n\u00ed\u017ee).<\/p>\r\n<p>&nbsp;<\/p>\r\n<p><strong>Svobodn\u00fd listopad<\/strong><\/p>\r\n<p><em>Albertov \/ po\u0159\u00e1d\u00e1 Centrum spolk\u016f, student\u016f a&nbsp;absolvent\u016f Univerzity Karlovy, z. s.<\/em><\/p>\r\n<p>Ud\u00e1losti let 1939 a&nbsp;1989 i&nbsp;17.&nbsp;listopad jako Mezin\u00e1rodn\u00ed den studentstva si p\u0159ipomenou studenti Univerzity Karlovy tradi\u010dn\u00edm ve\u0159ejn\u00fdm setk\u00e1n\u00edm na Albertov\u011b. Program zah\u00e1j\u00ed projevy v\u00fdznamn\u00fdch akademik\u016f, n\u00e1sledovat budou panelov\u00e9 diskuze, p\u0159edn\u00e1\u0161ky a&nbsp;prezentace studentsk\u00fdch spolk\u016f a&nbsp;jin\u00fdch ob\u010dansk\u00fdch iniciativ. Program zde bude kon\u010dit kolem t\u0159et\u00ed hodiny odpoledne, kdy na n\u011bj nav\u00e1\u017ee pr\u016fvod sm\u011b\u0159uj\u00edc\u00ed na Vy\u0161ehrad a&nbsp;N\u00e1rodn\u00ed t\u0159\u00eddu. Setk\u00e1n\u00ed na Albertov\u011b bude vrcholem t\u00fddenn\u00edho programu pro ve\u0159ejnost konaj\u00edc\u00edho se na p\u016fd\u011b univerzity.<\/p>\r\n<p>&nbsp;<\/p>\r\n<p><strong>Korzo N\u00e1rodn\u00ed<\/strong><\/p>\r\n<p><em>N\u00e1rodn\u00ed t\u0159\u00edda \/ po\u0159\u00e1d\u00e1 studentsk\u00fd spolek D\u00edky, \u017ee m\u016f\u017eem<\/em><\/p>\r\n<p>Korzo N\u00e1rodn\u00ed otev\u0159e i&nbsp;letos n\u00e1v\u0161t\u011bvn\u00edk\u016fm celou N\u00e1rodn\u00ed t\u0159\u00eddu, kterou o\u017eiv\u00ed po cel\u00e9 d\u00e9lce ulice bohat\u00fd kulturn\u00ed a&nbsp;vzd\u011bl\u00e1vac\u00ed program. Diskuze, p\u0159edn\u00e1\u0161ky, prezentace neziskov\u00e9ho sektoru i&nbsp;obl\u00edben\u00fd Ob\u00fdv\u00e1k V\u00e1clava Havla dopln\u00ed tak\u00e9 \u0159ada koncert\u016f \u2013 vystoup\u00ed nap\u0159. David Koller, Zrn\u00ed, Prago Union, Dagmar Peckov\u00e1 \u010di Tata Bojs v&nbsp;akustick\u00e9m setu. \u017divou atmosf\u00e9ru navod\u00ed pouli\u010dn\u00ed divadeln\u00edci, tane\u010dn\u00edci a&nbsp;artist\u00e9. <em>\u201cSna\u017e\u00edme se programem vytvo\u0159it co nej\u017eiv\u011bj\u0161\u00ed a&nbsp;doslova nejsvobodn\u011bj\u0161\u00ed atmosf\u00e9ru,\u00a0<\/em><em>kterou si n\u00e1v\u0161t\u011bvn\u00edk z&nbsp;N\u00e1rodn\u00ed ponese i&nbsp;d\u00e1l\u201d<\/em> , vysv\u011btluje programov\u00fd z\u00e1m\u011br dramaturg Oskar Rejchrt. K&nbsp;vid\u011bn\u00ed bude p\u0159\u00edmo na ulici tak\u00e9 n\u011bkolik expozic; nap\u0159\u00edklad v\u00fdstava p\u0159ipraven\u00e1 ve spolupr\u00e1ci s&nbsp;organizac\u00ed Post Bellum nab\u00eddne v&nbsp;mobiln\u00ed aplikaci i&nbsp;roz\u0161\u00ed\u0159enou realitu. Ve\u010der pak ve spole\u010dn\u00e9 re\u017eii po\u0159adatel\u016f s&nbsp;touto organizac\u00ed prob\u011bhne tak\u00e9 velkoform\u00e1tov\u00e1 sv\u011bteln\u00e1 instalace a&nbsp;projekce p\u0159\u00edb\u011bh\u016f sametov\u00e9 revoluce s&nbsp;n\u00e1zvem Pam\u011b\u0165 n\u00e1roda: 1989.<\/p>\r\n<p>&nbsp;<\/p>\r\n<p><strong>Koncert pro budoucnost<\/strong><\/p>\r\n<p><em>V\u00e1clavsk\u00e9 n\u00e1m\u011bst\u00ed \/ po\u0159\u00e1d\u00e1 spolek Nerudn\u00fd fest<\/em><\/p>\r\n<p>Koncert na V\u00e1clavsk\u00e9m n\u00e1m\u011bst\u00ed z\u016fstane v\u011brn\u00fd sv\u00e9mu form\u00e1tu, tedy p\u00e1smu promluv v\u00fdznamn\u00fdch osobnost\u00ed spole\u010densk\u00e9ho \u017eivota a&nbsp;kr\u00e1tk\u00fdch koncertn\u00edch blok\u016f kapel zvu\u010dn\u00fdch jmen. T\u011bmi budou letos nap\u0159. Aneta Langerov\u00e1, Lenka Dusilov\u00e1, Thom Artway, Buty, Vypsan\u00e1 fixa, MIG 21 nebo Tata Bojs. Posledn\u00ed jmenovan\u00e1 kapela p\u0159iprav\u00ed pro svoji show i&nbsp;speci\u00e1ln\u00ed projekci. <em>\u201cV\u011bt\u0161\u00ed zapojen\u00ed Tata Bojs do oslav 30 let svobody je vlastn\u011b nasnad\u011b. Jsme jedna z&nbsp;kapel, kter\u00e1 za\u017eila u\u017e dobu totality, za\u010dali jsme vystupovat v&nbsp;roce 1988.&nbsp;17.&nbsp;listopadu odehrajeme v&nbsp;centru Prahy dokonce dva rozli\u010dn\u00e9 koncerty. Na V\u00e1clavsk\u00e9m n\u00e1m\u011bst\u00ed to bude n\u00e1\u0161 klasick\u00fd elektrick\u00fd \u2018rokenrol\u2019 a&nbsp;na N\u00e1rodn\u00ed t\u0159\u00edd\u011b odpoledne akustick\u00e9 vystoupen\u00ed hodn\u011b \u2018na bl\u00edzko\u2019. J\u00e1 s\u00e1m se do oslav zapoj\u00edm i&nbsp;dv\u011bma vizu\u00e1ln\u00edmi instalacemi. Na N\u00e1rodn\u00ed chyst\u00e1m sochu nad hlavami lid\u00ed a&nbsp;na V\u00e1clav\u00e1k mapping na budovu N\u00e1rodn\u00edho muzea,\u201d<\/em> dod\u00e1v\u00e1 frontman kapely a&nbsp;v\u00fdtvarn\u00edk Milan Cais. Mezi osobnostmi, kter\u00e9 p\u0159ijdou na p\u00f3dium \u201epod kon\u011b\u201c promluvit k&nbsp;tis\u00edc\u016fm poslucha\u010d\u016f, budou letos nap\u0159\u00edklad Michael \u017dantovsk\u00fd, Tom\u00e1\u0161 Hal\u00edk, \u0160imon P\u00e1nek, Martin Mejst\u0159\u00edk nebo Hynek \u010cerm\u00e1k. Organiz\u00e1to\u0159i slibuj\u00ed i&nbsp;\u00fa\u010dast zahrani\u010dn\u00edch host\u016f \u2013 potvrzen\u00fd je mj. b\u00fdval\u00fd velvyslanec USA v&nbsp;\u010cSSR v&nbsp;letech 1983\u20131986 William Luers, kter\u00fd v\u00fdznamn\u011b pom\u00e1hal \u010deskoslovensk\u00e9mu disentu. Koncert pro budoucnost letos o\u010dek\u00e1v\u00e1 vysokou n\u00e1v\u0161t\u011bvnost, slibuje proto i&nbsp;v\u011bt\u0161\u00ed technick\u00e9 z\u00e1zem\u00ed. V\u00e1clavsk\u00e9 n\u00e1m\u011bst\u00ed bude ozvu\u010den\u00e9 a&nbsp;vybaven\u00e9 LED monitory a\u017e k&nbsp;M\u016fstku. Za\u010d\u00e1tek velk\u00e9ho p\u00e1sma koncert\u016f a&nbsp;proslov\u016f 17.&nbsp;11.&nbsp;2019 je pl\u00e1nov\u00e1n na 16:30, konec na 22.&nbsp;hodinu.<\/p>\r\n<p>&nbsp;<\/p>\r\n<p><strong>Sametov\u00e9 posv\u00edcen\u00ed<\/strong><\/p>\r\n<p><em>satirick\u00fd pr\u016fvod Prahou \/ po\u0159\u00e1d\u00e1 spolek F\u00d3rUM<\/em><\/p>\r\n<p>Piln\u011b se p\u0159ipravuje i&nbsp;satirick\u00fd karnevalov\u00fd pr\u016fvod Sametov\u00e9 posv\u00edcen\u00ed, k&nbsp;ter\u00fd projde Prahou letos poosm\u00e9. P\u0159ipomene 17.&nbsp;listopad tak\u00e9 jako Mezin\u00e1rodn\u00ed den studentstva, kter\u00e9 se pr\u00e1v\u011b v&nbsp;posledn\u00edch letech neboj\u00ed ozvat. Studenti pal\u010div\u00e1 t\u00e9mata p\u0159etv\u00e1\u0159ej\u00ed do vizu\u00e1ln\u011b zaj\u00edmav\u00fdch, hrav\u00fdch a&nbsp;provokativn\u00edch forem. Motto leto\u0161n\u00edho ro\u010dn\u00edku zn\u00ed UL\u00cdTLY TI V\u010cELE?! reflektuj\u00edc\u00ed deziluzi z&nbsp;porevolu\u010dn\u00edho v\u00fdvoje, i&nbsp;dnes tolik rezonuj\u00edc\u00ed glob\u00e1ln\u00ed probl\u00e9my.<\/p>\r\n<p>&nbsp;<\/p>\r\n<p><strong>Ceny Pam\u011bti n\u00e1roda a&nbsp;dal\u0161\u00ed akce organizace Post Bellum<\/strong><\/p>\r\n<p><em>N\u00e1rodn\u00ed divadlo \/ N\u00e1rodn\u00ed t\u0159\u00edda \/ cel\u00e1 \u010cR<\/em><\/p>\r\n<p>Organizace Post Bellum letos ji\u017e podes\u00e1t\u00e9 v&nbsp;N\u00e1rodn\u00edm divadle ud\u00edl\u00ed Ceny Pam\u011bti n\u00e1roda osobnostem, kter\u00e9 ve sv\u00fdch \u017eivotech prok\u00e1zaly, \u017ee \u010dest, svoboda a&nbsp;lidsk\u00e1 d\u016fstojnost nejsou jen pr\u00e1zdn\u00e1 slova. Leto\u0161n\u00ed p\u0159ed\u00e1v\u00e1n\u00ed cen p\u0159ekro\u010d\u00ed hranice \u010cech a&nbsp;Slovenska. Post Bellum ale nekon\u010d\u00ed jen u&nbsp;toho. <em>\u201e Na\u0161\u00ed leto\u0161n\u00ed novinkou jsou hlavn\u011b jedine\u010dn\u00e9 projekce a&nbsp;sv\u011bteln\u00e9 instalace, kter\u00e9 se\u00a0<\/em><em>odehraj\u00ed p\u0159\u00edmo 17.&nbsp;listopadu na domech N\u00e1rodn\u00ed t\u0159\u00eddy. Tak\u00e9 se nov\u011b zapojujeme do Festivalu\u00a0<\/em><em>svobody na \u0161kol\u00e1ch a&nbsp;spolu se spolky D\u00edky, \u017ee m\u016f\u017eem a&nbsp;Nerudn\u00fd fest jsme nejen pro \u0161koly, ale i&nbsp;pro\u00a0<\/em><em>n\u00e1v\u0161t\u011bvn\u00edky Prahy vytvo\u0159ili v\u00fdstavu St\u0159\u00edpky revoluce\u201c,<\/em> \u0159\u00edk\u00e1 Mikul\u00e1\u0161 Kroupa, \u0159editel Post Bellum. Celou \u010ceskou republiku tak\u00e9 spoj\u00ed jedine\u010dn\u00e9 gesto: 17.&nbsp;listopadu v&nbsp;17:11 hod. se rozezn\u00ed v\u0161echny zvony kostel\u016f a&nbsp;radnic. P\u0159ipomeneme si tak hodnotu svobody i&nbsp;ty, kte\u0159\u00ed za ni bojovali.<\/p>\r\n<p>&nbsp;<\/p>\r\n<p><strong>Unik\u00e1tn\u00ed v\u00fdstava Komunikace 89<\/strong><\/p>\r\n<p><em>Praha-Bubny \/ po\u0159\u00e1d\u00e1 Pam\u00e1tn\u00edk \u0160oa Praha o.p.s.<\/em><\/p>\r\n<p>K Festivalu svobody se letos poprv\u00e9 p\u0159ipojila i&nbsp;iniciativa Pam\u00e1tn\u00edk ticha, kter\u00e1 p\u0159ipravila v\u00fdstavu Komunikace 89 aneb st\u00e1tn\u00ed p\u0159evrat bez internetu. Tu bude mo\u017en\u00e9 zhl\u00e9dnout od 11.&nbsp;\u0159\u00edjna do 30.&nbsp;listopadu denn\u011b od 14 do 18 hodin ve v&nbsp;\u00fdstavn\u00edm prostoru na Letensk\u00e9 pl\u00e1ni. V\u00fdstavn\u00ed a&nbsp;komunika\u010dn\u00ed projekt, kter\u00fd po\u0159\u00e1d\u00e1 autorsk\u00fd t\u00fdm z&nbsp;Pam\u00e1tn\u00edku ticha, pro\u017eitkovou formou p\u0159ibl\u00ed\u017e\u00ed komunika\u010dn\u00ed a&nbsp;medi\u00e1ln\u00ed pozad\u00ed zlomov\u00fdch okam\u017eik\u016f politick\u00e9ho p\u0159evratu z&nbsp;cel\u00e9ho konce roku 1989. Pouk\u00e1\u017ee p\u0159edev\u0161\u00edm na datum 25.&nbsp;listopadu, kdy do\u0161lo ke zru\u0161en\u00ed cenzury. <em>\u201eV\u00fdstavou chceme upozornit na symbolick\u00fd po\u010d\u00e1tek otev\u0159en\u00e9 komunikace, na faktickou revoluci listopadov\u00e9ho p\u0159evratu, j\u00ed\u017e je n\u00e1vrat k&nbsp;vlastn\u00ed identit\u011b a&nbsp;svobod\u011b slova,\u201c<\/em> \u0159\u00edk\u00e1 organiz\u00e1tor v\u00fdstavy Pavel \u0160tingl. Doprovodn\u00fd program nab\u00eddne t\u00e9matick\u00e9 diskuse a&nbsp;workshopy.<\/p>\r\n<p>&nbsp;<\/p>\r\n<p><strong>Festival svobody v&nbsp;regionech<\/strong><\/p>\r\n<p><em>za spolupr\u00e1ce s&nbsp;platformou Festival svobody po\u0159\u00e1daj\u00ed jednotliv\u00e9 iniciativy po cel\u00e9 \u010cR<\/em><\/p>\r\n<p>Krom\u011b programu v&nbsp;Praze se k&nbsp;platform\u011b Festival svobody p\u0159ipojilo p\u0159es 35 region\u00e1ln\u00edch iniciativ a&nbsp;jejich po\u010det st\u00e1le nar\u016fst\u00e1. Jedn\u00e1 se jak o&nbsp;m\u011bsta velk\u00e1, jako t\u0159eba Brno s&nbsp;e sv\u00fdm bohat\u00fdm programem v&nbsp;r\u00e1mci Brn\u011bnsk\u00e9ho sedmn\u00e1ct\u00e9ho , tak i&nbsp;o&nbsp;men\u0161\u00ed \u2013 za v\u0161echny jmenujme nap\u0159\u00edklad M\u011bstec Kr\u00e1lov\u00e9 s&nbsp;filmov\u00fdm prom\u00edt\u00e1n\u00edm a&nbsp;hromadn\u00fdm shrom\u00e1\u017ed\u011bn\u00edm. V\u011bt\u0161ina m\u011bst zpracov\u00e1v\u00e1 celot\u00fddenn\u00ed bohat\u00fd program a&nbsp;db\u00e1 na to, aby oslavu leto\u0161n\u00edho v\u00fdro\u010d\u00ed nepodcenila. Kup\u0159\u00edkladu celom\u011bs\u00ed\u010dn\u00ed oslavy v&nbsp;Jind\u0159ichov\u011b Hradci zahrnuj\u00ed v\u00fdstavy, n\u011bkolik besed a&nbsp;prohl\u00eddek m\u011bsta, koncerty i&nbsp;hromadn\u00e9 setk\u00e1n\u00ed na n\u00e1m\u011bst\u00ed. V&nbsp;pr\u016fb\u011bhu \u0159\u00edjna se podle na\u0161ich odhad\u016f po\u010det zapojen\u00fdch m\u011bst zdvojn\u00e1sob\u00ed a&nbsp;vzniknou tak celorepublikov\u011b zat\u00edm nejjednotn\u011bj\u0161\u00ed ob\u010dansk\u00e9 oslavy za dobu fungov\u00e1n\u00ed Festivalu svobody jako\u017eto otev\u0159en\u00e9 platformy.<\/p>\r\n<p>&nbsp;<\/p>\r\n<p><strong>V\u00edce informac\u00ed na <a href=\"https:\/\/www.festivalsvobody.cz\/\">www.festivalsvobody.cz<\/a><\/strong><\/p>","protected":false},"excerpt":{"rendered":"[perex] Listopadov\u00e9 v\u00fdro\u010d\u00ed sametov\u00e9 revoluce se bl\u00ed\u017e\u00ed. Organiz\u00e1to\u0159i oslav zvou lidi na koncerty, v\u00fdstavy i&nbsp;vzd\u011bl\u00e1vac\u00ed programy. Vrcholem oslav budou akce na Albertov\u011b, N\u00e1rodn\u00ed t\u0159\u00edd\u011b a&nbsp;V\u00e1clavsk\u00e9m n\u00e1m\u011bst\u00ed v&nbsp;Praze, a&nbsp;sou\u010dasn\u011b se k&nbsp;dne\u0161n\u00edmu dni se zapojilo 35 dal\u0161\u00edch m\u011bst. Jednotliv\u00e9 akce zahrnut\u00e9 do Festivalu svobody po\u0159\u00e1daj\u00ed ob\u010dansk\u00e9 iniciativy, studenti i&nbsp;pam\u011btn\u00edci. [\/perex] \u201cChceme-li \u017e\u00edt ve svobod\u011b, radosti a&nbsp;poctivosti, mus\u00edme [&hellip;]","protected":false},"author":5,"featured_media":31185,"comment_status":"closed","ping_status":"open","sticky":false,"template":"","format":"standard","meta":[],"categories":[34],"tags":[],"_links":{"self":[{"href":"https:\/\/www.praha7.cz\/api\/wp\/v2\/posts\/31184"}],"collection":[{"href":"https:\/\/www.praha7.cz\/api\/wp\/v2\/posts"}],"about":[{"href":"https:\/\/www.praha7.cz\/api\/wp\/v2\/types\/post"}],"author":[{"embeddable":true,"href":"https:\/\/www.praha7.cz\/api\/wp\/v2\/users\/5"}],"replies":[{"embeddable":true,"href":"https:\/\/www.praha7.cz\/api\/wp\/v2\/comments?post=31184"}],"version-history":[{"count":1,"href":"https:\/\/www.praha7.cz\/api\/wp\/v2\/posts\/31184\/revisions"}],"predecessor-version":[{"id":31186,"href":"https:\/\/www.praha7.cz\/api\/wp\/v2\/posts\/31184\/revisions\/31186"}],"wp:featuredmedia":[{"embeddable":true,"href":"https:\/\/www.praha7.cz\/api\/wp\/v2\/media\/31185"}],"wp:attachment":[{"href":"https:\/\/www.praha7.cz\/api\/wp\/v2\/media?parent=31184"}],"wp:term":[{"taxonomy":"category","embeddable":true,"href":"https:\/\/www.praha7.cz\/api\/wp\/v2\/categories?post=31184"},{"taxonomy":"post_tag","embeddable":true,"href":"https:\/\/www.praha7.cz\/api\/wp\/v2\/tags?post=31184"}],"curies":[{"name":"wp","href":"https:\/\/api.w.org\/{rel}","templated":true}]}}