    
{"id":31138,"date":"2019-11-12T14:14:04","date_gmt":"2019-11-12T13:14:04","guid":{"rendered":"https:\/\/www.praha7.cz\/?p=31138"},"modified":"2019-11-12T15:40:48","modified_gmt":"2019-11-12T14:40:48","slug":"incien-predstavil-zamestnancum-radnice-principy-cirkularni-ekonomiky","status":"publish","type":"post","link":"https:\/\/www.praha7.cz\/incien-predstavil-zamestnancum-radnice-principy-cirkularni-ekonomiky\/","title":{"rendered":"INCIEN p\u0159edstavil zam\u011bstnanc\u016fm radnice principy cirkul\u00e1rn\u00ed ekonomiky"},"content":{"rendered":"<p>[perex]<\/p>\r\n<p>Ve \u010dtvrtek 7.&nbsp;listopadu 2019 se \u010d\u00e1st zam\u011bstnanc\u016f m\u011bstsk\u00e9 \u010d\u00e1sti Praha&nbsp;7 z\u00fa\u010dastnila p\u0159edn\u00e1\u0161kov\u00e9ho workshopu pod veden\u00edm <a href=\"https:\/\/incien.org\/\">Institutu Cirkul\u00e1rn\u00ed Ekonomiky<\/a>. Krom\u011b uveden\u00ed do t\u00e9matu, je\u017e je sou\u010d\u00e1st\u00ed adapta\u010dn\u00edch opat\u0159en\u00ed na zm\u011bnu klimatu, p\u0159edstavila zakladatelka a&nbsp;\u0159editelka institutu So\u0148a Jon\u00e1\u0161ov\u00e1 p\u0159\u00edklady dobr\u00e9 praxe u&nbsp;n\u00e1s i&nbsp;v&nbsp;zahrani\u010d\u00ed.<\/p>\r\n<p>[\/perex]<\/p>\r\n<p>Mohlo by se zd\u00e1t, \u017ee c\u00edlem cirkul\u00e1rn\u00ed ekonomiky (CE) je hlavn\u011b recyklace odpad\u016f, ale nen\u00ed tomu tak. Prim hraje zm\u011bna nastaven\u00ed syst\u00e9mu od samotn\u00e9ho za\u010d\u00e1tku. \u201e<em>Je to ekosyst\u00e9m, ve kter\u00e9m nic nen\u00ed odpadem. Naopak v\u0161echno, co produkujeme, m\u016f\u017ee b\u00fdt zdrojem vyu\u017eit\u00fdm d\u00e1le. Nen\u00ed to ani nic nov\u00e9ho \u2013 tento syst\u00e9m tu existoval v\u017edycky,<\/em>\u201c uvedla <strong>So\u0148a Jon\u00e1\u0161ov\u00e1<\/strong>. D\u016fraz je kladem na prevenci vzniku odpad\u016f, op\u011btovn\u00e9 vyu\u017eit\u00ed materi\u00e1l\u016f a&nbsp;maximalizaci doby jejich udr\u017een\u00ed v\u00a0ob\u011bhu. T\u00edm se li\u0161\u00ed od syst\u00e9mu line\u00e1rn\u00ed ekonomiky s\u00a0\u0159et\u011bzcem: \u201evyt\u011b\u017eit \u2013 vyrobit \u2013 vyhodit\u201c. V\u00a0sou\u010dasn\u00e9 dob\u011b se n\u00e1m dle dat Ministerstva pr\u016fmyslu a&nbsp;obchodu da\u0159\u00ed v\u00a0\u010cesk\u00e9 republice vracet pouze 7,6&nbsp;% materi\u00e1l\u016f zp\u011bt do ob\u011bhu.<\/p>\r\n<p>Jak mohou cirkul\u00e1rn\u011b fungovat kav\u00e1rensk\u00e9 provozy, od listopadu minul\u00e9ho roku zji\u0161\u0165uje nap\u0159\u00edklad pilotn\u00ed projekt <a href=\"https:\/\/www.praha7.cz\/cirkularni-kavarny\/\">Cirkul\u00e1rn\u00ed kav\u00e1rny<\/a>, na kter\u00e9m spolupracuje INCIEN, svozov\u00e1 firma Pra\u017esk\u00e9 slu\u017eby, je\u017e projekt finan\u010dn\u011b za\u0161t\u00edtila, a&nbsp;radnice Prahy&nbsp;7. Na Sedmi\u010dce se do tohoto projektu zapojilo p\u011bt kav\u00e1ren, kter\u00e9 hledaj\u00ed cesty, jak mno\u017estv\u00ed odpad\u016f sni\u017eovat a\u00a0chovat se zodpov\u011bdn\u011bji k\u00a0\u017eivotn\u00edmu prost\u0159ed\u00ed. Projektov\u00e1 mana\u017eerka INCIENu <strong>Barbora Kebov\u00e1<\/strong> p\u0159edstavila Desatero cirkul\u00e1rn\u00ed kav\u00e1rny spole\u010dn\u011b s\u00a0<a href=\"https:\/\/incien.org\/cirkularnikavarny\/\">p\u0159\u00edru\u010dkou<\/a>, kterou si m\u016f\u017eete voln\u011b st\u00e1hnout a&nbsp;sezn\u00e1mit se s&nbsp;v\u00fdsledky zm\u00edn\u011bn\u00e9ho pilotn\u00edho projektu.<\/p>\r\n<p>V\u00a0r\u00e1mci workshopu se \u00fa\u010dastn\u00edci mimo jin\u00e9 dozv\u011bd\u011bli, jak lze uplat\u0148ovat my\u0161lenky CE jako jednotlivec ve vlastn\u00ed dom\u00e1cnosti i&nbsp;jako zam\u011bstnanec p\u016fsob\u00edc\u00ed v&nbsp;kancel\u00e1\u0159i (a&nbsp;v\u00a0kuchy\u0148k\u00e1ch) na \u00fa\u0159ad\u011b. Speci\u00e1ln\u00ed blok semin\u00e1\u0159e byl v\u011bnov\u00e1n doporu\u010den\u00edm, jak lze nastavit krit\u00e9ria ve v\u00fdb\u011brov\u00fdch \u0159\u00edzen\u00edch a&nbsp;n\u00e1kupech, kter\u00e9 prob\u00edhaj\u00ed na radnici Prahy&nbsp;7.<\/p>\r\n<p>Publikace ke sta\u017een\u00ed <a href=\"https:\/\/incien.org\/publikace\/\">zde<\/a>.<\/p>\r\n<p><iframe loading=\"lazy\" width=\"560\" height=\"314\" src=\"\/\/www.youtube.com\/embed\/c8vV-EbL8_g\" allowfullscreen=\"allowfullscreen\"><\/iframe><\/p>\r\n<hr \/>\r\n<p><strong>Institut Cirkul\u00e1rn\u00ed Ekonomiky<\/strong> je nevl\u00e1dn\u00ed neziskov\u00e1 organizace, kter\u00e1 se zam\u011b\u0159uje na inovativn\u00ed environment\u00e1ln\u00ed management. Mis\u00ed INCIEN je informovat, vzd\u011bl\u00e1vat, interpretovat osv\u011bd\u010den\u00e9 postupy a&nbsp;spole\u010dn\u011b vytv\u00e1\u0159et pr\u016fkopnick\u00e9 projekty p\u0159i p\u0159echodu z&nbsp;line\u00e1rn\u00ed na cirkul\u00e1rn\u00ed ekonomiku. Ve spolupr\u00e1ci s&nbsp;firmami, obcemi, vl\u00e1dn\u00edm sektorem, neziskov\u00fdmi organizacemi a&nbsp;dal\u0161\u00edmi z\u00e1jmov\u00fdmi skupinami realizuje ro\u010dn\u011b des\u00edtky projekt\u016f.<\/p>\r\n<hr \/>\r\n<p><img loading=\"lazy\" src=\"https:\/\/www.praha7.cz\/wp-content\/uploads\/2019\/11\/Screenshot_1.png\" alt=\"\" width=\"720\" height=\"689\" class=\"alignnone wp-image-31139 size-full\" srcset=\"https:\/\/www.praha7.cz\/wp-content\/uploads\/2019\/11\/Screenshot_1.png 720w, https:\/\/www.praha7.cz\/wp-content\/uploads\/2019\/11\/Screenshot_1-418x400.png 418w\" sizes=\"(max-width: 720px) 100vw, 720px\" \/><\/p>","protected":false},"excerpt":{"rendered":"[perex] Ve \u010dtvrtek 7.&nbsp;listopadu 2019 se \u010d\u00e1st zam\u011bstnanc\u016f m\u011bstsk\u00e9 \u010d\u00e1sti Praha&nbsp;7 z\u00fa\u010dastnila p\u0159edn\u00e1\u0161kov\u00e9ho workshopu pod veden\u00edm Institutu Cirkul\u00e1rn\u00ed Ekonomiky. Krom\u011b uveden\u00ed do t\u00e9matu, je\u017e je sou\u010d\u00e1st\u00ed adapta\u010dn\u00edch opat\u0159en\u00ed na zm\u011bnu klimatu, p\u0159edstavila zakladatelka a&nbsp;\u0159editelka institutu So\u0148a Jon\u00e1\u0161ov\u00e1 p\u0159\u00edklady dobr\u00e9 praxe u&nbsp;n\u00e1s i&nbsp;v&nbsp;zahrani\u010d\u00ed. [\/perex] Mohlo by se zd\u00e1t, \u017ee c\u00edlem cirkul\u00e1rn\u00ed ekonomiky (CE) je hlavn\u011b recyklace [&hellip;]","protected":false},"author":97,"featured_media":31140,"comment_status":"closed","ping_status":"open","sticky":false,"template":"","format":"standard","meta":[],"categories":[34],"tags":[],"_links":{"self":[{"href":"https:\/\/www.praha7.cz\/api\/wp\/v2\/posts\/31138"}],"collection":[{"href":"https:\/\/www.praha7.cz\/api\/wp\/v2\/posts"}],"about":[{"href":"https:\/\/www.praha7.cz\/api\/wp\/v2\/types\/post"}],"author":[{"embeddable":true,"href":"https:\/\/www.praha7.cz\/api\/wp\/v2\/users\/97"}],"replies":[{"embeddable":true,"href":"https:\/\/www.praha7.cz\/api\/wp\/v2\/comments?post=31138"}],"version-history":[{"count":4,"href":"https:\/\/www.praha7.cz\/api\/wp\/v2\/posts\/31138\/revisions"}],"predecessor-version":[{"id":31144,"href":"https:\/\/www.praha7.cz\/api\/wp\/v2\/posts\/31138\/revisions\/31144"}],"wp:featuredmedia":[{"embeddable":true,"href":"https:\/\/www.praha7.cz\/api\/wp\/v2\/media\/31140"}],"wp:attachment":[{"href":"https:\/\/www.praha7.cz\/api\/wp\/v2\/media?parent=31138"}],"wp:term":[{"taxonomy":"category","embeddable":true,"href":"https:\/\/www.praha7.cz\/api\/wp\/v2\/categories?post=31138"},{"taxonomy":"post_tag","embeddable":true,"href":"https:\/\/www.praha7.cz\/api\/wp\/v2\/tags?post=31138"}],"curies":[{"name":"wp","href":"https:\/\/api.w.org\/{rel}","templated":true}]}}