    
{"id":31091,"date":"2019-11-11T17:40:32","date_gmt":"2019-11-11T16:40:32","guid":{"rendered":"https:\/\/www.praha7.cz\/?p=31091"},"modified":"2019-11-11T17:48:52","modified_gmt":"2019-11-11T16:48:52","slug":"jak-na-televizni-vysilani-dvb-t2","status":"publish","type":"post","link":"https:\/\/www.praha7.cz\/jak-na-televizni-vysilani-dvb-t2\/","title":{"rendered":"Jak na televizn\u00ed vys\u00edl\u00e1n\u00ed DVB-T2?"},"content":{"rendered":"<p>[perex]<\/p>\r\n<p>V cel\u00e9 \u010cesk\u00e9 republice se m\u011bn\u00ed star\u00fd televizn\u00ed sign\u00e1l na modern\u00ed DVB-T2. Konkr\u00e9tn\u011b v&nbsp;noci z&nbsp;27.&nbsp;na 28.&nbsp;listopadu odstartuje v&nbsp;druh\u00e1 vlna televizn\u00ed digitalizace. P\u0159elad\u011bn\u00ed na nov\u00fd digit\u00e1ln\u00ed sign\u00e1l DVB-T2 se postupn\u011b dotkne v\u0161ech dom\u00e1cnost\u00ed, kter\u00e9 p\u0159ij\u00edmaj\u00ed vys\u00edl\u00e1n\u00ed pomoc\u00ed venkovn\u00ed \u010di klasick\u00e9 ant\u00e9ny nebo spole\u010dn\u00e9 ant\u00e9ny pro bytov\u00e9 domy. \u010cesk\u00e1 televize nab\u00edz\u00ed informa\u010dn\u00ed pomoc s&nbsp;p\u0159elad\u011bn\u00edm na nov\u00fd sign\u00e1l DVB-T2 na webu <a href=\"https:\/\/www.ceskatelevize.cz\/porady\/10000000381-dvb-t-konci\/\">digict.cz<\/a> nebo na telefonu 2&nbsp;6113&nbsp;6113.\u00a0<\/p>\r\n<p>[\/perex]<\/p>\r\n<p><img loading=\"lazy\" src=\"https:\/\/www.praha7.cz\/wp-content\/uploads\/2019\/11\/dvb-t2.png\" alt=\"\" width=\"705\" height=\"603\" class=\"alignnone wp-image-31093 size-full\" srcset=\"https:\/\/www.praha7.cz\/wp-content\/uploads\/2019\/11\/dvb-t2.png 705w, https:\/\/www.praha7.cz\/wp-content\/uploads\/2019\/11\/dvb-t2-468x400.png 468w\" sizes=\"(max-width: 705px) 100vw, 705px\" \/><\/p>","protected":false},"excerpt":{"rendered":"[perex] V&nbsp;cel\u00e9 \u010cesk\u00e9 republice se m\u011bn\u00ed star\u00fd televizn\u00ed sign\u00e1l na modern\u00ed DVB-T2. Konkr\u00e9tn\u011b v&nbsp;noci z&nbsp;27.&nbsp;na 28.&nbsp;listopadu odstartuje v&nbsp;druh\u00e1 vlna televizn\u00ed digitalizace. P\u0159elad\u011bn\u00ed na nov\u00fd digit\u00e1ln\u00ed sign\u00e1l DVB-T2 se postupn\u011b dotkne v\u0161ech dom\u00e1cnost\u00ed, kter\u00e9 p\u0159ij\u00edmaj\u00ed vys\u00edl\u00e1n\u00ed pomoc\u00ed venkovn\u00ed \u010di klasick\u00e9 ant\u00e9ny nebo spole\u010dn\u00e9 ant\u00e9ny pro bytov\u00e9 domy. \u010cesk\u00e1 televize nab\u00edz\u00ed informa\u010dn\u00ed pomoc s&nbsp;p\u0159elad\u011bn\u00edm na nov\u00fd [&hellip;]","protected":false},"author":97,"featured_media":31092,"comment_status":"closed","ping_status":"open","sticky":false,"template":"","format":"standard","meta":[],"categories":[34],"tags":[],"_links":{"self":[{"href":"https:\/\/www.praha7.cz\/api\/wp\/v2\/posts\/31091"}],"collection":[{"href":"https:\/\/www.praha7.cz\/api\/wp\/v2\/posts"}],"about":[{"href":"https:\/\/www.praha7.cz\/api\/wp\/v2\/types\/post"}],"author":[{"embeddable":true,"href":"https:\/\/www.praha7.cz\/api\/wp\/v2\/users\/97"}],"replies":[{"embeddable":true,"href":"https:\/\/www.praha7.cz\/api\/wp\/v2\/comments?post=31091"}],"version-history":[{"count":3,"href":"https:\/\/www.praha7.cz\/api\/wp\/v2\/posts\/31091\/revisions"}],"predecessor-version":[{"id":31096,"href":"https:\/\/www.praha7.cz\/api\/wp\/v2\/posts\/31091\/revisions\/31096"}],"wp:featuredmedia":[{"embeddable":true,"href":"https:\/\/www.praha7.cz\/api\/wp\/v2\/media\/31092"}],"wp:attachment":[{"href":"https:\/\/www.praha7.cz\/api\/wp\/v2\/media?parent=31091"}],"wp:term":[{"taxonomy":"category","embeddable":true,"href":"https:\/\/www.praha7.cz\/api\/wp\/v2\/categories?post=31091"},{"taxonomy":"post_tag","embeddable":true,"href":"https:\/\/www.praha7.cz\/api\/wp\/v2\/tags?post=31091"}],"curies":[{"name":"wp","href":"https:\/\/api.w.org\/{rel}","templated":true}]}}