    
{"id":30965,"date":"2019-11-06T17:16:16","date_gmt":"2019-11-06T16:16:16","guid":{"rendered":"https:\/\/www.praha7.cz\/?p=30965"},"modified":"2020-02-24T14:28:37","modified_gmt":"2020-02-24T13:28:37","slug":"praha-7-se-pripojila-k-charte-diverzity","status":"publish","type":"post","link":"https:\/\/www.praha7.cz\/praha-7-se-pripojila-k-charte-diverzity\/","title":{"rendered":"Praha&nbsp;7 se p\u0159ipojila k&nbsp;Chart\u011b diverzity"},"content":{"rendered":"<p>[perex]<\/p>\r\n<p>K\u00a0Chart\u011b diverzity se v\u00a0\u010cesk\u00e9 republice p\u0159ipojilo dal\u0161\u00edch sedm signat\u00e1\u0159\u016f \u2013 a&nbsp;to jak firem, tak municipalit:\u00a0INVENTI, Henkel \u010cR, Lidl \u010cesk\u00e1 republika, Mezin\u00e1rodn\u00ed cena v\u00e9vody z\u00a0Edinburghu (DofE), Microsoft \u010cesk\u00e1 republika, M\u011bsto Litom\u011b\u0159ice a&nbsp;m\u011bstsk\u00e1 \u010d\u00e1st Praha&nbsp;7. Z\u00e1stupci nov\u00fdch signat\u00e1\u0159\u016f slavnostn\u011b podepsali Chartu diverzity 5.&nbsp;listopadu 2019 na p\u016fd\u011b Velvyslanectv\u00ed \u0160v\u00e9dska v&nbsp;\u010cesk\u00e9 republice za \u00fa\u010dasti velvyslankyn\u011b \u0160v\u00e9dska v\u00a0\u010cR, pan\u00ed Viktorie Li. V&nbsp;Chart\u011b diverzity se zam\u011bstnavatel\u00e9 zavazuj\u00ed rozv\u00edjet v\u0161eobecn\u011b tolerantn\u00ed pracovn\u00ed prost\u0159ed\u00ed bez ohledu na v\u011bk, vyzn\u00e1n\u00ed, pohlav\u00ed, sexu\u00e1ln\u00ed orientaci \u010di zdravotn\u00ed stav.<\/p>\r\n<p>[\/perex]<\/p>\r\n<p>Evropsk\u00e1 Charta diverzity, v\u00a0n\u00ed\u017e se p\u0159edn\u00ed zam\u011bstnavatel\u00e9 hl\u00e1s\u00ed k\u00a0z\u00e1vazku rozv\u00edjet v\u0161eobecn\u011b tolerantn\u00ed pracovn\u00ed prost\u0159ed\u00ed, v\u00a0\u010cesku ofici\u00e1ln\u011b odstartovala v\u00a0roce 2014. Chartu podporuje Evropsk\u00e1 komise (DG Justice) a\u00a0v\u00a0\u010cR byla uvedena pod z\u00e1\u0161titou MPSV a&nbsp;\u00da\u0159adu vl\u00e1dy. Charta diverzity je dobrovoln\u00fdm z\u00e1vazkem firem, zam\u011bstnavatel\u016f nebo tak\u00e9 m\u011bst, obc\u00ed \u010di st\u00e1tn\u00edch nebo ve\u0159ejnopr\u00e1vn\u00edch instituc\u00ed.<\/p>\r\n<p>V\u00a0Evrop\u011b ji podepsalo ji\u017e p\u0159es 10&nbsp;000 zam\u011bstnavatel\u016f, co\u017e reprezentuje p\u0159ibli\u017en\u011b 15 milionu zam\u011bstnanc\u016f. Charta vych\u00e1z\u00ed z\u00a0p\u0159edpokladu, \u017ee je v\u00a0ekonomick\u00e9m z\u00e1jmu spole\u010dnost\u00ed budovat firemn\u00ed kulturu, kter\u00e1 je profesn\u011b otev\u0159ena ka\u017ed\u00e9mu, nez\u00e1visle na pohlav\u00ed, rase, barv\u011b pleti, n\u00e1rodnosti, etnick\u00e9m p\u016fvodu, n\u00e1bo\u017eenstv\u00ed, sv\u011btov\u00e9m n\u00e1zoru, zdravotn\u00edm stavu, v\u011bku, \u010di sexu\u00e1ln\u00ed orientaci.<\/p>\r\n<p>V\u00a0\u010cesk\u00e9 republice se k\u00a0Chart\u011b diverzity dosud p\u0159ipojilo \u2013 v\u010detn\u011b nov\u00fdch signat\u00e1\u0159\u016f \u2013 77 zam\u011bstnavatel\u016f, co\u017e p\u0159edstavuje v\u00edce ne\u017e 200\u00a0000 zam\u011bstnanc\u016f.<\/p>\r\n<p>BpS \u2013 Byznys pro spole\u010dnost je jako koordin\u00e1tor Charty diverzity \u010dlenem evropsk\u00e9 platformy Charty diverzity, v\u00a0n\u00ed\u017e se da\u0159\u00ed spolupracovat s\u00a0\u010dlensk\u00fdmi st\u00e1ty EU a&nbsp;s\u00a0Evropskou komis\u00ed a&nbsp;rozv\u00edjet p\u0159\u00edstup zam\u011bstnavatel\u016f k\u00a0diverzit\u011b a&nbsp;inkluzi na pracovi\u0161ti.<\/p>\r\n<p><strong>Nov\u00ed signat\u00e1\u0159i Charty diverzity:<\/strong><\/p>\r\n<p><strong>\u00b7\u00a0\u00a0\u00a0\u00a0\u00a0\u00a0\u00a0\u00a0 INVENTI \u00a0\u2013\u00a0<a href=\"https:\/\/www.inventi.cz\/\">https:\/\/www.inventi.cz\/<\/a><\/strong><\/p>\r\n<p><strong>\u00b7\u00a0\u00a0\u00a0\u00a0\u00a0\u00a0\u00a0\u00a0 Henkel \u010cR \u2013\u00a0<a href=\"https:\/\/www.henkel.cz\/\">https:\/\/www.henkel.cz\/<\/a><\/strong><\/p>\r\n<p><strong>\u00b7\u00a0\u00a0\u00a0\u00a0\u00a0\u00a0\u00a0\u00a0 Lidl \u010cesk\u00e1 republika \u2013\u00a0<a href=\"https:\/\/www.lidl.cz\/\">https:\/\/www.lidl.cz\/<\/a><\/strong><\/p>\r\n<p><strong>\u00b7\u00a0\u00a0\u00a0\u00a0\u00a0\u00a0\u00a0\u00a0 Mezin\u00e1rodn\u00ed cena v\u00e9vody z\u00a0Edinburghu (DofE)\u00a0<a href=\"https:\/\/www.dofe.cz\/\">https:\/\/www.dofe.cz\/<\/a><\/strong><\/p>\r\n<p><strong>\u00b7\u00a0\u00a0\u00a0\u00a0\u00a0\u00a0\u00a0\u00a0 Microsoft \u010cesk\u00e1 republika\u00a0<a href=\"https:\/\/www.microsoft.com\/cs-cz\/\">https:\/\/www.microsoft.com\/cs-cz\/<\/a><\/strong><\/p>\r\n<p><strong>\u00b7\u00a0\u00a0\u00a0\u00a0\u00a0\u00a0\u00a0\u00a0 M\u011bsto Litom\u011b\u0159ice \u2013\u00a0<a href=\"https:\/\/www.litomerice.cz\/\">https:\/\/www.litomerice.cz\/<\/a><\/strong><\/p>\r\n<p><strong>\u00b7\u00a0\u00a0\u00a0\u00a0\u00a0\u00a0\u00a0\u00a0 M\u011bstsk\u00e1 \u010d\u00e1st Praha&nbsp;7 \u2013\u00a0<a href=\"https:\/\/www.praha7.cz\/\">https:\/\/www.praha7.cz\/<\/a><\/strong><\/p>\r\n<p>U p\u0159\u00edle\u017eitosti slavnostn\u00edho podpisu \u0159ekl <em><strong>Jan \u010ci\u017einsk\u00fd, starosta m\u011bstsk\u00e9 \u010d\u00e1sti Praha&nbsp;7<\/strong><\/em>: <em>\u201eDiverzitu vn\u00edm\u00e1me jako princip, kter\u00fd umo\u017e\u0148uje v\u0161em bez rozd\u00edlu a&nbsp;bez ohledu na osobn\u00ed odli\u0161nost rozv\u00edjet a&nbsp;uplat\u0148ovat sv\u016fj talent a&nbsp;potenci\u00e1l. Tento princip je pro n\u00e1s d\u016fle\u017eit\u00fd nejen jako pro zam\u011bstnavatele, ale tak\u00e9 jako pro progresivn\u00ed m\u011bstskou \u010d\u00e1st, kter\u00e1 se sna\u017e\u00ed vytv\u00e1\u0159et pro v\u0161echny sv\u00e9 ob\u010dany podm\u00ednky pro d\u016fstojn\u00fd \u017eivot a&nbsp;uplatn\u011bn\u00ed. Podpis Charty diverzity je pro n\u00e1s logick\u00fdm krokem, kter\u00fdm deklarujeme na\u0161e p\u0159esv\u011bd\u010den\u00ed, \u017ee schopnost vn\u00edmat, respektovat, p\u0159ij\u00edmat a&nbsp;oce\u0148ovat rozmanitost je kl\u00ed\u010dem ke spokojen\u00e9 a&nbsp;siln\u00e9 komunit\u011b.\u201d<\/em><\/p>\r\n<p>Slavnostn\u00edho podpisu Charty diverzity se z\u00fa\u010dastnila i&nbsp;<em><strong>Olga Richterov\u00e1, m\u00edstop\u0159edsedkyn\u011b \u010cesk\u00e9 pir\u00e1tsk\u00e9 strany, m\u00edstop\u0159edsedkyn\u011b V\u00fdboru pro soci\u00e1ln\u00ed politiku PS P\u010cR<\/strong><\/em>:\u00a0<em>\u201eV listopadu 2018 jsem m\u011bla tu \u010dest jako jedin\u00e1 \u010desk\u00e1 poslankyn\u011b zastupovat na\u0161i zemi na konferenci poslanky\u0148 z&nbsp;cel\u00e9ho sv\u011bta \u2013 Women MPs of the World Conference. Pestrou se\u0161lost v&nbsp;britsk\u00e9m parlamentu \u2013 oslavu posledn\u00edch 100 let spole\u010densk\u00fdch zm\u011bn a&nbsp;pr\u00e1va volit i&nbsp;b\u00fdt voleny \u2013 odsouhlasil cel\u00fd House of Commons. Hlavn\u00ed poselstv\u00ed zku\u0161enost\u00ed \u017een z&nbsp;cel\u00e9ho sv\u011bta bylo, \u017ee sla\u010fov\u00e1n\u00ed rodiny a&nbsp;pr\u00e1ce nen\u00ed snadn\u00e9 v\u016fbec nikde a&nbsp;nikdy. O&nbsp;to d\u016fle\u017eit\u011bj\u0161\u00ed je o&nbsp;tom mluvit. Proto jsem r\u00e1da, \u017ee se t\u00e9matu podpory rodi\u010d\u016f men\u0161\u00edch d\u011bt\u00ed v\u011bnuje \u010d\u00edm d\u00e1l v\u00edc pozornosti \u2013 i&nbsp;t\u0159eba skrze tuto akci.\u201d<\/em><\/p>\r\n<p>K\u00a0t\u00e9matu \u201eWomen in leadership\u201c \u00a0\u2013 v\u00a0r\u00e1mci programu doprov\u00e1zej\u00edc\u00ed podpis Charty diverzity nov\u00fdmi \u010dleny \u2013 vystoupili vedle Olgy Richterov\u00e9 i&nbsp;Mounia El Hilali, CEO and Chief Sustainability Officer, IKEA Czech Rep., Hungary, Slovakia a&nbsp;Jonathan Rutherford, Director Enterprise Business, Vodafone Czech Republic.<\/p>\r\n<p>&nbsp;<\/p>\r\n<p><img loading=\"lazy\" src=\"https:\/\/www.praha7.cz\/wp-content\/uploads\/2019\/11\/charta-diverzity-1-1500x1000.jpg\" alt=\"\" width=\"640\" height=\"427\" class=\"alignnone size-large wp-image-30966\" srcset=\"https:\/\/www.praha7.cz\/wp-content\/uploads\/2019\/11\/charta-diverzity-1-1500x1000.jpg 1500w, https:\/\/www.praha7.cz\/wp-content\/uploads\/2019\/11\/charta-diverzity-1-600x400.jpg 600w, https:\/\/www.praha7.cz\/wp-content\/uploads\/2019\/11\/charta-diverzity-1-768x512.jpg 768w, https:\/\/www.praha7.cz\/wp-content\/uploads\/2019\/11\/charta-diverzity-1.jpg 1800w\" sizes=\"(max-width: 640px) 100vw, 640px\" \/><\/p>","protected":false},"excerpt":{"rendered":"[perex] K\u00a0Chart\u011b diverzity se v\u00a0\u010cesk\u00e9 republice p\u0159ipojilo dal\u0161\u00edch sedm signat\u00e1\u0159\u016f \u2013 a&nbsp;to jak firem, tak municipalit:\u00a0INVENTI, Henkel \u010cR, Lidl \u010cesk\u00e1 republika, Mezin\u00e1rodn\u00ed cena v\u00e9vody z\u00a0Edinburghu (DofE), Microsoft \u010cesk\u00e1 republika, M\u011bsto Litom\u011b\u0159ice a&nbsp;m\u011bstsk\u00e1 \u010d\u00e1st Praha&nbsp;7. Z\u00e1stupci nov\u00fdch signat\u00e1\u0159\u016f slavnostn\u011b podepsali Chartu diverzity 5.&nbsp;listopadu 2019 na p\u016fd\u011b Velvyslanectv\u00ed \u0160v\u00e9dska v&nbsp;\u010cesk\u00e9 republice za \u00fa\u010dasti velvyslankyn\u011b \u0160v\u00e9dska v\u00a0\u010cR, pan\u00ed [&hellip;]","protected":false},"author":5,"featured_media":30967,"comment_status":"closed","ping_status":"open","sticky":false,"template":"","format":"standard","meta":[],"categories":[34,74],"tags":[],"_links":{"self":[{"href":"https:\/\/www.praha7.cz\/api\/wp\/v2\/posts\/30965"}],"collection":[{"href":"https:\/\/www.praha7.cz\/api\/wp\/v2\/posts"}],"about":[{"href":"https:\/\/www.praha7.cz\/api\/wp\/v2\/types\/post"}],"author":[{"embeddable":true,"href":"https:\/\/www.praha7.cz\/api\/wp\/v2\/users\/5"}],"replies":[{"embeddable":true,"href":"https:\/\/www.praha7.cz\/api\/wp\/v2\/comments?post=30965"}],"version-history":[{"count":3,"href":"https:\/\/www.praha7.cz\/api\/wp\/v2\/posts\/30965\/revisions"}],"predecessor-version":[{"id":33934,"href":"https:\/\/www.praha7.cz\/api\/wp\/v2\/posts\/30965\/revisions\/33934"}],"wp:featuredmedia":[{"embeddable":true,"href":"https:\/\/www.praha7.cz\/api\/wp\/v2\/media\/30967"}],"wp:attachment":[{"href":"https:\/\/www.praha7.cz\/api\/wp\/v2\/media?parent=30965"}],"wp:term":[{"taxonomy":"category","embeddable":true,"href":"https:\/\/www.praha7.cz\/api\/wp\/v2\/categories?post=30965"},{"taxonomy":"post_tag","embeddable":true,"href":"https:\/\/www.praha7.cz\/api\/wp\/v2\/tags?post=30965"}],"curies":[{"name":"wp","href":"https:\/\/api.w.org\/{rel}","templated":true}]}}