    
{"id":30920,"date":"2019-11-07T15:52:55","date_gmt":"2019-11-07T14:52:55","guid":{"rendered":"https:\/\/www.praha7.cz\/?p=30920"},"modified":"2019-11-07T15:52:55","modified_gmt":"2019-11-07T14:52:55","slug":"vlajecky-k-30-vyroci-sametove-revoluce","status":"publish","type":"post","link":"https:\/\/www.praha7.cz\/vlajecky-k-30-vyroci-sametove-revoluce\/","title":{"rendered":"Vlaje\u010dky k&nbsp;30.&nbsp;v\u00fdro\u010d\u00ed sametov\u00e9 revoluce"},"content":{"rendered":"<p>[perex]<\/p>\r\n<p>M\u010c Praha&nbsp;7 nechala p\u0159i p\u0159\u00edle\u017eitosti t\u0159ic\u00e1t\u00e9ho v\u00fdro\u010d\u00ed ud\u00e1lost\u00ed listopadu 1989 vyrobit \u010desk\u00e9 vlaje\u010dky. Vyzvednout si je m\u016f\u017eete\u00a0od 11.&nbsp;listopadu zdarma v\u00a0Informa\u010dn\u00edch centrech\u00a0Prahy\u00a07 (D\u011blnick\u00e1 44, Milady Hor\u00e1kov\u00e9 2) nebo na podateln\u011b \u00daM\u010c Praha&nbsp;7 N\u00e1b\u0159. Kpt. Jaro\u0161e 1000.\u00a0<\/p>\r\n<p>P\u0159ipome\u0148te si ud\u00e1losti p\u00e1du komunistick\u00e9ho re\u017eimu v&nbsp;aktu\u00e1ln\u00edm \u010dl\u00e1nku historika Petra Bla\u017eka\u00a0<a href=\"https:\/\/www.praha7.cz\/gusto-dnes-je-tady-opravdu-husto\/\">Samet na Sedmi\u010dce<\/a>\u00a0v nejnov\u011bj\u0161\u00edm Hobuletu.<\/p>\r\n<p>[\/perex]<\/p>","protected":false},"excerpt":{"rendered":"[perex] M\u010c Praha&nbsp;7 nechala p\u0159i p\u0159\u00edle\u017eitosti t\u0159ic\u00e1t\u00e9ho v\u00fdro\u010d\u00ed ud\u00e1lost\u00ed listopadu 1989 vyrobit \u010desk\u00e9 vlaje\u010dky. Vyzvednout si je m\u016f\u017eete\u00a0od 11.&nbsp;listopadu zdarma v\u00a0Informa\u010dn\u00edch centrech\u00a0Prahy\u00a07 (D\u011blnick\u00e1 44, Milady Hor\u00e1kov\u00e9 2) nebo na podateln\u011b \u00daM\u010c Praha&nbsp;7 N\u00e1b\u0159. Kpt. Jaro\u0161e 1000.\u00a0 P\u0159ipome\u0148te si ud\u00e1losti p\u00e1du komunistick\u00e9ho re\u017eimu v&nbsp;aktu\u00e1ln\u00edm \u010dl\u00e1nku historika Petra Bla\u017eka\u00a0Samet na Sedmi\u010dce\u00a0v nejnov\u011bj\u0161\u00edm Hobuletu. [\/perex]","protected":false},"author":97,"featured_media":31016,"comment_status":"closed","ping_status":"open","sticky":false,"template":"","format":"standard","meta":[],"categories":[34],"tags":[],"_links":{"self":[{"href":"https:\/\/www.praha7.cz\/api\/wp\/v2\/posts\/30920"}],"collection":[{"href":"https:\/\/www.praha7.cz\/api\/wp\/v2\/posts"}],"about":[{"href":"https:\/\/www.praha7.cz\/api\/wp\/v2\/types\/post"}],"author":[{"embeddable":true,"href":"https:\/\/www.praha7.cz\/api\/wp\/v2\/users\/97"}],"replies":[{"embeddable":true,"href":"https:\/\/www.praha7.cz\/api\/wp\/v2\/comments?post=30920"}],"version-history":[{"count":4,"href":"https:\/\/www.praha7.cz\/api\/wp\/v2\/posts\/30920\/revisions"}],"predecessor-version":[{"id":30925,"href":"https:\/\/www.praha7.cz\/api\/wp\/v2\/posts\/30920\/revisions\/30925"}],"wp:featuredmedia":[{"embeddable":true,"href":"https:\/\/www.praha7.cz\/api\/wp\/v2\/media\/31016"}],"wp:attachment":[{"href":"https:\/\/www.praha7.cz\/api\/wp\/v2\/media?parent=30920"}],"wp:term":[{"taxonomy":"category","embeddable":true,"href":"https:\/\/www.praha7.cz\/api\/wp\/v2\/categories?post=30920"},{"taxonomy":"post_tag","embeddable":true,"href":"https:\/\/www.praha7.cz\/api\/wp\/v2\/tags?post=30920"}],"curies":[{"name":"wp","href":"https:\/\/api.w.org\/{rel}","templated":true}]}}