    
{"id":30890,"date":"2019-11-04T17:55:57","date_gmt":"2019-11-04T16:55:57","guid":{"rendered":"https:\/\/www.praha7.cz\/?p=30890"},"modified":"2019-11-05T10:39:00","modified_gmt":"2019-11-05T09:39:00","slug":"skolske-odbory-vyhlasily-na-stredu-stavku","status":"publish","type":"post","link":"https:\/\/www.praha7.cz\/skolske-odbory-vyhlasily-na-stredu-stavku\/","title":{"rendered":"\u0160kolsk\u00e9 odbory vyhl\u00e1sily na st\u0159edu st\u00e1vku"},"content":{"rendered":"<p>[perex]<\/p>\r\n<p>\u0160kolsk\u00e9 odbory vyhl\u00e1sily na st\u0159edu 6.&nbsp;listopadu 2019 celodenn\u00ed st\u00e1vku. Upozor\u0148ujeme rodi\u010de, \u017ee n\u011bkter\u00e9 z\u00e1kladn\u00ed i&nbsp;mate\u0159sk\u00e9 \u0161koly v&nbsp;Praze 7 se mohou ke st\u0159ede\u010dn\u00ed st\u00e1vce p\u0159ipojit. Pro aktu\u00e1ln\u00ed informace, pros\u00edme, sledujte webov\u00e9 str\u00e1nky konkr\u00e9tn\u00ed \u0161koly.<\/p>\r\n<p><a href=\"https:\/\/www.praha7.cz\/potrebuji-zaridit\/skolstvi\/zakladni-skoly\/prehled-zakladnich-skol\/\">P\u0159ehled z\u00e1kladn\u00edch \u0161kol v&nbsp;Praze 7<\/a><\/p>\r\n<p><a href=\"https:\/\/www.praha7.cz\/potrebuji-zaridit\/skolstvi\/materske-skoly\/prehled-materskych-skol\/\">P\u0159ehled mate\u0159sk\u00fdch \u0161kol v&nbsp;Praze 7<\/a><\/p>\r\n<p>Dopl\u0148uj\u00edc\u00ed informace:<\/p>\r\n<p><a href=\"http:\/\/www.praha.eu\/jnp\/cz\/o_meste\/magistrat\/tiskovy_servis\/tiskove_zpravy\/v_dobe_stavky_ucitelu_mohou_deti_do.html\">V dob\u011b st\u00e1vky u\u010ditel\u016f mohou d\u011bti do pra\u017esk\u00e9 zoo za korunu<\/a><\/p>\r\n<p>[\/perex]<\/p>\r\n<p><iframe loading=\"lazy\" width=\"560\" height=\"314\" src=\"\/\/www.youtube.com\/embed\/DHoBD93ybEk\" allowfullscreen=\"allowfullscreen\"><\/iframe><\/p>","protected":false},"excerpt":{"rendered":"[perex] \u0160kolsk\u00e9 odbory vyhl\u00e1sily na st\u0159edu 6.&nbsp;listopadu 2019 celodenn\u00ed st\u00e1vku. Upozor\u0148ujeme rodi\u010de, \u017ee n\u011bkter\u00e9 z\u00e1kladn\u00ed i&nbsp;mate\u0159sk\u00e9 \u0161koly v&nbsp;Praze 7 se mohou ke st\u0159ede\u010dn\u00ed st\u00e1vce p\u0159ipojit. Pro aktu\u00e1ln\u00ed informace, pros\u00edme, sledujte webov\u00e9 str\u00e1nky konkr\u00e9tn\u00ed \u0161koly. P\u0159ehled z\u00e1kladn\u00edch \u0161kol v&nbsp;Praze 7 P\u0159ehled mate\u0159sk\u00fdch \u0161kol v&nbsp;Praze 7 Dopl\u0148uj\u00edc\u00ed informace: V&nbsp;dob\u011b st\u00e1vky u\u010ditel\u016f mohou d\u011bti do pra\u017esk\u00e9 zoo [&hellip;]","protected":false},"author":97,"featured_media":30891,"comment_status":"closed","ping_status":"open","sticky":false,"template":"","format":"standard","meta":[],"categories":[34],"tags":[],"_links":{"self":[{"href":"https:\/\/www.praha7.cz\/api\/wp\/v2\/posts\/30890"}],"collection":[{"href":"https:\/\/www.praha7.cz\/api\/wp\/v2\/posts"}],"about":[{"href":"https:\/\/www.praha7.cz\/api\/wp\/v2\/types\/post"}],"author":[{"embeddable":true,"href":"https:\/\/www.praha7.cz\/api\/wp\/v2\/users\/97"}],"replies":[{"embeddable":true,"href":"https:\/\/www.praha7.cz\/api\/wp\/v2\/comments?post=30890"}],"version-history":[{"count":7,"href":"https:\/\/www.praha7.cz\/api\/wp\/v2\/posts\/30890\/revisions"}],"predecessor-version":[{"id":30904,"href":"https:\/\/www.praha7.cz\/api\/wp\/v2\/posts\/30890\/revisions\/30904"}],"wp:featuredmedia":[{"embeddable":true,"href":"https:\/\/www.praha7.cz\/api\/wp\/v2\/media\/30891"}],"wp:attachment":[{"href":"https:\/\/www.praha7.cz\/api\/wp\/v2\/media?parent=30890"}],"wp:term":[{"taxonomy":"category","embeddable":true,"href":"https:\/\/www.praha7.cz\/api\/wp\/v2\/categories?post=30890"},{"taxonomy":"post_tag","embeddable":true,"href":"https:\/\/www.praha7.cz\/api\/wp\/v2\/tags?post=30890"}],"curies":[{"name":"wp","href":"https:\/\/api.w.org\/{rel}","templated":true}]}}