    
{"id":30856,"date":"2019-11-01T15:17:23","date_gmt":"2019-11-01T14:17:23","guid":{"rendered":"https:\/\/www.praha7.cz\/?p=30856"},"modified":"2019-11-01T15:17:24","modified_gmt":"2019-11-01T14:17:24","slug":"vsechno-nejlepsi-praho-7","status":"publish","type":"post","link":"https:\/\/www.praha7.cz\/vsechno-nejlepsi-praho-7\/","title":{"rendered":"V\u0161echno nejlep\u0161\u00ed, Praho 7"},"content":{"rendered":"<p class=\"Z-kladn--odstavec ParaOverride-9\"><span class=\"CharOverride-2\">[perex]<\/span><\/p>\r\n<p class=\"Z-kladn--odstavec ParaOverride-9\"><span class=\"CharOverride-2\">Listopad leto\u0161n\u00edho roku nep\u0159in\u00e1\u0161\u00ed pouze v\u00fdro\u010d\u00ed <\/span><span class=\"CharOverride-2\">sametov\u00e9 revoluce. I\u00a0na\u0161e m\u011bstsk\u00e1 \u010d\u00e1st m\u00e1 d\u016fvod <\/span><span class=\"CharOverride-2\">k\u00a0oslav\u00e1m\u00a0\u2013 v\u00a0prosinci 2019 uplyne ji\u017e 135 let od p\u0159ipojen\u00ed spojen\u00fdch obc\u00ed Hole\u0161ovice-Bubny k\u00a0Praze. Jak to tehdy v\u00a0na\u0161\u00ed \u010dtvrti vypadalo a\u00a0jak se \u017eilo?<\/span><\/p>\r\n<p>[\/perex]<br \/>\r\n<em><span class=\"CharOverride-52\">Most c\u00edsa\u0159e Franti\u0161ka Josefa\u00a0I. a\u00a0silnice pod Letnou v\u00a080.&nbsp;letech 19.&nbsp;stolet\u00ed<\/span><\/em><\/p>\r\n<p><span class=\"CharOverride-5\"> D\u011bjiny \u00fazem\u00ed, na kter\u00e9m se dnes rozkl\u00e1d\u00e1 m\u011bstsk\u00e1 \u010d\u00e1st s\u00a0po\u0159adov\u00fdm \u010d\u00edslem sedm, jsou pochopiteln\u011b mnohem del\u0161\u00ed. Dlouh\u00e1 stalet\u00ed se na poloostrov\u011b tvo\u0159en\u00e9m mean<\/span><span class=\"CharOverride-5\">drem Vltavy a\u00a0v\u00a0jeho bezprost\u0159edn\u00ed bl\u00edzkosti rozv\u00edjely pom\u011brn\u011b odli\u0161n\u011b dv\u011b vesnice\u00a0\u2013 Bubny (n\u011bkdy naz\u00fdvan\u00e9 Mal\u00e9 Bubny) a\u00a0Hole\u0161ovice (Velk\u00e9 Hole\u0161ovice). V\u00a0Bubnech se os\u00eddlen\u00ed soust\u0159e\u010fovalo na vltavsk\u00e9m b\u0159ehu okolo prastar\u00e9ho kostel\u00edka sv. Klimenta a\u00a0bl\u00edzk\u00e9ho brodu p\u0159es \u0159eku. Nejstar\u0161\u00ed obyvatel\u00e9 Hole\u0161ovic m\u011bli sv\u00e1 skromn\u00e1 hospod\u00e1\u0159stv\u00ed <\/span><span class=\"CharOverride-5\">v\u00a0oblasti tzv. Z\u00e1tor (v\u00a0okol\u00ed dne\u0161n\u00ed stanice metra N\u00e1dra\u017e\u00ed Hole\u0161ovice sm\u011brem k\u00a0Vltav\u011b). Bl\u00edzkost metropole \u010cech Prahy m\u011bla pro zdej\u0161\u00ed obyvatele sv\u00e9 sv\u011btl\u00e9 i\u00a0stinn\u00e9 str\u00e1nky. Pra\u017esk\u00e1 tr\u017ei\u0161t\u011b byla m\u00edstem, kde mohli nab\u00edzet plodiny ze sv\u00fdch pol\u00ed\u010dek nebo ryby nachytan\u00e9 ve Vltav\u011b. Na druhou stranu ob\u011b vesnice, p\u0159edev\u0161\u00edm ale Bubny trp\u011bly n\u00e1jezdy ciz\u00edch arm\u00e1d, kter\u00e9 tudy t\u00e1hly na Prahu (t\u0159icetilet\u00e1 v\u00e1lka, francouzsk\u00e9 obl\u00e9h\u00e1n\u00ed Prahy v\u00a0roce 1742 apod.).<\/span><\/p>\r\n<p class=\"Z-kladn--odstavec ParaOverride-2\"><strong><span class=\"CharOverride-53\">D\u0159evo, ryby i\u00a0melouny<br \/>\r\n<\/span><\/strong><span class=\"CharOverride-5\">Zm\u011bny do zab\u011bhl\u00e9ho \u017eivota obyvatel Hole\u0161ovic i\u00a0Bubn\u016f p\u0159in\u00e1\u0161\u00ed a\u017e 19.&nbsp;stolet\u00ed. V\u00a0roce 1823 je v\u00a0Hole\u0161ovic\u00edch (p\u0159ibli\u017en\u011b v\u00a0m\u00edstech dne\u0161n\u00ed benzinov\u00e9 pumpy mezi ulicemi Partyz\u00e1nsk\u00e1, Vrbensk\u00e9ho a\u00a0U\u00a0Elektr\u00e1rny) z\u0159\u00edzena prvn\u00ed tov\u00e1rna\u00a0\u2013 kartounka, kterou vlastnil Max Dormitzer <\/span><span class=\"CharOverride-5\">a\u00a0pozd\u011bji p\u0159e\u0161la do majetku rodiny Kubinczky. Prvn\u00ed vla\u0161tovka ale jaro ned\u011bl\u00e1\u00a0\u2013 o\u00a0venkovsk\u00e9m charakteru obou obc\u00ed p\u0159ed polovinou 19.&nbsp;stolet\u00ed (1839) nejl\u00e9pe sv\u011bd\u010d\u00ed rozd\u011blen\u00ed zdej\u0161\u00ed p\u016fdy podle \u00fa\u010delu pou\u017eit\u00ed. Z\u00a0celkov\u00e9 rozlohy katastru obou obc\u00ed (532 hektar\u016f) tvo\u0159ily polnosti v\u00edce ne\u017e 2\/3 plochy (360 ha), louky, pastviny a\u00a0zahrady zab\u00edraly 66 ha. K\u00a0Hole\u0161ovic\u00edm-Bubn\u016fm n\u00e1le\u017eely administrativn\u011b i\u00a0Mal\u00e9 Hole\u0161ovice (dne\u0161n\u00ed Hole\u0161ovi\u010dky), tak\u017ee \u010d\u00e1st \u00fazem\u00ed\u00a0\u2013 konkr\u00e9tn\u011b 9 hektar\u016f\u00a0\u2013 pokr\u00fdvaly tam\u011bj\u0161\u00ed vinice. Zastav\u011bn\u00e9 plochy bylo tehdy 1&nbsp;% z\u00a0celkov\u00e9 rozlohy (5,5 ha). Je tedy patrn\u00e9, \u017ee m\u00edstn\u00ed se zab\u00fdvali p\u0159edev\u0161\u00edm zem\u011bd\u011blstv\u00edm. Pom\u011brn\u011b v\u00fdnosn\u00e9 bylo i\u00a0p\u011bstov\u00e1n\u00ed zeleniny, kterou zdej\u0161\u00ed prod\u00e1vali na trz\u00edch v\u00a0Praze. Zvl\u00e1\u0161\u0165 obl\u00edben\u00fd b\u00fdval \u00fadajn\u011b hole\u0161ovick\u00fd koln\u00edk (tu\u0159\u00edn), ale p\u011bstovaly se zde i\u00a0kedlubny, zel\u00ed, karfiol a\u00a0dokonce i\u00a0melouny. Ob\u017eivu obyvatel\u016fm p\u0159in\u00e1\u0161ela pochopiteln\u011b tak\u00e9 Vltava. Krom\u011b ryba\u0159en\u00ed a\u00a0prosek\u00e1v\u00e1n\u00ed ledu a\u00a0jeho n\u00e1sledn\u00e9ho prodeje v\u00a0zimn\u00edm obdob\u00ed p\u0159edstavovaly v\u00edtan\u00fd p\u0159iv\u00fdd\u011blek paradoxn\u011b <\/span><span class=\"CharOverride-5\">i\u00a0pom\u011brn\u011b \u010detn\u00e9 povodn\u011b. Velk\u00e1 voda sem toti\u017e z\u00a0Prahy a\u00a0okol\u00ed p\u0159in\u00e1\u0161ela mno\u017estv\u00ed d\u0159eva, kter\u00e9 zdej\u0161\u00ed vraceli za odm\u011bnu majitel\u016fm nebo jej d\u00e1le prod\u00e1vali.<\/span><\/p>\r\n<p class=\"Z-kladn--odstavec ParaOverride-2\"><span class=\"CharOverride-5\">Velice d\u016fle\u017eitou spojnic\u00ed star\u00fdch Hole\u0161ovic a\u00a0\u201ezbytku sv\u011bta\u201c i\u00a0zdrojem ob\u017eivy zdej\u0161\u00edch obyvatel byly p\u0159\u00edvozy. U\u017e ve st\u0159edov\u011bku zde fungovaly dva\u00a0\u2013 podle polohy zvan\u00e9 dolej\u0161\u00ed (n\u011bkdy t\u00e9\u017e c\u00edsa\u0159sk\u00fd) a\u00a0horn\u00ed. Dolej\u0161\u00ed p\u0159\u00edvoz m\u011bl svou trasu p\u0159ibli\u017en\u011b v\u00a0m\u00edstech dne\u0161n\u00edho Trojsk\u00e9ho mostu. Ho\u0159ej\u0161\u00edm bylo mo\u017eno p\u0159eplavit \u0159eku v\u00a0m\u00edstech dne\u0161n\u00edho mostu Barik\u00e1dn\u00edk\u016f, v\u00a0roce 1874 jej zakoupila pra\u017esk\u00e1 obec a\u00a0obratem ho pronajala rodin\u011b Va\u0148hov\u00fdch, kter\u00e1 jej provozovala dal\u0161\u00ed des\u00edtky let. Existence p\u0159\u00edvoz\u016f je dolo\u017eena i\u00a0v\u00a0Bubnech\u00a0\u2013 na \u0160tvanici a\u00a0do Karl\u00edna (1791), dal\u0161\u00ed <\/span><span class=\"CharOverride-5\">vyplouval na prot\u011bj\u0161\u00ed b\u0159eh p\u0159ibli\u017en\u011b na \u00farovni dne\u0161n\u00ed ulice <\/span><span class=\"CharOverride-5\">Komunard\u016f (1884).<\/span><\/p>\r\n<p class=\"Z-kladn--odstavec ParaOverride-2\"><span class=\"CharOverride-5\">Zaj\u00edmav\u00fd vhled do reality Hole\u0161ovic-Bubn\u016f poloviny 19.&nbsp;stolet\u00ed n\u00e1m poskytuj\u00ed tehdej\u0161\u00ed n\u00e1zvy n\u011bkter\u00fdch m\u00edstn\u00edch lokalit. P\u016fvod \u0159ady z\u00a0nich je ale mnohem star\u0161\u00ed. Dodnes u\u017e\u00edvan\u00e9 pojmenov\u00e1n\u00ed Z\u00e1tory (\u010di Z\u00e1tvory) znamen\u00e1 n\u00edzk\u00fd b\u0159eh zad\u00edran\u00fd p\u0159i jarn\u00edch povodn\u00edch ledov\u00fdmi krami nebo utr\u017een\u00fdmi vory. N\u00e1zev Maniny zase odkazuje k\u00a0tehdy\u00a0neregulovan\u00e9mu korytu, \u0159eka zde tekla \u201eman\u011b\u201c (nahodile). \u00dazem\u00ed v\u00fdchodn\u011b od dne\u0161n\u00edho mostu Barik\u00e1dn\u00edk\u016f sm\u011brem k\u00a0Vltav\u011b se naz\u00fdvalo \u201ePulmon\u201c (pop\u0159. U\u00a0Pulmona). Tento zvl\u00e1\u0161tn\u00ed n\u00e1zev je po\u010de\u0161t\u011bn\u00fdm francouzsk\u00fdm slovem \u00e9paulement (val, n\u00e1sep) <\/span><span class=\"CharOverride-5\">a\u00a0souvisel s\u00a0vojensk\u00fdm cvi\u010di\u0161t\u011bm, kter\u00e9 zde vzniklo v\u00a018.&nbsp;stolet\u00ed. O\u00a0tom, jak dlouho se tento n\u00e1zev udr\u017eel v\u00a0pov\u011bdom\u00ed lid\u00ed, sv\u011bd\u010d\u00ed fakt, \u017ee je\u0161t\u011b koncem 20.&nbsp;let 20.&nbsp;stolet\u00ed fungovala v\u00a0ulici Na Manin\u00e1ch restaurace s&nbsp;n\u00e1zvem\u00a0 Na P\u016flmon\u011b. V\u00a0m\u00edstech b\u00fdval\u00e9ho hole\u0161ovick\u00e9ho pivovaru, nedaleko st\u0159elnice,\u00a0<\/span><span class=\"CharOverride-5\">b\u00fdval h\u00e1j (odtud i\u00a0pojmenov\u00e1n\u00ed ulice V\u00a0H\u00e1ji), m\u00edstn\u00ed starousedl\u00edci \u0159\u00edk\u00e1vali, \u017ee chod\u00ed <\/span><span class=\"CharOverride-5\">\u201edo h\u00e1jku\u201c nebo \u201epod h\u00e1jek\u201c. B\u0159eh\u016fm Vltavy na Manin\u00e1ch se \u0159\u00edk\u00e1valo \u201eNa p\u00edsk\u00e1ch\u201c. Sv\u00e9 vlastn\u00ed n\u00e1zvy m\u011bli i\u00a0Buben\u0161t\u00ed. \u010c\u00e1st dne\u0161n\u00ed Letn\u00e9 zhruba od t\u0159\u00eddy Milady Hor\u00e1kov\u00e9 sm\u011brem k\u00a0Buben\u010di i\u00a0k\u00a0V\u00fdstavi\u0161ti se naz\u00fdvala \u010certou\u0161ek. Nakonec se tento prastar\u00fd n\u00e1zev udr\u017eel a\u017e do po\u010d\u00e1tku 20.&nbsp;stolet\u00ed, do roku 1904 se \u010d\u00e1st nyn\u011bj\u0161\u00ed He\u0159manovy ulice (od ulice Dukelsk\u00fdch hrdin\u016f po Kamenickou) naz\u00fdvala pr\u00e1v\u011b Na \u010certou\u0161ku. Letensk\u00e9 pl\u00e1ni se \u0159\u00edkalo \u201eNa rovin\u011b\u201c, vinic\u00edm (pozd\u011bji sad\u016fm na Letn\u00e9) \u201eNa Belvederu\u201c.<\/span><\/p>\r\n<p><a href=\"https:\/\/www.praha7.cz\/vsechno-nejlepsi-praho-7\/01_letensk%e2%80%a0_str%e2%80%a0__erozivn____labiny_1606_r\/\" rel=\"attachment wp-att-30858\"><img loading=\"lazy\" src=\"https:\/\/www.praha7.cz\/wp-content\/uploads\/2019\/11\/01_letensk\u2020_str\u2020__erozivn____labiny_1606_R.jpg\" alt=\"\" width=\"679\" height=\"416\" class=\"alignnone size-full wp-image-30858\" srcset=\"https:\/\/www.praha7.cz\/wp-content\/uploads\/2019\/11\/01_letensk\u2020_str\u2020__erozivn____labiny_1606_R.jpg 679w, https:\/\/www.praha7.cz\/wp-content\/uploads\/2019\/11\/01_letensk\u2020_str\u2020__erozivn____labiny_1606_R-600x368.jpg 600w\" sizes=\"(max-width: 679px) 100vw, 679px\" \/><\/a><br \/>\r\n<em>Pohled na letensk\u00fd vrch na po\u010d\u00e1tku 17.&nbsp;stolet\u00ed<\/em><\/p>\r\n<p class=\"Z-kladn--odstavec ParaOverride-2\"><span class=\"CharOverride-53\"><strong>Praha vystrkuje dr\u00e1pky<\/strong><br \/>\r\n<\/span><span class=\"CharOverride-5\">Je\u0161t\u011b v\u00a0roce 1843 byly ob\u011b obce skute\u010dn\u00fdmi vesnicemi\u00a0\u2013 v\u00a0Hole\u0161ovic\u00edch \u017eilo tis\u00edc obyvatel, v\u00a0Bubnech pouh\u00e9 \u010dty\u0159i stovky. V\u011bt\u0161\u00ed a\u00a0<\/span><span class=\"CharOverride-5\">rychlej\u0161\u00ed rozvoj Hole\u0161ovic-Bubn\u016f (administrativn\u011b byly ob\u011b obce spojeny v\u00a0roce 1849, dle n\u011bkter\u00fdch zdroj\u016f a\u017e o\u00a020 let pozd\u011bji) nast\u00e1v\u00e1 a\u017e v\u00a0dob\u011b, kdy se 19.&nbsp;stolet\u00ed p\u0159ehouplo do sv\u00e9 druh\u00e9 poloviny. Jedn\u00edm z\u00a0hlavn\u00edch impulz\u016f byla v\u00fdstavba \u017eelezni\u010dn\u00ed trati z\u00a0Prahy do Podmokel vedouc\u00ed p\u0159es Negrelliho viadukt a\u00a0Bubny. Je\u0161t\u011b v\u011bt\u0161\u00ed v\u00fdznam m\u011blo zah\u00e1jen\u00ed provozu bubensk\u00e9ho n\u00e1dra\u017e\u00ed v\u00a0roce 1868, \u010d\u00edm\u017e se v\u00fdrazn\u011b usnadnila doprava v\u00fdrobk\u016f zdej\u0161\u00edch firem. St\u00e1l\u00e9 spojen\u00ed Prahy a\u00a0rozv\u00edjej\u00edc\u00edho se p\u0159edm\u011bst\u00ed m\u011bl pak zajistit most c\u00edsa\u0159e Franti\u0161ka Josefa\u00a0I., kter\u00fd vznikl v\u00a0letech 1865\u20131868. Sou\u010dasn\u011b s\u00a0n\u00edm vznikly silnice pod Letnou, stejn\u011b jako komunikace vedouc\u00ed do Stromovky (pozd\u011bji B\u011blsk\u00e9ho t\u0159\u00edda, dnes Dukelsk\u00fdch hrdin\u016f) a\u00a0na Letnou (Belcrediho, dnes Milady Hor\u00e1kov\u00e9). Tyto akce financovala z\u00a0v\u011bt\u0161\u00ed \u010d\u00e1sti pra\u017esk\u00e1 obec, z\u00a0\u010deho\u017e je patrn\u00e9, \u017ee pra\u017e\u0161t\u00ed radn\u00ed si u\u017e tehdy d\u011blali na Hole\u0161ovice \u201ez\u00e1lusk\u201c. Nebyly to ostatn\u011b jedin\u00e9 p\u0159\u00edpady, kdy hlavn\u00ed m\u011bsto investovalo v\u00a0budouc\u00ed Praze 7. U\u017e v\u00a0roce 1860 koupilo vinice a\u00a0lisovn\u00ed domek na Letn\u00e9, o\u00a0rok pozd\u011bji byl zalo\u017een park, kter\u00fd dostal n\u00e1zev Sady korunn\u00edho prince Rudolfa. V\u00a0roce 1863 vystav\u011bn\u00fd Letensk\u00fd z\u00e1me\u010dek, op\u011bt v\u00a0re\u017eii Prahy, dotvo\u0159il sady jako obl\u00edben\u00e9 v\u00fdletn\u00ed m\u00edsto pro Pra\u017eany. U\u017e na po\u010d\u00e1tku sedmdes\u00e1t\u00fdch let tak\u00e9 m\u011bsto Praha po\u0159izuje rozs\u00e1hl\u00e9 pozemky pod\u00e9l Vltavy nedaleko Bubn\u016f, kde pl\u00e1nuje vystav\u011bt centr\u00e1ln\u00ed por\u00e1\u017eku dobytka pro Prahu i\u00a0okoln\u00ed obce. I\u00a0kdy\u017e jatka nakonec vznikla a\u017e v\u00a0devades\u00e1t\u00fdch letech 19.&nbsp;stolet\u00ed, z\u00e1m\u011br postavit je pr\u00e1v\u011b zde poslou\u017eil zcela jist\u011b jako dal\u0161\u00ed z\u00a0argument\u016f pro p\u0159ipojen\u00ed Hole\u0161ovic-Bubn\u016f k\u00a0Praze.<\/span><\/p>\r\n<p class=\"Z-kladn--odstavec ParaOverride-2\"><span class=\"CharOverride-5\">Ani p\u0159edstavitel\u00e9 hole\u0161ovicko-bubensk\u00e9 samospr\u00e1vy nez\u016fst\u00e1vali ve zlep\u0161ov\u00e1n\u00ed sv\u00e9 obce pozadu. V\u00a0roce 1874 nechali postavit na pozemku pobl\u00ed\u017e dne\u0161n\u00edho V\u00fdstavi\u0161t\u011b plyn\u00e1rnu. Tento obecn\u00ed podnik samoz\u0159ejm\u011b p\u0159in\u00e1\u0161el do obecn\u00ed kasy v\u00edtan\u00e9 <\/span><span class=\"CharOverride-5\">p\u0159\u00edjmy. R\u016fst po\u010dtu obyvatel s\u00a0sebou nesl nutnost udr\u017eovat a\u00a0roz\u0161i\u0159ovat zdej\u0161\u00ed \u0161koly. V\u00a0roce <\/span><span class=\"CharOverride-5\">1850 se vyu\u010dovalo ve \u0161kole v\u00a0Hole\u0161ovic\u00edch (v\u00a0tehdej\u0161\u00ed Palack\u00e9ho ulici \u010dp. 82), do t\u00e9to \u0161koly byly takzvan\u011b p\u0159i\u0161koleny i\u00a0d\u011bti z\u00a0Bubn\u016f, celkem sem chodilo 147 d\u011bt\u00ed. S\u00a0p\u0159ib\u00fdvaj\u00edc\u00edm po\u010dtem obyvatel ale nar\u016fstala pot\u0159eba dal\u0161\u00edch prostor pro \u0161kolu\u00a0\u2013 pro dal\u0161\u00ed t\u0159\u00eddy tak byly naj\u00edm\u00e1ny m\u00edstnosti v\u00a0soukrom\u00fdch domech. Samostatn\u00e1 \u0161kola v\u00a0Bubnech byla z\u0159\u00edzena a\u017e v\u00a0roce 1874 a\u00a0o\u00a0tom, v\u00a0jak\u00e9m prost\u0159ed\u00ed se zdej\u0161\u00ed d\u011bti vzd\u011bl\u00e1valy, referuj\u00ed s\u00a0odstupem \u010dasu Karl\u00ednsk\u00e9 listy: \u201eR. 1874 byla zde z\u0159\u00edzena dvout\u0159\u00eddn\u00ed obecn\u00e1 \u0161kola sm\u00ed\u0161en\u00e1 (se 286 d\u011btmi), kter\u00e1 byla um\u00edst\u011bna na dvo\u0159e pivovaru (Kej\u0159\u016fv pivovar st\u00e1val p\u0159ibli\u017en\u011b v\u00a0m\u00edstech sou\u010dasn\u00e9 budovy \u00daM\u010c, pozn. aut.) nad chl\u00e9vy ve dvou skrovn\u00fdch sv\u011btnic\u00edch a\u00a0tak primitivn\u011b, \u017ee vch\u00e1zely d\u011bti do druh\u00e9 t\u0159\u00eddy p\u0159es t\u0159\u00eddu prvn\u00ed, je\u017eto nem\u011bla ka\u017ed\u00e1 t\u0159\u00edda sv\u00e9ho zvl\u00e1\u0161tn\u00edho vchodu.\u201c Skute\u010dn\u011b z\u00e1sadn\u00edm krokem bylo postaven\u00ed rozlehl\u00e9 budovy pro d\u00edv\u010d\u00ed i\u00a0chlapeckou obecnou \u0161kolu v\u00a0Jablonsk\u00e9ho ulici (dnes zde s\u00eddl\u00ed obchodn\u00ed akademie a\u00a0st\u0159edn\u00ed a\u00a0vy\u0161\u0161\u00ed \u0161kola od\u011bvn\u00edho n\u00e1vrh\u00e1\u0159stv\u00ed). Prvn\u00ed skute\u010dn\u011b modern\u00ed \u0161kola v\u00a0Hole\u0161ovic\u00edch za\u010dala d\u011btem slou\u017eit v\u00a0<\/span><span class=\"CharOverride-5\">z\u00e1\u0159\u00ed\u00a01884.<\/span><\/p>\r\n<p class=\"Z-kladn--odstavec ParaOverride-2\"><span class=\"CharOverride-5\">Vzhledem k\u00a0nar\u016fstaj\u00edc\u00ed populaci ne\u0159e\u0161ila m\u00edstn\u00ed samospr\u00e1va jen \u0161kol\u00e1ky, akutn\u00ed se st\u00e1vala i\u00a0nutnost z\u0159\u00edzen\u00ed nov\u00e9ho m\u00edsta pro posledn\u00ed odpo\u010dinek zdej\u0161\u00edch. Kapacita prastar\u00e9ho h\u0159bitova kolem kostel\u00edka sv. Klimenta byla zcela vy\u010derp\u00e1na, obec tedy zakoupila pozemek ve Strojnick\u00e9 ulici a\u00a0v\u00a0roce 1873 zde byl z\u0159\u00edzen nov\u00fd h\u0159bitov.<\/span><\/p>\r\n<p class=\"Z-kladn--odstavec ParaOverride-2\"><span class=\"CharOverride-5\">Obdob\u00ed mezi lety 1850 a\u00a01880 bylo pro Hole\u0161ovice-Bubny \u00e9rou pom\u011brn\u011b rychl\u00e9ho rozvoje, z\u00a0vesnic agr\u00e1rn\u00edho charakteru se stalo pulzuj\u00edc\u00ed p\u0159edm\u011bst\u00ed bl\u00edzk\u00e9 metropole. Ze s\u010d\u00edt\u00e1n\u00ed obyvatel v\u00a0roce 1880 vypl\u00fdv\u00e1, \u017ee Hole\u0161ovice-Bubny m\u011bly tehdy 10&nbsp;852 obyvatel. I\u00a0kdy\u017e nejv\u011bt\u0161\u00ed p\u0159\u00edr\u016fstek obyvatel \u010dekal na\u0161i \u010dtvr\u0165 a\u017e v\u00a0obdob\u00ed mezi lety 1890 a\u00a01900, byly Hole\u0161ovice-Bubny u\u017e tehdy dvaadvac\u00e1t\u00fdm nejv\u011bt\u0161\u00edm m\u011bstem v\u00a0\u010cech\u00e1ch. Bl\u00edzkost a\u00a0prov\u00e1zanost Hole\u0161ovic-Bubn\u016f s\u00a0Prahou se logicky projevila ve snaze obou subjekt\u016f spojit se, k\u00a0\u010demu\u017e nakonec do\u0161lo v\u00a0roce 1884. Co t\u00e9to integraci p\u0159edch\u00e1zelo a\u00a0jak prob\u011bhla, se dozv\u00edte v\u00a0p\u0159\u00ed\u0161t\u00edm \u010d\u00edsle.\u00a0<\/span><\/p>\r\n<p><a href=\"https:\/\/www.praha7.cz\/vsechno-nejlepsi-praho-7\/03_o02_r\/\" rel=\"attachment wp-att-30859\"><img loading=\"lazy\" src=\"https:\/\/www.praha7.cz\/wp-content\/uploads\/2019\/11\/03_o02_R.jpg\" alt=\"\" width=\"489\" height=\"328\" class=\"alignnone size-full wp-image-30859\" \/><\/a><br \/>\r\n<em>Palack\u00e9ho ulice ve star\u00fdch Hole\u0161ovic\u00edch, budova vpravo (s&nbsp;v\u011b\u017ei\u010dkou) slou\u017eila jako \u0161kola<\/em><\/p>","protected":false},"excerpt":{"rendered":"[perex] Listopad leto\u0161n\u00edho roku nep\u0159in\u00e1\u0161\u00ed pouze v\u00fdro\u010d\u00ed sametov\u00e9 revoluce. I\u00a0na\u0161e m\u011bstsk\u00e1 \u010d\u00e1st m\u00e1 d\u016fvod k\u00a0oslav\u00e1m\u00a0\u2013 v\u00a0prosinci 2019 uplyne ji\u017e 135 let od p\u0159ipojen\u00ed spojen\u00fdch obc\u00ed Hole\u0161ovice-Bubny k\u00a0Praze. Jak to tehdy v\u00a0na\u0161\u00ed \u010dtvrti vypadalo a\u00a0jak se \u017eilo? [\/perex] Most c\u00edsa\u0159e Franti\u0161ka Josefa\u00a0I. a\u00a0silnice pod Letnou v\u00a080.&nbsp;letech 19.&nbsp;stolet\u00ed D\u011bjiny \u00fazem\u00ed, na kter\u00e9m se dnes rozkl\u00e1d\u00e1 m\u011bstsk\u00e1 \u010d\u00e1st [&hellip;]","protected":false},"author":76,"featured_media":30857,"comment_status":"closed","ping_status":"open","sticky":false,"template":"","format":"standard","meta":[],"categories":[37],"tags":[],"_links":{"self":[{"href":"https:\/\/www.praha7.cz\/api\/wp\/v2\/posts\/30856"}],"collection":[{"href":"https:\/\/www.praha7.cz\/api\/wp\/v2\/posts"}],"about":[{"href":"https:\/\/www.praha7.cz\/api\/wp\/v2\/types\/post"}],"author":[{"embeddable":true,"href":"https:\/\/www.praha7.cz\/api\/wp\/v2\/users\/76"}],"replies":[{"embeddable":true,"href":"https:\/\/www.praha7.cz\/api\/wp\/v2\/comments?post=30856"}],"version-history":[{"count":3,"href":"https:\/\/www.praha7.cz\/api\/wp\/v2\/posts\/30856\/revisions"}],"predecessor-version":[{"id":30862,"href":"https:\/\/www.praha7.cz\/api\/wp\/v2\/posts\/30856\/revisions\/30862"}],"wp:featuredmedia":[{"embeddable":true,"href":"https:\/\/www.praha7.cz\/api\/wp\/v2\/media\/30857"}],"wp:attachment":[{"href":"https:\/\/www.praha7.cz\/api\/wp\/v2\/media?parent=30856"}],"wp:term":[{"taxonomy":"category","embeddable":true,"href":"https:\/\/www.praha7.cz\/api\/wp\/v2\/categories?post=30856"},{"taxonomy":"post_tag","embeddable":true,"href":"https:\/\/www.praha7.cz\/api\/wp\/v2\/tags?post=30856"}],"curies":[{"name":"wp","href":"https:\/\/api.w.org\/{rel}","templated":true}]}}