    
{"id":30847,"date":"2019-11-01T14:56:15","date_gmt":"2019-11-01T13:56:15","guid":{"rendered":"https:\/\/www.praha7.cz\/?p=30847"},"modified":"2019-11-01T14:56:15","modified_gmt":"2019-11-01T13:56:15","slug":"nebyl-jsem-zadny-janosik","status":"publish","type":"post","link":"https:\/\/www.praha7.cz\/nebyl-jsem-zadny-janosik\/","title":{"rendered":"Nebyl jsem \u017e\u00e1dn\u00fd J\u00e1no\u0161\u00edk"},"content":{"rendered":"<p>[perex]<\/p>\r\n<p class=\"Norm-ln-\"><span class=\"CharOverride-33\">Coby st\u0159edo\u0161kol\u00e1ka ho to t\u00e1hlo k\u00a0ope\u0159e. Doch\u00e1zel na hodiny zp\u011bvu, ale slibnou p\u011bveckou dr\u00e1hu zhatilo jeho p\u0159\u00edli\u0161 kritick\u00e9 ucho. Prvn\u00ed recenzi napsal o\u00a0Carmen, ale jako\u00a0redaktor Mlad\u00e9ho sv\u011bta se za\u010dal v\u011bnovat popul\u00e1rn\u00ed a\u00a0rockov\u00e9 hudb\u011b. Kv\u016fli vyhazovu z\u00a0r\u00e1dia si pak vymyslel unik\u00e1tn\u00ed po\u0159ad, se kter\u00fdm ji\u017e 48.&nbsp;rokem obj\u00ed\u017ed\u00ed celou republiku, a\u00a0na jeho Antidiskot\u00e9k\u00e1ch mu \u201erukama\u201c pro\u0161ly desetitis\u00edce lid\u00ed. \u201eNejv\u00edc m\u011b pot\u011b\u0161\u00ed, kdy\u017e se dozv\u00edm, \u017ee jsem n\u011bkoho nau\u010dil m\u00edt r\u00e1d hudbu,\u201c \u0159\u00edk\u00e1 v\u00a0rozhovoru objevitel Karla Kryla a\u00a0jedna z\u00a0tv\u00e1\u0159\u00ed sametov\u00e9 revoluce Ji\u0159\u00ed \u010cern\u00fd.<\/span><\/p>\r\n<p>[\/perex]<\/p>\r\n<p class=\"Normal ParaOverride-11\"><span class=\"CharOverride-1\"><strong>Co jste dneska poslouchal?<\/strong><br \/>\r\n<\/span><span class=\"CharOverride-5\">Dneska? To se mus\u00edm zamyslet\u2026 (sm\u00edch) Vlastn\u011b to, co jsem hr\u00e1l v\u010dera v\u00a0\u00dast\u00ed nad Labem, kde jsem m\u011bl monotematick\u00fd ve\u010der o\u00a0Johnnym Cashovi.<\/span><\/p>\r\n<p class=\"Normal ParaOverride-11\"><span class=\"CharOverride-1\"><strong>Dok\u00e1\u017eete si p\u0159edstavit den bez hudby?<\/strong><br \/>\r\n<\/span><span class=\"CharOverride-5\">Dok\u00e1\u017eu. Takov\u00fdch dn\u016f m\u00e1m celou \u0159adu. Jedna z\u00a0v\u011bc\u00ed, kter\u00fdch se boj\u00edm, toti\u017e je, abych se hudbou nep\u0159esytil. Sv\u00e9 po\u0159ady d\u011bl\u00e1m deset m\u011bs\u00edc\u016f v\u00a0roce, pr\u016fm\u011brn\u011b dvan\u00e1ct po\u0159ad\u016f za m\u011bs\u00edc\u00a0\u2013 hudbu si ale samoz\u0159ejm\u011b pou\u0161t\u00edm i\u00a0p\u0159es den. Zd\u00e1 se mi, \u017ee d\u016fle\u017eit\u011bj\u0161\u00ed ne\u017e v\u0161echna odbornost a\u00a0pracovitost je to, aby \u010dlov\u011bk m\u011bl muziku opravdu r\u00e1d, a\u00a0to ho snadno p\u0159ejde, kdy\u017e se j\u00ed p\u0159e\u017eere\u2026 (sm\u00edch) Tak si na to d\u00e1v\u00e1m pozor.<\/span><\/p>\r\n<p class=\"Normal ParaOverride-11\"><span class=\"CharOverride-1\"><strong>Tak\u017ee hudbu jen jako kulisu neposlouch\u00e1te?<\/strong><br \/>\r\n<\/span><span class=\"CharOverride-5\">Tro\u0161ku jo, t\u0159eba kdy\u017e myju n\u00e1dob\u00ed. V\u011b\u010dn\u011b v\u011bk\u016f je u\u00a0n\u00e1s pu\u0161t\u011bn\u00e1 Vltava. Kdykoliv mi ale na hudb\u011b z\u00e1le\u017e\u00ed nebo kdy\u017e poslouch\u00e1m novou v\u011bc, pak jde v\u0161echno stranou a\u00a0<\/span><span class=\"CharOverride-5\">mus\u00edm na to m\u00edt klid. V\u00a0aut\u011b m\u00e1m p\u0159ehr\u00e1va\u010d, ale \u010dasto si nehraju nic, proto\u017ee se d\u00edv\u00e1m po krajin\u011b. Po republice pravideln\u011b cestuji od z\u00e1\u0159\u00ed\u00a01971, m\u00e1m to v\u0161echno naje\u017ed\u011bn\u00e9, ale i\u00a0ta zn\u00e1m\u00e1 krajina se v\u00a0pr\u016fb\u011bhu roku m\u011bn\u00ed. Tak\u00e9 je zaj\u00edmav\u00e9 sledovat obrovsk\u00e9 zm\u011bny, kter\u00e9 nastaly za t\u011bch 30 let od p\u00e1du re\u017eimu. T\u0159eba to, jak se zm\u011bnilo pohrani\u010d\u00ed\u00a0\u2013 takov\u00e1 Kada\u0148 nebo Most, to je k\u00a0nepozn\u00e1n\u00ed.<\/span><\/p>\r\n<p class=\"Normal ParaOverride-11\"><span class=\"CharOverride-1\"><strong>Pou\u0161t\u00edte si hudbu podle n\u00e1lady?<\/strong><br \/>\r\n<\/span><span class=\"CharOverride-5\">Je to sp\u00ed\u0161 intuice, hlavn\u011b si pou\u0161t\u00edm hudbu, kterou jsem dlouho nesly\u0161el. Najednou m\u00e1m chu\u0165 t\u0159eba na Brucknera nebo Brahmse. Pokud jde o\u00a0modern\u00ed pop\u00a0\u2013 m\u00e1m r\u00e1d \u010dernochy, p\u0159edev\u0161\u00edm tu starou gardu z\u00a060.&nbsp;let, jako je Ray Charles, Wilson Pickett, Otis Redding\u00a0\u2013 k\u00a0tomu se \u010dlov\u011bk dostane m\u00e1lokdy.<\/span><\/p>\r\n<p class=\"Normal ParaOverride-11\"><span class=\"CharOverride-1\"><strong>\u017d\u00e1dn\u00fd zaru\u010den\u00fd l\u00e9k na spl\u00edn tedy\u00a0nem\u00e1te?<\/strong><br \/>\r\n<\/span><span class=\"CharOverride-5\">To ne, ale m\u00edval jsem v\u017edycky a\u00a0po\u0159\u00e1d m\u00e1m muziku na povzbuzen\u00ed, t\u0159eba kdy\u017e m\u011b \u010dek\u00e1 d\u016fle\u017eit\u00e9 nebo n\u00e1ro\u010dn\u00e9 rozhodnut\u00ed, pr\u00e1ce. Kdysi to b\u00fdvala \u00e1rie Dalibora od Smetany o\u00a0svobod\u011b. Kdy\u017e jsem t\u0159eba d\u011blal p\u0159ij\u00edma\u010dky, tak jsem si to pou\u0161t\u011bl, a\u00a0mysl\u00edm, \u017ee to v\u017edy zafungovalo.<\/span><\/p>\r\n<p class=\"Normal ParaOverride-11\"><span class=\"CharOverride-1\"><strong>Vlastn\u011b takov\u00fd hudebn\u00ed doping\u2026<\/strong><br \/>\r\n<\/span><span class=\"CharOverride-5\">Ano, vysloven\u011b hudebn\u00ed doping. Te\u010f jak \u010dlov\u011bk st\u00e1rne, tak u\u017e na to p\u0159estal v\u011b\u0159it, ale \u010dlov\u011bka podle m\u011b velmi ovliv\u0148uje to, co poslouchal jako st\u0159edo\u0161kol\u00e1k. J\u00e1 jsem bohu\u017eel nemohl chodit na gymn\u00e1zium, proto\u017ee jsem byl z\u00a0\u017eivnostensk\u00e9 rodiny. Studoval jsem stavebn\u00ed pr\u016fmyslovku, kde jsem s\u00a0od\u0159en\u00fdm h\u0159betem odmaturoval. Bylo to dost n\u00e1ro\u010dn\u00e9 studium, u\u010dili jsme se d\u011blat krovy, z\u00e1klady, \u017eelezobeton. \u0160kola byla ve Zborovsk\u00e9 ulici, p\u0159\u00edmo p\u0159es \u0159eku naproti N\u00e1rodn\u00edmu divadlu, kam jsem, abych se odreagoval, chodil skoro ka\u017ed\u00fd ve\u010der na bid\u00fdlko. Tehdy jsem poslouchal hodn\u011b opery, ostatn\u011b sv\u00e9 prvn\u00ed \u010dl\u00e1nky jsem napsal o\u00a0ope\u0159e a\u00a0v\u016fbec jsem tehdy netu\u0161il, \u017ee se nakonec budu v\u011bnovat \u00fapln\u011b jin\u00e9 hudb\u011b, to se tak seb\u011bhlo\u2026<\/span><\/p>\r\n<p class=\"Normal ParaOverride-11\"><span class=\"CharOverride-1\"><strong>Co byla ta k\u0159i\u017eovatka?<\/strong><br \/>\r\n<\/span><span class=\"CharOverride-5\">Moje prvn\u00ed zam\u011bstn\u00e1n\u00ed je\u0161t\u011b p\u0159i studiu bylo v\u00a0\u010ceskoslovensk\u00e9m sportu jako sportovn\u00ed redaktor. Byl jsem tam dva roky a\u00a0moc m\u011b to bavilo. V\u00a0t\u00e9 dob\u011b jsem taky hodn\u011b sportoval, sedm sport\u016f jsem d\u011blal z\u00e1vodn\u011b, ale n\u011bjak se mi zd\u00e1lo, mo\u017en\u00e1 \u017ee jsem byl lehce nafoukan\u00fd, \u017ee to, co se dalo nau\u010dit, jsem se u\u017e nau\u010dil a\u00a0\u017ee bych m\u011bl d\u011blat n\u011bco jin\u00e9ho. Tak jsem zavolal do redakce Mlad\u00e9ho sv\u011bta, kde zrovna coby \u0161\u00e9fredaktor kultury kon\u010dil Arno\u0161t Lustig, a\u00a0oni m\u011b na to jeho m\u00edsto vzali. Napsal jsem tehdy recenzi koncertu barytonisty Dietricha Fischera-Dieskaua v\u00a0Rudolfinu, na redak\u010dn\u00ed porad\u011b mi ale kolegov\u00e9 \u0159ekli, \u017ee jsme t\u00fdden\u00edk pro mlad\u00e9, a\u00a0hned m\u011b hnali do Semaforu. To byl rok 1961 a\u00a0od t\u00e9 doby d\u011bl\u00e1m hlavn\u011b popul\u00e1rn\u00ed hudbu.<\/span><\/p>\r\n<p class=\"Normal ParaOverride-11\"><strong><span class=\"CharOverride-1\">Objevil jste Karla Kryla a\u00a0prosadil vyd\u00e1n\u00ed jeho prvn\u00edho alba Brat\u0159\u00ed\u010dku, zav\u00edrej vr\u00e1tka. Jak na n\u011bj vzpom\u00edn\u00e1te?<\/span><\/strong><span class=\"CharOverride-5\"><br \/>\r\n<\/span><span class=\"CharOverride-5\">P\u0159edev\u0161\u00edm \u010dasto! Karel Kryl je jedn\u00edm z\u00a0interpret\u016f,<\/span><span class=\"CharOverride-5\"> kter\u00e9 m\u00e1m v\u00a0nab\u00eddce sv\u00fdch monotematick\u00fdch po\u0159ad\u016f, a\u00a0<\/span><span class=\"CharOverride-5\">\u010dasto si ho vyb\u00edraj\u00ed, tak\u017ee na n\u011bj mus\u00edm vzpom\u00ednat, i\u00a0kdybych necht\u011bl, ale j\u00e1 chci\u2026 Karel byl p\u0159edev\u0161\u00edm fenomen\u00e1ln\u00ed talent. P\u0159i v\u0161\u00ed \u00fact\u011b u\u00a0n\u00e1s jsou mezi p\u00edsni\u010dk\u00e1\u0159i ohromn\u00ed ver\u0161otepci\u00a0\u2013 Such\u00fd, Pl\u00edhal, Nohavica, p\u0159inejmen\u0161\u00edm tihleti t\u0159i, ale na Kryla nem\u011bl nikdo. On m\u011bl \u00fa\u017easnou slovn\u00ed z\u00e1sobu, stra\u0161n\u011b snadno r\u00fdmoval, a\u017e h\u0159\u00ed\u0161n\u011b snadno, v\u00a0poezii m\u011bl dokonce nadv\u00fdrobu. Ke v\u0161emu m\u011bl hrozn\u011b zaj\u00edmav\u00fd hlas a\u00a0melodick\u00e9 n\u00e1pady sypal doslova z\u00a0ruk\u00e1vu. P\u0159esto\u017ee se dob\u0159e vyznal v\u00a0z\u00e1padn\u00ed rokenrolov\u00e9 hudb\u011b, neinspiroval se t\u00edm, m\u011bl hodn\u011b naposlouchan\u00e9ho Je\u017eka, Voskovce a\u00a0Wericha, Semafor a\u00a0\u010desk\u00fd folklor. Jeho maminka byla z\u00a0La\u0161ska, tak to musel m\u00edt vrozen\u00e9. \u010casto se o\u00a0Krylovi \u0159\u00edk\u00e1, \u017ee to byl b\u00e1sn\u00edk s\u00a0kytarou \u010di zp\u00edvaj\u00edc\u00ed b\u00e1sn\u00edk\u00a0\u2013 to je v\u0161echno hezk\u00fd, ale lidi si p\u00edsni\u010dky pamatuj\u00ed hlavn\u011b podle melodie, a\u00a0ty jeho \u0161ly do hlavy. Letos je to 25 let od jeho smrti a\u00a0p\u0159evl\u00e1daj\u00ed ty hezk\u00e9 vzpom\u00ednky, i\u00a0<\/span><span class=\"CharOverride-5\">kdy\u017e my dva jsme se hodn\u011b h\u00e1dali, co\u017e je u\u00a0intelektu\u00e1l\u016f, kte\u0159\u00ed o\u00a0v\u0161em pochybuj\u00ed, nasnad\u011b. Karel byl taky dost vztekl\u00fd, m\u011b\u0159il 158 cm a\u00a0j\u00e1 mysl\u00edm, \u017ee kdyby mezi n\u00e1mi nebyl takov\u00fd v\u00fd\u0161kov\u00fd rozd\u00edl, tak by mi t\u0159eba i\u00a0p\u00e1r facek s\u00a0chut\u00ed dal, ale to by si musel vysko\u010dit\u2026 (sm\u00edch)<\/span><\/p>\r\n<p class=\"Normal ParaOverride-11\"><strong><span class=\"CharOverride-1\">Vy s\u00e1m jste hudbu nikdy aktivn\u011b neprovozoval?<\/span><\/strong><span class=\"CharOverride-5\"><br \/>\r\n<\/span><span class=\"CharOverride-5\">J\u00e1 jsem se u\u010dil opern\u00edmu zp\u011bvu u\u00a0zp\u011bva\u010dky Zdenky Hrn\u010d\u00ed\u0159ov\u00e9, kter\u00e1 byla velkou rivalkou Marie Podvalov\u00e9 v\u00a0dramatick\u00e9m sopr\u00e1nu v\u00a0N\u00e1rodn\u00edm divadle. Kdy\u017e jsem k\u00a0n\u00ed chodil asi p\u016fl roku, tak jsem si jednou z\u00a0magnetofonu pustil sv\u016fj hlas a\u00a0tak se mi to nel\u00edbilo, \u017ee jsem j\u00ed okam\u017eit\u011b zatelefonoval a\u00a0\u0159ekl, \u017ee nem\u00e1m \u010das a\u00a0pen\u00edze (tehdy jsem platil 20 korun za hodinu) a\u00a0<\/span><span class=\"CharOverride-5\">\u017ee u\u017e nep\u0159ijdu. Uk\u00e1zalo se u\u017e tenkr\u00e1t, \u017ee jsem v\u00edc kritik ne\u017e hudebn\u00edk. (sm\u00edch) Pak jsem d\u011blal zkou\u0161ky do p\u011bveck\u00e9ho sboru \u010ceskoslovensk\u00e9ho rozhlasu, kam se n\u00e1s hl\u00e1silo n\u011bkolik set a\u00a0vzali n\u00e1s dvacet. P\u0159i\u0161el jsem na prvn\u00ed zkou\u0161ku, dostali jsme noty kant\u00e1ty Roberta Schumanna napsan\u00e9 v\u00a0basov\u00e9m kl\u00ed\u010di, a\u00a0kdy\u017e jsem vid\u011bl to nad osnovou psan\u00e9 vysok\u00e9 C, D, to bych se u\u0161krtil, tak jsem to vzdal. Asi bych se to nau\u010dil, ale j\u00e1 byl stejn\u011b jako v\u00a0tom sportu, tak i\u00a0v\u00a0t\u00e9 novina\u0159in\u011b opravdu sebekritick\u00fd a\u00a0mysl\u00edm, \u017ee to bylo jedno z\u00a0m\u00fdch nejlep\u0161\u00edch rozhodnut\u00ed.<\/span><\/p>\r\n<p class=\"Normal ParaOverride-11\"><span class=\"CharOverride-1\"><strong>To si nezp\u00edv\u00e1te ani ve spr\u0161e?<\/strong><br \/>\r\n<\/span><span class=\"CharOverride-5\">Ve spr\u0161e ne, ale v\u00a0aut\u011b hodn\u011b, zp\u00edv\u00e1m velice r\u00e1d.<\/span><\/p>\r\n<p class=\"Normal ParaOverride-11\"><strong><span class=\"CharOverride-1\">Letos si p\u0159ipom\u00edn\u00e1me t\u0159icet let od sametov\u00e9 revoluce, vy s\u00e1m jste jednou z\u00a0jej\u00edch tv\u00e1\u0159\u00ed, jak na to obdob\u00ed vzpom\u00edn\u00e1te?<\/span><\/strong><span class=\"CharOverride-5\"><br \/>\r\nTo bylo jedno velik\u00e9 \u0161t\u011bst\u00ed. J\u00e1 jsem v\u00a0ten p\u00e1tek na N\u00e1rodn\u00ed t\u0159\u00edd\u011b nebyl, proto\u017ee ten den bylo tradi\u010dn\u00ed setk\u00e1n\u00ed Jon\u00e1\u0161 klubu, co\u017e je v\u00a0podstat\u011b fanou\u0161kovsk\u00fd klub Semaforu, a\u00a0j\u00e1 tam vedl rozhovor se\u00a0Zde\u0148kem Sv\u011br\u00e1kem. Zat\u00edmco policajti ml\u00e1tili studenty, my jsme si ve Vyso\u010danech v\u00a0Gongu pov\u00eddali\u2026 Co se d\u011bje, jsem zjistil, a\u017e kdy\u017e jsem v\u00a0noci p\u0159ijel dom\u016f a\u00a0pustil si Hlas Ameriky. V\u00a0sobotu jsem coural po Praze, byl jsem na tajn\u00e9m zased\u00e1n\u00ed novin\u00e1\u0159\u016f a\u00a0v\u00a0ned\u011bli ve\u010der mi volali, \u017ee v\u00a0\u010cinohern\u00edm klubu vzniklo Ob\u010dansk\u00e9 f\u00f3rum (OF). J\u00e1 jsem se s\u00a0Havlem znal od 17 let z\u00a0tane\u010dn\u00edch a\u00a0<\/span><span class=\"CharOverride-5\">n\u011bkdy jsme se st\u00fdkali, taky se byl pod\u00edvat na m\u00e9m po\u0159adu a\u00a0j\u00e1 byl za n\u00edm na Hr\u00e1de\u010dku. Kupodivu jsem kv\u016fli n\u011bmu nikdy nebyl u\u00a0v\u00fdslechu. Doporu\u010dil jsem mu kdysi coby jeho sekret\u00e1\u0159e sv\u00e9ho zn\u00e1m\u00e9ho slovensk\u00e9ho po\u010d\u00edta\u010dov\u00e9ho experta Vl\u00e1\u010fu Hanzela, kter\u00fd mi volal, abych jim p\u0159i\u0161el pomoct. Hned p\u0159i tom druh\u00e9m V\u00e1clav\u00e1ku jsem byl vyzv\u00e1n, abych promluvil jm\u00e9nem nez\u00e1visl\u00fdch novin\u00e1\u0159\u016f. No, samoz\u0159ejm\u011b m\u011b k\u00a0tomu nikdo nezmocnil, byla to revoluce a\u00a0ka\u017ed\u00fd si d\u011blal, tak trochu co cht\u011bl. Za\u0161el jsem za Jirkou D\u011bde\u010dkem a\u00a0na jeho psac\u00edm stroji jsem napsal asi 15 \u0159\u00e1dek, kter\u00e9 jsem pak tomu vyprodan\u00e9mu V\u00e1clav\u00e1ku p\u0159e\u010detl. Lidi se m\u011b dodnes ptaj\u00ed: Jak\u00e9 to bylo d\u00edvat se na to pln\u00e9 n\u00e1m\u011bst\u00ed? Ale j\u00e1 jsem tohle v\u016fbec nedok\u00e1zal vn\u00edmat, to bych se zbl\u00e1znil, j\u00e1 jsem jen v\u011bd\u011bl, \u017ee mus\u00edm n\u011bco \u0159\u00edct. Pak jsem n\u011bkolikr\u00e1t m\u00edsto Havla \u010detl n\u011bjak\u00e9 jeho texty, proto\u017ee on byl nastydl\u00fd, to jsem se soust\u0159edil jen na to, abych p\u0159e\u010detl spr\u00e1vn\u011b te\u010dky a\u00a0\u010d\u00e1rky a\u00a0nezakoktal se. Myslet si, \u017ee mluv\u00edm k\u00a0n\u00e1rodu, to opravdu ne\u2026<\/span><\/p>\r\n<p class=\"Normal ParaOverride-11\"><span class=\"CharOverride-1\"><strong>Jak jste vn\u00edmal celou tu situaci?<\/strong><br \/>\r\n<\/span><span class=\"CharOverride-5\">Vzpom\u00edn\u00e1m, jak jsem se kolem t\u0159\u00ed hodin r\u00e1no vracel dom\u016f p\u0159es Letnou a\u00a0vzpom\u00ednal na rok 1968, kter\u00fd byl pro m\u011b velk\u00fdm zklam\u00e1n\u00edm stejn\u011b jako cel\u00e1 normalizace\u00a0\u2013 lidi se pokl\u00e1dali stra\u0161n\u011b rychle a\u00a0snadno. \u0158\u00edkal jsem si, \u017ee tahleta parta\u00a0\u2013 Havel, Batt\u011bk, K\u0159i\u017ean, Vondra, to je n\u011bco jin\u00e9ho, \u017ee ti se tak snadno nevzdaj\u00ed. Sice jsem nev\u011bd\u011bl, jestli to vyhrajeme, nebo ne, ale m\u011bl jsem takovou bojovnou n\u00e1ladu. Kdy\u017e pak za t\u00fdden politbyro rezignovalo, byl jsem nekontrolovan\u011b \u0161\u0165astnej. Kdy\u017e te\u010f zp\u011btn\u011b vid\u00edm n\u011bjak\u00e9 z\u00e1b\u011bry, choval jsem se skoro jako bl\u00e1zen, j\u00e1 opravdu myslel, \u017ee se zbl\u00e1zn\u00edm \u0161t\u011bst\u00edm. Jezdili jsme ob\u010das do divadel, to m\u011b hodn\u011b bavilo, dostal jsem nab\u00eddku, abych d\u011blal v\u00a0Pithartov\u011b vl\u00e1d\u011b ministra kultury nebo tiskov\u00e9ho tajemn\u00edka OF, ale v\u0161echno jsem odm\u00edtl, proto\u017ee jsem se cht\u011bl vr\u00e1tit k\u00a0novin\u00e1m. Politika m\u011b sice bavila, ale ty noviny m\u011b bavily v\u00edc. S\u00a0Havlem jsem byl \u010dasto ve styku, v\u00a0\u017eivot\u011b u\u017e se nepod\u00edv\u00e1m tolikr\u00e1t na Hrad jako tenkr\u00e1t. Pro m\u011b to byla jedna velk\u00e1 radost a\u00a0<\/span><span class=\"CharOverride-5\">do jist\u00e9 m\u00edry je dodnes\u2026<\/span><\/p>\r\n<p class=\"Normal ParaOverride-11\"><strong><span class=\"CharOverride-1\">Tak\u017ee jste nikdy neza\u017eil roz\u010darov\u00e1n\u00ed z\u00a0polistopadov\u00e9ho v\u00fdvoje podobn\u011b jako t\u0159eba Karel Kryl?<\/span><\/strong><span class=\"CharOverride-5\"><br \/>\r\nNe, mn\u011b to opravdu vydr\u017eelo dodnes. V\u00edte, j\u00e1 jsem se hodn\u011b zaj\u00edmal o\u00a0historii, pro\u010detl jsem Peroutkovo Budov\u00e1n\u00ed st\u00e1tu, a\u00a0tak jsem v\u011bd\u011bl, \u017ee ani prvn\u00ed republika nebyl \u017e\u00e1dn\u00fd med, \u017ee u\u017e tehdy existovalo tunel\u00e1\u0159stv\u00ed, i\u00a0kdy\u017e se tomu tak ne\u0159\u00edkalo\u2026 Je to tak, jak \u0159\u00edkal Churchill\u00a0\u2013 demokracie je \u0161patn\u00fd syst\u00e9m, ale lep\u0161\u00ed nikdo nevynalezl. Kdyby mi n\u011bkdo \u0159ekl, \u017ee vyjdu z\u00a0domu a\u00a0tady se to nebude jmenovat Obr\u00e1nc\u016f m\u00edru, ale Milady Hor\u00e1kov\u00e9, tak bych mu \u0159ekl, \u017ee ze\u0161\u00edlel. Jsem moc r\u00e1d, \u017ee jsem se toho do\u017eil. Moment\u00e1ln\u011b sice nem\u00e1m ani prezidenta, ani p\u0159edsedu vl\u00e1dy, jak\u00e9ho bych cht\u011bl m\u00edt, ale to se m\u016f\u017ee st\u00e1t v\u00a0ka\u017ed\u00e9m st\u00e1t\u011b, podstatn\u00e1 je svoboda tisku. M\u011b b\u011bhem komunismu t\u0159ikr\u00e1t vyhodili z\u00a0pr\u00e1ce a\u00a0nikdy se nic nestalo. P\u0159ed 20 lety m\u011b cht\u011bli na do\u017eivot\u00ed vyhodit z\u00a0rozhlasu, te\u010f ned\u00e1vno znovu, ale sebrali se lidi a\u00a0sepsali petice a\u00a0jsem tam zase zp\u00e1tky. Ale to ne\u0159\u00edk\u00e1m jenom kv\u016fli sob\u011b, v\u00a0posledn\u00edch m\u011bs\u00edc\u00edch se zase demonstruje, p\u0159itom to po\u0159\u00e1daj\u00ed kluci, kte\u0159\u00ed 17.\u00a0listopadu\u00a01989 je\u0161t\u011b nebyli na sv\u011bt\u011b nebo nevn\u00edmali, ale maj\u00ed velk\u00fd smysl pro politickou realitu.<\/span><\/p>\r\n<p class=\"Normal ParaOverride-11\"><strong><span class=\"CharOverride-1\">V\u00a0jednom rozhovoru jste \u0159ekl, \u017ee byste m\u011bl Vojt\u011bchu Filipovi d\u00e1vat ka\u017ed\u00e9 r\u00e1no za dve\u0159e sekretari\u00e1tu \u00daV partaje fla\u0161ku \u0161ampa\u0148sk\u00e9ho, proto\u017ee komunisti v\u00e1s donutili vymyslet si jin\u00fd, alternativn\u00ed zp\u016fsob \u017eivota, kter\u00fd vedete dote\u010f\u2026<\/span><\/strong><span class=\"CharOverride-5\"><br \/>\r\nP\u0159esn\u011b tak, proto\u017ee kdyby m\u011b nevyhodili, tak bych byl st\u00e1le v\u00a0tom r\u00e1diu, d\u011blal bych tu Houpa\u010dku nebo n\u011bjak\u00e9 pokra\u010dov\u00e1n\u00ed, nikdy by m\u011b nenapadlo d\u011blat poslechovky, to jsem si vymyslel, proto\u017ee se mi st\u00fdskalo po rozhlase. Inspiroval m\u011b po\u0159ad E. F. Buriana v\u00a0D34, kde \u010das od \u010dasu m\u00edsto divadla po\u0159\u00e1dal diskuzn\u00ed<\/span><span class=\"CharOverride-5\"> ve\u010dery s\u00a0div\u00e1ky. Sice tam \u017e\u00e1dnou hudbu nepou\u0161t\u011bl, ale lidi se mohli pt\u00e1t, na co cht\u011bli. J\u00e1 jsem ty svoje Antidiskot\u00e9ky d\u011blal tak, \u017ee v\u00a0prvn\u00ed p\u016fli jsem hr\u00e1l, co jsem cht\u011bl, a\u00a0v\u00a0druh\u00e9, co cht\u011bli lidi z\u00a0nab\u00eddky, a\u00a0odpov\u00eddal na jejich dotazy, ale \u017ee to budu d\u011blat 48 let, tomu bych opravdu nev\u011b\u0159il.<\/span><\/p>\r\n<p class=\"Normal ParaOverride-11\"><span class=\"CharOverride-1\"><strong>Nel\u00e1kalo v\u00e1s po revoluci zkusit n\u011bco jin\u00e9ho?<\/strong><br \/>\r\n<\/span><span class=\"CharOverride-5\">Ale ano, d\u011blal jsem chv\u00edli \u0161\u00e9fredaktora \u010dasopisu Rock and Pop, ale tak jak jsem po\u0159\u00e1dn\u011b neum\u011bl tu operu, tak jsem po\u0159\u00e1dn\u011b neum\u011bl ani toho \u0161\u00e9fredaktora a\u00a0jist\u011b bych ani neum\u011bl d\u011blat toho ministra, tak\u017ee jsem se s\u00a0chut\u00ed k\u00a0t\u011bm sv\u00fdm poslechovk\u00e1m vr\u00e1til. M\u011b to toti\u017e bav\u00ed ze v\u0161eho nejv\u00edc, proto\u017ee takto jak sed\u00edte vy proti mn\u011b, tak tam sed\u00ed t\u0159eba sto lid\u00ed, a\u00a0kdyby necht\u011bli, tak nep\u0159ijdou. Ve \u0160vandov\u011b divadle jsou moje po\u0159ady vyprodan\u00e9 b\u011bhem t\u0159\u00ed hodin, chod\u00ed tam pades\u00e1tn\u00edci, \u0161edes\u00e1tn\u00edci. A\u00a0je to pro n\u011b asi p\u0159\u00edjemn\u00fd pocit, v\u011bd\u011bt, \u017ee ten \u010cern\u00fd st\u00e1le pou\u0161t\u00ed hudbu, kter\u00e1 jim n\u011bjak imponuje, a\u00a0\u017ee po\u0159\u00e1d \u0159\u00edk\u00e1 to stejn\u00e9\u2026V\u00edte, kdysi mi Hana Hegerov\u00e1 \u0159ekla: \u201eJirko, kdy\u017e v\u00e1m n\u011bkdo \u0159ekne, \u017ee jste ho n\u011bco nau\u010dil, tak to je nejv\u011bt\u0161\u00ed poklona, jakou m\u016f\u017eete dostat.\u201c A\u00a0m\u011bla pravdu. St\u00e1v\u00e1 se mi, \u017ee kdy\u017e jdu t\u0159eba tady po letensk\u00e9m rynku, n\u011bkdo m\u011b zastav\u00ed a\u00a0\u0159\u00edk\u00e1: \u201eJ\u00e1 v\u00e1s nebudu zdr\u017eovat, ale chci v\u00e1m jen \u0159\u00edct, \u017ee d\u00edky v\u00e1m jsem se nau\u010dil poslouchat hudbu.\u201c To je \u00fa\u017easn\u00e9 a\u00a0k\u00a0tomu m\u011b opravdu donutili bol\u0161evici. Pro\u010d bych jezdil po republice, kdy\u017e bych mohl sed\u011bt na Vinohradsk\u00e9 12 a\u00a0d\u00e1l d\u011blat rozhlas? Taky kdy\u017e p\u0159ijedou kolegov\u00e9 ze Z\u00e1padu, tak na ten m\u016fj po\u0159ad koukaj\u00ed jak vyoran\u00e1 my\u0161, proto\u017ee takov\u00fd form\u00e1t v\u016fbec nikde nevid\u011bli.<\/span><\/p>\r\n<p class=\"Normal ParaOverride-11\"><strong><span class=\"CharOverride-1\">Na sv\u00fdch Antidiskot\u00e9k\u00e1ch jste \u010dasto pou\u0161t\u011bl zak\u00e1zanou hudbu. Neb\u00e1l jste se?<\/span><\/strong><span class=\"CharOverride-5\"><br \/>\r\nB\u00e1l je asi \u0161patn\u00e9 sloveso, j\u00e1 jsem sp\u00ed\u0161 v\u011b\u0159il na n\u011bjak\u00e9 sv\u00e9 vnit\u0159n\u00ed hlasy, to znamen\u00e1, \u017ee n\u011bkdy jsem se neb\u00e1l zahr\u00e1t Kryla a\u00a0n\u011bkdy jsem se b\u00e1l zahr\u00e1t i\u00a0Vlastu T\u0159e\u0161\u0148\u00e1ka. Prost\u011b jsem m\u011bl pocit, \u017ee ten ve\u010der tam ten f\u00edzl je, ale z\u00a0\u010deho jsem m\u011bl ten pocit, to v\u00e1m ne\u0159eknu. Fakt je, \u017ee v\u00a0Praze jsem byl opatrn\u011bj\u0161\u00ed, proto\u017ee tady ta mo\u017enost, \u017ee se mezi vysoko\u0161kolsk\u00fdmi studenty najde n\u011bjak\u00fd udava\u010d, byla v\u011bt\u0161\u00ed. Jeden rok jsem trhl rekord a\u00a0m\u011bl b\u011bhem 10 m\u011bs\u00edc\u016f 157 vystoupen\u00ed a\u00a0\u0159\u00edkal jsem si, v\u017edy\u0165 j\u00e1 s\u00e1m m\u00e1m probl\u00e9m, abych si i\u00a0s\u00a0pomoc\u00ed di\u00e1\u0159e zapamatoval, kde hraju. To by na m\u011b museli m\u00edt cel\u00e9 odd\u011blen\u00ed a\u00a0za to jim nestoj\u00edm, proto\u017ee maj\u00ed na starosti i\u00a0jin\u00e9 v\u011bci\u2026<\/span><\/p>\r\n<p class=\"Normal ParaOverride-11\"><span class=\"CharOverride-1\"><strong>Ani v\u00e1s StB nikdy nevysl\u00fdchala?<\/strong><br \/>\r\n<\/span><span class=\"CharOverride-5\">U\u00a0v\u00fdslechu jsem byl celkem t\u0159ikr\u00e1t. Jeden byl kv\u016fli maj\u00e1lesu, j\u00e1 blbec jsem si myslel, \u017ee tam diskutuji o\u00a0politice s\u00a0n\u011bjak\u00fdmi diskut\u00e9ry, ale oni to ve skute\u010dnosti byli est\u00e9b\u00e1ci. Dal\u0161\u00ed v\u00fdslech byl kv\u016fli Ji\u0159\u00edmu Gruntor\u00e1dovi, kter\u00e9ho zav\u0159eli a\u00a0na\u0161li u\u00a0n\u011bj moje telefonn\u00ed \u010d\u00edslo. Vysl\u00fdchal m\u011b n\u011bjak\u00fd poru\u010d\u00edk Be\u017euch. No, asi m\u011b nepova\u017eovali za velk\u00e9ho t\u0159\u00eddn\u00edho nep\u0159\u00edtele, to by na m\u011b pustili n\u011bjak\u00e9 v\u011bt\u0161\u00ed zv\u00ed\u0159e\u2026 (sm\u00edch) Kladl mi na srdce, \u017ee kdyby m\u011b Gruntor\u00e1d vyhledal, abych jim to ozn\u00e1mil, v\u0161echno jsem sl\u00edbil, ale samoz\u0159ejm\u011b jsem nic neud\u011blal. Posledn\u00ed v\u00fdslech byl jen p\u00e1r t\u00fddn\u016f p\u0159ed listopadem, ten byl nejabsurdn\u011bj\u0161\u00ed\u00a0\u2013 pozvali si m\u011b do Ol\u0161ansk\u00e9 na pasov\u00e9 odd\u011blen\u00ed. Do ro\u010dn\u00edku na fakult\u011b se mnou chodil i\u00a0Jirka Dienstbier\u00a0\u2013 to byl opravdov\u00fd disident, j\u00e1 jsem jim jen ob\u010das s\u00a0n\u011b\u010d\u00edm vypomohl\u00a0\u2013 ostatn\u011b ani Chartu jsem nepodepsal. D\u011blal <\/span><span class=\"CharOverride-5\">jsem tehdy po\u0159ad o\u00a0Mart\u011b Kubi\u0161ov\u00e9 v\u00a0Praze 6,\u00a0<\/span><span class=\"CharOverride-5\">kam dorazil i\u00a0Jirka. Tehdy jsem trochu strnul, myslel jsem si, \u017ee kdy\u017e je tu Jirka, tak tu budou <\/span><span class=\"CharOverride-5\">i\u00a0est\u00e9b\u00e1ci. On m\u011b pak vezl dom\u016f a\u00a0j\u00e1 se s\u00a0n\u00edm radil ohledn\u011b toho p\u0159edvol\u00e1n\u00ed. Tehdy mi \u0159\u00edkal, \u017ee to je n\u011bjak\u00e1 blbost a\u00a0\u017ee p\u0159inejhor\u0161\u00edm mi vezmou pas. Tvrdil, \u017ee v\u0161echno\u00a0u\u017e jde do h\u00e1je, \u017ee Jake\u0161 je neschopn\u00fd, tak do m\u011b nalil odvahu\u2026<\/span><\/p>\r\n<p class=\"Normal ParaOverride-11\"><span class=\"CharOverride-1\"><strong>Pou\u0161t\u011bl jste si toho Dalibora?<\/strong><br \/>\r\n<\/span><span class=\"CharOverride-5\">Samoz\u0159ejm\u011b, spr\u00e1vn\u011b se pt\u00e1te. Ano, pustil jsem si \u201ek\u00fdm\u00a0to\u00a0kouzlem, \u00f3\u00a0svobodo,\u00a0mi pl\u00e1\u0161!\u201c <\/span><span class=\"CharOverride-5\">a\u00a0jel jsem tam. P\u0159i\u0161el si pro m\u011b takov\u00fd kluk, vypadal jako Alain Delon, omlouval se, \u017ee jsem musel \u010dekat, odvedl m\u011b do kancel\u00e1\u0159e, kde byl star\u0161\u00ed kolega s\u00a0nep\u0159\u00edjemnou po\u010fobanou tv\u00e1\u0159\u00ed. Dal jsem mu sv\u016fj pas a\u00a0on za\u010dal: \u201eVy te\u010f jezd\u00edte \u010dasto do N\u011bmecka?\u201c J\u00e1 tam p\u0159itom byl za \u0161est let dvakr\u00e1t. Vedl \u0159e\u010di o\u00a0v\u0161em a\u00a0o\u00a0ni\u010dem a\u00a0<\/span><span class=\"CharOverride-5\">pak to ukon\u010dil s\u00a0t\u00edm, \u017ee by ode m\u011b pot\u0159ebovali n\u011bjak\u00e9 informace, \u017ee tam m\u00e1m pr\u00fd styky, hlavn\u011b na ministerstvu vnitra. Odv\u011btil jsem, \u017ee tam <\/span><span class=\"CharOverride-5\">opravdu nikoho nezn\u00e1m a\u00a0on za\u010dal \u0159v\u00e1t\u2026 Tehdy <\/span><span class=\"CharOverride-5\">ve mn\u011b byla mal\u00e1 du\u0161i\u010dka\u00a0\u2013 j\u00e1 nejsem posera, ale nejsem zvykl\u00fd, aby se mnou n\u011bkdo mluvil takto svrchu a\u00a0o\u0161kliv\u011b. C\u00edtil jsem, \u017ee ten strach je ze m\u011b sly\u0161et, \u017ee \u0161patn\u011b d\u00fdch\u00e1m, ale co se dalo d\u011blat\u2026 Pak pot\u0159et\u00ed zopakoval: \u201eVy tedy s\u00a0n\u00e1mi odm\u00edt\u00e1te spolupracovat?\u201c, vzal m\u016fj pas, hodil mi ho a\u00a0\u0159ekl, \u017ee m\u016f\u017eu j\u00edt. Ode\u0161el jsem tehdy hrd\u00fd s\u00e1m na sebe. Na stanici tramvaje jsem radost\u00ed p\u0159esko\u010dil z\u00e1bradl\u00ed a\u00a0pak p\u0159em\u00fd\u0161lel o\u00a0t\u011bch chud\u00e1c\u00edch, kte\u0159\u00ed jim to p\u00e1r t\u00fddn\u016f p\u0159ed revoluc\u00ed podepsali, ti aby se \u0161li picnout.<\/span><\/p>\r\n<p class=\"Normal ParaOverride-11\"><strong><span class=\"CharOverride-1\">Nikdy se b\u011bhem v\u00fdslech\u016f nenarazilo na va\u0161e kontakty s\u00a0Krylem?<\/span><\/strong><span class=\"CharOverride-5\"><br \/>\r\nNikdy. P\u0159itom jsem si s\u00a0Krylem psal. Museli v\u011bd\u011bt i\u00a0to, \u017ee jezd\u00edm za jeho maminkou do Nov\u00e9ho Ji\u010d\u00edna atd. V\u00edte, ty moje v\u00fdslechy byly dobr\u00e9 k\u00a0tomu, \u017ee j\u00e1 bych nikdy nemohl jako n\u011bkte\u0159\u00ed moji kolegov\u00e9 pron\u00e1\u0161et ostr\u00e9 odsudky lid\u00ed, kte\u0159\u00ed n\u011bco podepsali. Norm\u00e1ln\u00ed \u010dlov\u011bk nen\u00ed stvo\u0159en\u00fd k\u00a0tomu, aby na v\u00e1s \u0159vali n\u011bjac\u00ed est\u00e9b\u00e1ci, zejm\u00e9na kdy\u017e jste nic neud\u011blal. J\u00e1 se nediv\u00edm nikomu, kdo jim n\u011bco podepsal. Zejm\u00e9na ne lidem, kte\u0159\u00ed byli v\u00a0n\u011bjak\u00e9m dobr\u00e9m postaven\u00ed. V\u00a0dob\u011b, kdy se podepisovala Charta, se narodila moje jedin\u00e1 dcera Kate\u0159ina. A\u00a0\u0159\u00edkal jsem si, tak j\u00e1 to podep\u00ed\u0161u a\u00a0nejen\u017ee nebudu moct d\u011blat po\u0159ady, ale p\u0159ijde o\u00a0<\/span><span class=\"CharOverride-5\">zam\u011bstn\u00e1n\u00ed i\u00a0moje \u017eena a\u00a0obavy jsem samoz\u0159ejm\u011b m\u011bl i\u00a0o\u00a0budoucnost sv\u00e9 dcery. M\u016f\u017eete si o\u00a0tom myslet, co chcete. J\u00e1 se ob\u010das setk\u00e1v\u00e1m s\u00a0t\u00edm, \u017ee lidi \u0159\u00edkaj\u00ed: \u201eMy jsme si o\u00a0tom \u010cern\u00fdm mysleli, jakej je to frajer, ale on se vlastn\u011b b\u00e1l.\u201c No samoz\u0159ejm\u011b, \u017ee jsem se b\u00e1l, \u017e\u00e1dn\u00fd J\u00e1no\u0161\u00edk jsem nebyl. Pova\u017euji za velk\u00fd \u00fasp\u011bch, \u017ee se mi povedlo celou totalitu hr\u00e1t muziku, kterou jsem cht\u011bl.<\/span><\/p>\r\n<p class=\"Normal ParaOverride-11\"><strong><span class=\"CharOverride-1\">V\u00a0\u0161edes\u00e1t\u00fdch letech jste v\u00a0\u010ceskoslovensk\u00e9m rozhlase vedl prvn\u00ed hitpar\u00e1du s\u00a0n\u00e1zvem Dvan\u00e1ct na houpa\u010dce. Sledujete podobn\u00e9 \u017eeb\u0159\u00ed\u010dky i\u00a0dnes?<\/span><\/strong><span class=\"CharOverride-5\"><br \/>\r\nNe, nesleduju. Hitpar\u00e1dy toti\u017e ztratily sv\u00e9 p\u016fvodn\u00ed posl\u00e1n\u00ed. Tehdy zrcadlily obraz lidov\u00e9ho vkusu, dneska si m\u016f\u017eete zjistit, co vy\u0161lo, co se prod\u00e1v\u00e1, jak\u00e9 jsou n\u00e1v\u0161t\u011bvnosti koncert\u016f \u010di jak\u00e1 je sledovanost rozhlasov\u00fdch stanic, b\u011bhem chvilky na internetu. T\u011bch ukazatel\u016f je tolik, \u017ee hitpar\u00e1dy by byly jen jedn\u00edm z\u00a0nich. Nav\u00edc v\u00a0posledn\u00edch dek\u00e1d\u00e1ch ohromn\u011b klesl odbyt desek, rozmohlo se pir\u00e1tstv\u00ed\u00a0\u2013 a\u00a0to a\u017e tak, \u017ee u\u017e tomu nikdo pir\u00e1tstv\u00ed ani ne\u0159\u00edk\u00e1, vkus se atomizoval. Jen si vemte, \u017ee kdysi u\u00a0n\u00e1s byla jen dv\u011b gramofonov\u00e1 vydavatelstv\u00ed, dneska jich je ur\u010dit\u011b p\u0159es 60. T\u011bch prost\u0159edk\u016f, jak se dostat k\u00a0hudb\u011b, je taky stra\u0161n\u011b moc. Dnes u\u017e z\u00e1le\u017e\u00ed jen na va\u0161em vkusu <\/span><span class=\"CharOverride-5\">a\u00a0kolik tomu chcete v\u011bnovat \u010dasu\u2026<\/span><\/p>\r\n<p class=\"Normal ParaOverride-11\"><span class=\"CharOverride-1\"><strong>Jak se tedy dost\u00e1v\u00e1te k\u00a0nov\u00e9 hudb\u011b vy?<\/strong><br \/>\r\n<\/span><span class=\"CharOverride-5\">Nejd\u016fle\u017eit\u011bj\u0161\u00edm prost\u0159edkem jsou m\u00ed kamar\u00e1di. Na nov\u00e9 desky m\u011b upozor\u0148uj\u00ed i\u00a0n\u00e1v\u0161t\u011bvn\u00edci m\u00fdch po\u0159ad\u016f. Ke Ka\u0161tanu chod\u00ed nap\u0159\u00edklad jeden bankovn\u00ed \u00fa\u0159edn\u00edk, kter\u00e9mu d\u011bl\u00e1 dob\u0159e objevovat novou hudbu a\u00a0pravideln\u011b mi nos\u00ed n\u011bjak\u00e1 c\u00e9d\u00e9\u010dka. Vytv\u00e1\u0159\u00ed se tak zvl\u00e1\u0161tn\u00ed spole\u010dnost, kter\u00e1 se vymyk\u00e1 ekonomick\u00fdm z\u00e1konitostem. Tihle lidi jsou pro m\u011b zaj\u00edmav\u011bj\u0161\u00ed a\u00a0v\u011bnuju jim v\u00edce \u010dasu ne\u017e internetu, kde se samoz\u0159ejm\u011b d\u00e1 zjistit v\u0161echno. J\u00e1 na techniku nejsem b\u016fhv\u00edjak\u00fd fajn\u0161mekr, ale p\u0159eci jen jsem r\u00e1d, kdy\u017e mohu m\u00edt fyzicky ten nosi\u010d\u00a0\u2013 tedy nikoliv po\u010d\u00edta\u010d, internet, p\u0159ep\u00e1len\u00e9 v\u011bci nebo malou \u0161katulku, kde je 40 tis\u00edc nahr\u00e1vek\u2026 tam ale m\u016f\u017eou b\u00fdt klidn\u011b \u00fapln\u00fd sr\u00e1gory jako t\u0159eba Beethovenovy symfonie. (sm\u00edch)<\/span><\/p>\r\n<p class=\"Normal ParaOverride-11\"><span class=\"CharOverride-1\"><strong>Jak\u00fd je v\u00e1\u0161 posledn\u00ed objev?<\/strong><br \/>\r\n<\/span><span class=\"CharOverride-5\">Pokud jde o\u00a0s\u00f3listy, tak to je ur\u010dit\u011b Angli\u010danka Olivia Chaney. Jinak z\u00a0\u010desk\u00e9 produkce se mi dlouhodob\u011b l\u00edb\u00ed Jablko\u0148, to je ohromn\u011b origin\u00e1ln\u00ed. Pokud jde o\u00a0rockovou hudbu, tak m\u00e1m r\u00e1d brn\u011bnsk\u00e9 Kv\u011bty, pak bratislavsk\u00e9 Korben Dallas\u00a0\u2013 ti jsou \u00fa\u017easn\u00ed. Z\u00a0nov\u00fdch zahrani\u010dn\u00edch v\u011bc\u00ed m\u011b nic nenapad\u00e1, ale loni v\u00a0listopadu m\u011b naprosto nadchnul koncert Buddyho Guye, to je kytarista stejn\u011b star\u00fd jako j\u00e1, na p\u00f3diu se ale pohyboval velmi byst\u0159e, na kytaru hr\u00e1l v\u00fdborn\u011b a\u00a0je\u0161t\u011b b\u00e1je\u010dn\u011b zp\u00edval. Tak\u00e9 jsem moc r\u00e1d, \u017ee jsem mohl na\u017eivo vid\u011bt Leonarda Cohena, nev\u011b\u0159il jsem, \u017ee v\u016fbec n\u011bkdy p\u0159ijede. Te\u010f se mi hodn\u011b l\u00edb\u00ed Jonny Lang\u00a0\u2013 jako teenager byl bluesov\u00fdm kytaristou a\u00a0te\u010f <\/span><span class=\"CharOverride-5\">i\u00a0v\u00fdte\u010dn\u011b zp\u00edv\u00e1, sly\u0161el jsem jeho \u0161estou desku a\u00a0hned jsem si koupil v\u0161ech t\u011bch p\u011bt p\u0159edchoz\u00edch. Pokud se mi n\u011bkdo l\u00edb\u00ed, tak prvn\u00ed my\u0161lenka je, \u017ee je b\u00e1je\u010dn\u00fd, a\u00a0hned ta druh\u00e1,<br \/>\r\n\u017ee ho rozhodn\u011b mus\u00edm pustit lidem. (sm\u00edch)<\/span><\/p>\r\n<p class=\"Normal ParaOverride-11\"><span class=\"CharOverride-1\"><strong>Kolik m\u00e1te doma desek?<\/strong><br \/>\r\n<\/span><span class=\"CharOverride-5\">J\u00e1 jsem to nikdy nepo\u010d\u00edtal, ale \u017eijeme v\u00a0byt\u011b 4+1, kter\u00fd jsem schopen zabydlet deskami a\u00a0kn\u00ed\u017ekami, pro\u010de\u017e mi v\u0161ichni nad\u00e1vaj\u00ed\u2026 Byt je opravdu pln\u00fd, tak\u017ee postupn\u011b d\u00e1v\u00e1m sv\u00e9 \u017een\u011b c\u00e9d\u00e9\u010dka, aby to nab\u00eddla sv\u00fdm student\u016fm nebo v\u00a0kostele svat\u00e9ho Salv\u00e1tora na rozebr\u00e1n\u00ed. To nejsou blb\u00e9 desky, jen v\u00edm, \u017ee u\u017e se k\u00a0nim nedostanu. Uvoln\u011bn\u00e9 m\u00edsto samoz\u0159ejm\u011b hned obsad\u00edm. (sm\u00edch)<\/span><\/p>\r\n<p class=\"Normal ParaOverride-11\"><span class=\"CharOverride-1\"><strong>Jak dlouho vlastn\u011b bydl\u00edte na Sedmi\u010dce?<\/strong><br \/>\r\n<\/span><span class=\"CharOverride-5\">J\u00e1 jsem rod\u00e1k z\u00a0Vinohrad a\u00a0na Sedmi\u010dku jsem se dostal v\u00a0roce 1972 za romantick\u00fdch okolnost\u00ed. Opustil jsem \u017eenu, za\u0159\u00edzen\u00fd byt, auto, gar\u00e1\u017e a\u00a0za\u010dal jsem nov\u00fd \u017eivot se svou druhou \u017eenou Jitkou Severovou. Jej\u00ed otec u\u010dil na fakult\u011b architektury a\u00a0pozemn\u00edho stavitelstv\u00ed a\u00a0tady <\/span><span class=\"CharOverride-5\">v\u00a0\u010cechov\u011b 15 m\u011bl ateli\u00e9r s\u00a0v\u00fdtvarn\u00edkem V\u00e1clavem \u017daludem a\u00a0ten n\u00e1m tehdy p\u016fj\u010dil. Na podlaze jsme m\u011bli matrace, pamatuji si, jak byl u\u00a0n\u00e1s jednou Karel Gott a\u00a0\u0159\u00edkal: \u201eJirko, to nemysl\u00ed\u0161 v\u00e1\u017en\u011b\u2026?\u201c (sm\u00edch) Jitka pak sehnala byt ve Stupkov\u011b u\u00a0jatek, kde jsme byli dva roky. Nebylo to ale v\u016fbec p\u016fvabn\u00e9, proto\u017ee tou dobou tam st\u00e1le fungovala jatka a\u00a0ten dobytek c\u00edtil, \u017ee jde na por\u00e1\u017eku a\u00a0\u0159val\u00a0\u2013 v\u00a0tomhle prost\u0159ed\u00ed poslouchat hudbu opravdu ne\u0161lo. Kdy\u017e jsem poslouchal country, tak jsem si \u0159\u00edkal, \u017ee tohle na m\u011b snad vymyslel n\u011bjak\u00fd zloduch. Pak Jitka za\u0159\u00eddila dal\u0161\u00ed v\u00fdm\u011bnu zp\u011bt do \u010cechovky, tak\u017ee b\u011bhem t\u0159\u00ed let jsme bydleli na t\u0159et\u00ed adrese a\u00a0od t\u00e9 doby jsme st\u00e1le tady. Je to tu n\u00e1dhern\u00e9 bydlen\u00ed, \u0159\u00edk\u00e1 se, \u017ee je to nejkr\u00e1sn\u011bj\u0161\u00ed ulice v\u00a0Praze. Byl to ale ateli\u00e9rov\u00fd byt, tak\u017ee z\u00e1chod byl p\u0159es chodbu, nem\u011blo to ani koupelnu\u00a0\u2013 bylo to dobrodru\u017estv\u00ed. V\u00a0roce 1977 se n\u00e1m narodila Ka\u010denka, kter\u00e1 si m\u00edsto panenek po\u0159\u00e1d kreslila koupelnu s\u00a0kachli\u010dkami. (sm\u00edch) Teprve v\u00a07 letech, kdy\u017e u\u017e se neve\u0161la do \u017e\u00e1dn\u00e9 vani\u010dky, jsme zbudovali koupelnu i\u00a0z\u00e1chod a\u00a0os\u00eddlili \u010d\u00e1st p\u016fdy. Poka\u017ed\u00e9, kdy\u017e se r\u00e1no sprchuji studenou vodou, tak si \u0159\u00edk\u00e1m: \u201e\u00d3, j\u00e1 se m\u00e1m\u2026!\u201c Kdy\u017e jsme to na p\u016fd\u011b budovali, tak jsem v\u00a0n\u00e1ru\u010d\u00ed po schodech vynosil 11 metr\u00e1k\u016f dla\u017edi\u010dek. Tehdy jsem byl v\u00a0kondici, \u00fa\u010dastnil jsem se \u017delezn\u00e9ho mu\u017ee, kter\u00fd kon\u010d\u00ed maratonem. Nikdo ale nemohl v\u011bd\u011bt, co bude s\u00a0mou p\u00e1te\u0159\u00ed <\/span><span class=\"CharOverride-5\">a\u00a0kolenem, a\u00a0bohu\u017eel dodnes tady nem\u00e1me v\u00fdtah. Ze za\u010d\u00e1tku byli lidi proti, te\u010f u\u017e to snad prosad\u00edme, ale t\u00e1hne se to. A\u00a0j\u00e1 si \u0159\u00edk\u00e1m, jestli ono to nen\u00ed p\u0159\u00e1n\u00ed od p\u00e1na boha, abych ty \u010dty\u0159i patra musel denn\u011b vychodit, proto\u017ee to t\u011bm m\u00fdm kloub\u016fm vlastn\u011b d\u011bl\u00e1 dob\u0159e. Zat\u00edm\u00a0to zvl\u00e1d\u00e1m, ale kdybych musel p\u0159em\u00fd\u0161let kolenama, tak to bych se neu\u017eivil. (sm\u00edch)<\/span><\/p>\r\n<p class=\"Normal ParaOverride-11\"><span class=\"CharOverride-1\"><strong>Je n\u011bco, co v\u00e1m na Sedmi\u010dce vad\u00ed?<\/strong><br \/>\r\n<\/span><span class=\"CharOverride-5\">Vad\u00ed mi ty pivn\u00ed vozy a\u00a0\u0159vouc\u00ed lidi, to mi p\u0159ijde, \u017ee u\u017e ani nen\u00ed folklor. Dlouho mi vadila \u0160lechtovka a\u00a0cht\u011bl bych v\u011b\u0159it, \u017ee je to na dobr\u00e9 cest\u011b. V\u016fbec za posledn\u00ed roky to jde viditeln\u011b kup\u0159edu. J\u00e1 jsem byl od za\u010d\u00e1tku r\u00e1d, \u017ee jsem tady. Vinohrady miluju, ale Stromovka se ned\u00e1 ni\u010d\u00edm nahradit. Vozil jsem tam v\u00a0ko\u010d\u00e1rku Kate\u0159inu, pak vnu\u010dku Helenku, chodil tam b\u011bhat, n\u011bkdy jsem si i\u00a0zaplaval ve Vltav\u011b. Nav\u00edc odmali\u010dka jsem Spar\u0165an a\u00a0v\u017edy jsem z\u00e1vid\u011bl lidem, co tady bydl\u00ed. Bohu\u017eel na Spartu u\u017e nejdu, ne proto, \u017ee prohr\u00e1v\u00e1, ale proto\u017ee opravdu nehraje hezk\u00fd fotbal. \u017divot je kr\u00e1tk\u00fd a\u00a0j\u00e1 chci vid\u011bt hezk\u00e9 v\u011bci, a\u00a0tak rad\u0161i zajdu na jin\u00fd klub.<\/span><\/p>\r\n<p class=\"Normal ParaOverride-11\"><span class=\"CharOverride-1\"><strong>P\u0159esto ale Spart\u011b fand\u00edte d\u00e1l?<\/strong><br \/>\r\n<\/span><span class=\"CharOverride-5\">Fand\u00edm, s\u00a0t\u00edm u\u017e se ned\u00e1 nic d\u011blat. Jsem jej\u00edm fanou\u0161kem od osmi let a\u00a0m\u011bnit to nebudu.<\/span><\/p>\r\n<p class=\"Normal ParaOverride-11\"><strong><span class=\"CharOverride-1\">Poslechov\u00e9 po\u0159ady jsou vlastn\u011b takov\u00e9 va\u0161e d\u00edt\u011b, u\u017e jste si vyhl\u00e9dl sv\u00e9ho n\u00e1stupce?<\/span><\/strong><span class=\"CharOverride-5\"><br \/>\r\nBohu\u017eel o\u00a0nikom nev\u00edm. Sice to asi dvacet lid\u00ed zkou\u0161elo, ale nikdo u\u00a0toho nez\u016fstal. Je to toti\u017e zvl\u00e1\u0161tn\u00ed druh pr\u00e1ce a\u00a0mus\u00ed v\u00e1s to bavit. Je to sv\u00e9ho druhu osv\u011bta, i\u00a0kdy\u017e to slovo m\u00e1 takov\u00fd o\u0161kliv\u00fd n\u00e1dech. Ale j\u00e1 jsem m\u011bl na fakult\u011b p\u0159ezd\u00edvku pastor\u00a0\u2013 jsem opravdu evangel\u00edk a\u00a0n\u011bco takov\u00e9ho kazatelsk\u00e9ho ve mn\u011b bylo.\u00a0 Jsou t\u0159eba hudebn\u00edci, kter\u00fdm nevad\u00ed, \u017ee p\u0159ijde m\u00e1lo lid\u00ed. Ale mn\u011b to vad\u00ed, proto\u017ee j\u00e1 to ned\u011bl\u00e1m pro sebe, ale pro ty lidi. C\u00edt\u00edm se trochu jako F. L. V\u011bk, vlastn\u011b te\u010f krom\u011b desek voz\u00edm i\u00a0svoje kn\u00ed\u017eky. \u017de to ale dojde tak daleko a\u00a0i\u00a0po osmdes\u00e1tce s\u00a0t\u00edm po\u0159\u00e1d budu obj\u00ed\u017ed\u011bt republiku, nav\u00edc mi vyjde 13 kn\u00ed\u017eek, tomu bych nev\u011b\u0159il\u2026 Na m\u011b byl ten \u017eivot opravdu hodnej!<\/span><\/p>\r\n<p class=\"Z-kladn--odstavec\"><em><span class=\"CharOverride-8\">Ji\u0159\u00ed \u010cern\u00fd (*1936)<\/span><span class=\"CharOverride-9\"> pat\u0159\u00ed k\u00a0nejrespektovan\u011bj\u0161\u00edm \u010desk\u00fdm <\/span><span class=\"CharOverride-9\">novin\u00e1\u0159\u016fm a\u00a0hudebn\u00edm publicist\u016fm. V\u00a0\u0161edes\u00e1t\u00fdch letech p\u016fsobil jako redaktor v\u00a0t\u00fdden\u00edku Mlad\u00fd sv\u011bt, pak na voln\u00e9 noze p\u0159isp\u00edval do periodik Melodie, Hudba pro radost, Reperto\u00e1r mal\u00e9 sc\u00e9ny, Gramorevue a\u00a0Kruh. V\u00a0\u010ceskoslovensk\u00e9m rozhlase uv\u00e1d\u011bl v\u016fbec prvn\u00ed ofici\u00e1ln\u00ed hitpar\u00e1du, dnes ji\u017e legend\u00e1rn\u00ed Dvan\u00e1ct na houpa\u010dce, nebo rozhlasov\u00fd po\u0159ad Desky na\u010derno. Byl jedn\u00edm z\u00a0prvn\u00edch spolupracovn\u00edk\u016f Ob\u010dansk\u00e9ho <\/span><span class=\"CharOverride-9\">f\u00f3ra a\u00a0moderoval n\u011bkter\u00e9 protestn\u00ed demonstrace. Vedl \u010dasopis Rock &amp; Pop.\u00a0V\u00a0roce 2013 z\u00edskal Cenu Ministerstva kultury \u010cR za p\u0159\u00ednos v\u00a0oblasti hudby. T\u0159in\u00e1ct let p\u0159ipravoval pro \u010cesk\u00fd rozhlas po\u0159ad Klub osam\u011bl\u00fdch srdc\u00ed ser\u017eanta Pep\u0159e, aktu\u00e1ln\u011b jej m\u016f\u017eete sly\u0161et na Vltav\u011b v\u00a0po\u0159adu Sedm\u00e9 nebe Ji\u0159\u00edho \u010cern\u00e9ho.<\/span><\/em><\/p>","protected":false},"excerpt":{"rendered":"[perex] Coby st\u0159edo\u0161kol\u00e1ka ho to t\u00e1hlo k\u00a0ope\u0159e. Doch\u00e1zel na hodiny zp\u011bvu, ale slibnou p\u011bveckou dr\u00e1hu zhatilo jeho p\u0159\u00edli\u0161 kritick\u00e9 ucho. Prvn\u00ed recenzi napsal o\u00a0Carmen, ale jako\u00a0redaktor Mlad\u00e9ho sv\u011bta se za\u010dal v\u011bnovat popul\u00e1rn\u00ed a\u00a0rockov\u00e9 hudb\u011b. Kv\u016fli vyhazovu z\u00a0r\u00e1dia si pak vymyslel unik\u00e1tn\u00ed po\u0159ad, se kter\u00fdm ji\u017e 48.&nbsp;rokem obj\u00ed\u017ed\u00ed celou republiku, a\u00a0na jeho Antidiskot\u00e9k\u00e1ch mu \u201erukama\u201c pro\u0161ly [&hellip;]","protected":false},"author":76,"featured_media":30849,"comment_status":"closed","ping_status":"open","sticky":false,"template":"","format":"standard","meta":[],"categories":[37],"tags":[],"_links":{"self":[{"href":"https:\/\/www.praha7.cz\/api\/wp\/v2\/posts\/30847"}],"collection":[{"href":"https:\/\/www.praha7.cz\/api\/wp\/v2\/posts"}],"about":[{"href":"https:\/\/www.praha7.cz\/api\/wp\/v2\/types\/post"}],"author":[{"embeddable":true,"href":"https:\/\/www.praha7.cz\/api\/wp\/v2\/users\/76"}],"replies":[{"embeddable":true,"href":"https:\/\/www.praha7.cz\/api\/wp\/v2\/comments?post=30847"}],"version-history":[{"count":2,"href":"https:\/\/www.praha7.cz\/api\/wp\/v2\/posts\/30847\/revisions"}],"predecessor-version":[{"id":30851,"href":"https:\/\/www.praha7.cz\/api\/wp\/v2\/posts\/30847\/revisions\/30851"}],"wp:featuredmedia":[{"embeddable":true,"href":"https:\/\/www.praha7.cz\/api\/wp\/v2\/media\/30849"}],"wp:attachment":[{"href":"https:\/\/www.praha7.cz\/api\/wp\/v2\/media?parent=30847"}],"wp:term":[{"taxonomy":"category","embeddable":true,"href":"https:\/\/www.praha7.cz\/api\/wp\/v2\/categories?post=30847"},{"taxonomy":"post_tag","embeddable":true,"href":"https:\/\/www.praha7.cz\/api\/wp\/v2\/tags?post=30847"}],"curies":[{"name":"wp","href":"https:\/\/api.w.org\/{rel}","templated":true}]}}