    
{"id":30759,"date":"2019-10-30T10:02:15","date_gmt":"2019-10-30T09:02:15","guid":{"rendered":"https:\/\/www.praha7.cz\/?p=30759"},"modified":"2019-10-30T10:02:15","modified_gmt":"2019-10-30T09:02:15","slug":"patrim-jinam","status":"publish","type":"post","link":"https:\/\/www.praha7.cz\/patrim-jinam\/","title":{"rendered":"Pat\u0159\u00edm jinam"},"content":{"rendered":"<p class=\"Norm-ln-\"><span class=\"CharOverride-5\">\u201eKdy\u017e jsem asi jako osmilet\u00e1 potkala p\u0159\u00edtele sv\u00e9 sestry, kter\u00fd m\u011bl na rameni vytetovan\u00e9ho v\u00e1le\u010dn\u00edka, byla jsem naprosto fascinovan\u00e1. Od puberty jsem si \u010dm\u00e1rala fixami po rukou, aby to bylo co nejv\u00edc vid\u011bt, a\u00a0m\u00ed rodi\u010de si postupn\u011b zvykali na mou p\u0159em\u011bnu z\u00a0princezny na pank\u00e1\u010de,\u201c vzpom\u00edn\u00e1 tat\u00e9rka Elis, kter\u00e1 lidsk\u00e1 t\u011bla zkr\u00e1\u0161luje u\u017e sedm\u00fdm rokem.<\/span><\/p>\r\n<p class=\"Norm-ln- ParaOverride-2\"><span class=\"CharOverride-5\">Prvn\u00ed tetov\u00e1n\u00ed j\u00ed v\u00a0\u0161estn\u00e1cti vytvo\u0159ila jej\u00ed kamar\u00e1dka, kter\u00e1 se to teprve u\u010dila. \u201eTehdy se tetovalo podle p\u0159edloh z\u00a0katalogu, vybrala jsem si motiv, obtisklo se to na krk a\u00a0pak u\u017e n\u00e1sledovala jen hodina bolesti. Dodnes si to pamatuju.\u201c Na sv\u00e9 t\u011blo si pak p\u0159id\u00e1vala dal\u0161\u00ed obr\u00e1zky.<br \/>\r\n\u201eVe dvaadvaceti jsem to rozjela ve velk\u00e9m a\u00a0nechala si potetovat celou ruku. Postupn\u011b do\u0161lo na v\u0161echny kon\u010detiny,\u201c glosuje Elis, kter\u00e1 t\u00edm tenkr\u00e1t cht\u011bla d\u00e1t spole\u010dnosti jasn\u011b najevo, \u017ee pat\u0159\u00ed jinam.<\/span><\/p>\r\n<p class=\"Norm-ln- ParaOverride-2\"><span class=\"CharOverride-5\">Dnes je podle Elis tetov\u00e1n\u00ed ohromn\u00fd trend a\u00a0mezi mlad\u00fdmi jsou skoro v\u00fdjimkou lid\u00e9, kte\u0159\u00ed \u017e\u00e1dnou k\u00e9rku nemaj\u00ed. \u201eSkoro bych \u0159ekla, \u017ee je v\u00edc tat\u00e9r\u016f ne\u017e klient\u016f. V\u00a0tetovac\u00edch pot\u0159eb\u00e1ch si m\u016f\u017eete po\u0159\u00eddit jehli\u010dku s\u00a0barvou a\u00a0ud\u011blat si tetov\u00e1n\u00ed sama na kolen\u011b,\u201c sm\u011bje se. Sv\u00e9 z\u00e1kazn\u00edky ale od kresbi\u010dky na k\u016f\u017ei ob\u010das odrazuje. \u201eNerada tetuju n\u011bjak\u00e9 symboly, se kter\u00fdmi \u00fapln\u011b nesouzn\u00edm\u00a0\u2013 to rad\u0161i doporu\u010d\u00edm jin\u00fd salon. \u010casto se tak\u00e9 sna\u017e\u00edm rozmluvit ur\u010dit\u00e9 texty \u010di odu\u0161evn\u011bl\u00e9 cit\u00e1ty. Ty jsou toti\u017e v\u011bt\u0161inou produktem n\u011bjak\u00e9ho aktu\u00e1ln\u00edho du\u0161evn\u00edho stavu, t\u0159eba melancholie nebo smutku, a\u00a0to si p\u0159ipom\u00ednat cel\u00fd \u017eivot fakt nechcete,\u201c vysv\u011btluje.<\/span><\/p>\r\n<p class=\"Norm-ln- ParaOverride-2\"><span class=\"CharOverride-5\">Nefand\u00ed ani motiv\u016fm d\u011btsk\u00fdch tv\u00e1\u0159\u00ed, kter\u00e9 si hrd\u00ed rodi\u010de ob\u010das nech\u00e1vaj\u00ed na sv\u00e1 t\u011bla zv\u011b\u010dnit. \u201eRealistika m\u011b nebav\u00ed, tud\u00ed\u017e mi ani nejde. Kdyby se to nepovedlo, necht\u011bla bych b\u00fdt u\u00a0toho. Kresba nav\u00edc po p\u00e1r letech vybledne a\u00a0stane se z\u00a0<\/span><span class=\"CharOverride-5\">n\u00ed nevzhledn\u00fd flek. U\u00a0n\u00e1s to um\u00ed opravdu jen p\u00e1r lid\u00ed. Ned\u00e1vno jsem tetovala kamar\u00e1dce na stehno Al Pacina a\u00a0podle m\u011b je to sp\u00ed\u0161 Mickey Rourke, ale j\u00ed se to l\u00edb\u00ed,\u201c sm\u011bje se. Nejobl\u00edben\u011bj\u0161\u00edm m\u00edstem pro tetov\u00e1n\u00ed je podle Elisin\u00fdch zku\u0161enost\u00ed vnit\u0159n\u00ed strana z\u00e1p\u011bst\u00ed. V\u00fdjimkou nejsou ale ani r\u016fzn\u00e9 linky v\u00a0obli\u010deji\u00a0\u2013 takovou pr\u00e1ci v\u0161ak Elis odm\u00edt\u00e1. \u201eObli\u010dej u\u017e je na m\u011b moc, p\u0159eci jen tam mal\u016fvky pod \u017e\u00e1dn\u00e9 tri\u010dko neschov\u00e1te.\u201c Nejbolestiv\u011bj\u0161\u00edm m\u00edstem jsou pak \u017eebra, z\u00e1da v\u00a0okol\u00ed p\u00e1te\u0159e a\u00a0podkolenn\u00ed jamka. \u201eM\u00e1m sice r\u016fzn\u00e9 oblbov\u00e1ky, ale podle m\u011b bolest k\u00a0tetov\u00e1n\u00ed prost\u011b pat\u0159\u00ed. Je t\u0159eba si ho zaslou\u017eit, tak\u017ee to opravdu nen\u00ed pro ka\u017ed\u00e9ho.\u201c<\/span><\/p>\r\n<p class=\"Norm-ln- ParaOverride-2\"><span class=\"CharOverride-5\">Ob\u010das se ale setk\u00e1v\u00e1 s\u00a0odsuzuj\u00edc\u00edmi pohledy. \u201e\u0158ada lid\u00ed m\u00e1 tetov\u00e1n\u00ed st\u00e1le spojen\u00e9 s\u00a0krimin\u00e1lem a\u00a0ob\u010das se na m\u011b v\u00a0tramvaji n\u011bkdo mra\u010d\u00ed. N\u011bkdy ale i\u00a0spont\u00e1nn\u011b zap\u0159edou hovor a\u00a0zaj\u00edmaj\u00ed se. P\u0159ed p\u00e1r lety si u\u00a0m\u011b dokonce nechala star\u0161\u00ed d\u00e1ma na ruku vytetovat inici\u00e1ly sv\u00fdch vnou\u010dat. Kdy\u017e jsme to poskl\u00e1daly, vzniklo z\u00a0toho slovo pako. Druh\u00fd den p\u0159i\u0161la pro n\u011bco podobn\u00e9ho i\u00a0jej\u00ed kamar\u00e1dka,\u201c l\u00ed\u010d\u00ed s\u00a0\u00fasm\u011bvem Elis, kter\u00e1 sv\u00fdmi kresbami zdob\u00ed celou rodinu. \u201eD\u011bda m\u00e9ho p\u0159\u00edtele si p\u0159\u00e1l k\u00e9rku k\u00a0narozenin\u00e1m, tak ji m\u00e1.\u201c<\/span><\/p>","protected":false},"excerpt":{"rendered":"\u201eKdy\u017e jsem asi jako osmilet\u00e1 potkala p\u0159\u00edtele sv\u00e9 sestry, kter\u00fd m\u011bl na rameni vytetovan\u00e9ho v\u00e1le\u010dn\u00edka, byla jsem naprosto fascinovan\u00e1. Od puberty jsem si \u010dm\u00e1rala fixami po rukou, aby to bylo co nejv\u00edc vid\u011bt, a\u00a0m\u00ed rodi\u010de si postupn\u011b zvykali na mou p\u0159em\u011bnu z\u00a0princezny na pank\u00e1\u010de,\u201c vzpom\u00edn\u00e1 tat\u00e9rka Elis, kter\u00e1 lidsk\u00e1 t\u011bla zkr\u00e1\u0161luje u\u017e sedm\u00fdm rokem. Prvn\u00ed [&hellip;]","protected":false},"author":76,"featured_media":30761,"comment_status":"closed","ping_status":"open","sticky":false,"template":"","format":"standard","meta":[],"categories":[37],"tags":[],"_links":{"self":[{"href":"https:\/\/www.praha7.cz\/api\/wp\/v2\/posts\/30759"}],"collection":[{"href":"https:\/\/www.praha7.cz\/api\/wp\/v2\/posts"}],"about":[{"href":"https:\/\/www.praha7.cz\/api\/wp\/v2\/types\/post"}],"author":[{"embeddable":true,"href":"https:\/\/www.praha7.cz\/api\/wp\/v2\/users\/76"}],"replies":[{"embeddable":true,"href":"https:\/\/www.praha7.cz\/api\/wp\/v2\/comments?post=30759"}],"version-history":[{"count":3,"href":"https:\/\/www.praha7.cz\/api\/wp\/v2\/posts\/30759\/revisions"}],"predecessor-version":[{"id":30764,"href":"https:\/\/www.praha7.cz\/api\/wp\/v2\/posts\/30759\/revisions\/30764"}],"wp:featuredmedia":[{"embeddable":true,"href":"https:\/\/www.praha7.cz\/api\/wp\/v2\/media\/30761"}],"wp:attachment":[{"href":"https:\/\/www.praha7.cz\/api\/wp\/v2\/media?parent=30759"}],"wp:term":[{"taxonomy":"category","embeddable":true,"href":"https:\/\/www.praha7.cz\/api\/wp\/v2\/categories?post=30759"},{"taxonomy":"post_tag","embeddable":true,"href":"https:\/\/www.praha7.cz\/api\/wp\/v2\/tags?post=30759"}],"curies":[{"name":"wp","href":"https:\/\/api.w.org\/{rel}","templated":true}]}}