    
{"id":30751,"date":"2019-10-29T16:54:55","date_gmt":"2019-10-29T15:54:55","guid":{"rendered":"https:\/\/www.praha7.cz\/?p=30751"},"modified":"2019-10-29T16:56:02","modified_gmt":"2019-10-29T15:56:02","slug":"preruseni-dodavky-vody-v-okoli-vystaviste","status":"publish","type":"post","link":"https:\/\/www.praha7.cz\/preruseni-dodavky-vody-v-okoli-vystaviste\/","title":{"rendered":"P\u0159eru\u0161en\u00ed dod\u00e1vky vody v&nbsp;okol\u00ed V\u00fdstavi\u0161t\u011b"},"content":{"rendered":"<p>[perex]<\/p>\r\n<p>Na z\u00e1klad\u011b sd\u011blen\u00ed spol. Pra\u017esk\u00e9 vodovody a\u00a0kanalizace upozor\u0148ujeme, \u017ee ve st\u0159edu 30.\u00a0\u0159\u00edjna 2019 od 8\u00a0do 13\u00a0hodin prob\u011bhne odst\u00e1vka vody ve vybran\u00fdch domech: Bubensk\u00e1 106\/55; U\u00a0V\u00fdstavi\u0161t\u011b 229\/9, 230\/11, 764\/13, 763\/15, 287\/17, 1287\/19, 1286\/21, parceln\u00ed \u010d\u00edsla: 2416\/21, 2416\/24, a&nbsp;d\u00e1le odb\u011brn\u00e9 m\u00edsto ev. \u010d.: 300096732 (V\u00fdstavi\u0161t\u011b).\u00a0Podrobn\u00e9 informace nep\u0159etr\u017eit\u011b pod\u00e1v\u00e1 z\u00e1kaznick\u00e1 linka PVK na tel: 840\u00a0111\u00a0112 nebo 601\u00a0274\u00a0274.<\/p>\r\n<p>[\/perex]<\/p>","protected":false},"excerpt":{"rendered":"[perex] Na z\u00e1klad\u011b sd\u011blen\u00ed spol. Pra\u017esk\u00e9 vodovody a\u00a0kanalizace upozor\u0148ujeme, \u017ee ve st\u0159edu 30.\u00a0\u0159\u00edjna 2019 od 8\u00a0do 13\u00a0hodin prob\u011bhne odst\u00e1vka vody ve vybran\u00fdch domech: Bubensk\u00e1 106\/55; U\u00a0V\u00fdstavi\u0161t\u011b 229\/9, 230\/11, 764\/13, 763\/15, 287\/17, 1287\/19, 1286\/21, parceln\u00ed \u010d\u00edsla: 2416\/21, 2416\/24, a&nbsp;d\u00e1le odb\u011brn\u00e9 m\u00edsto ev. \u010d.: 300096732 (V\u00fdstavi\u0161t\u011b).\u00a0Podrobn\u00e9 informace nep\u0159etr\u017eit\u011b pod\u00e1v\u00e1 z\u00e1kaznick\u00e1 linka PVK na tel: 840\u00a0111\u00a0112 nebo 601\u00a0274\u00a0274. [&hellip;]","protected":false},"author":97,"featured_media":29060,"comment_status":"closed","ping_status":"open","sticky":false,"template":"","format":"standard","meta":[],"categories":[34],"tags":[],"_links":{"self":[{"href":"https:\/\/www.praha7.cz\/api\/wp\/v2\/posts\/30751"}],"collection":[{"href":"https:\/\/www.praha7.cz\/api\/wp\/v2\/posts"}],"about":[{"href":"https:\/\/www.praha7.cz\/api\/wp\/v2\/types\/post"}],"author":[{"embeddable":true,"href":"https:\/\/www.praha7.cz\/api\/wp\/v2\/users\/97"}],"replies":[{"embeddable":true,"href":"https:\/\/www.praha7.cz\/api\/wp\/v2\/comments?post=30751"}],"version-history":[{"count":3,"href":"https:\/\/www.praha7.cz\/api\/wp\/v2\/posts\/30751\/revisions"}],"predecessor-version":[{"id":30754,"href":"https:\/\/www.praha7.cz\/api\/wp\/v2\/posts\/30751\/revisions\/30754"}],"wp:featuredmedia":[{"embeddable":true,"href":"https:\/\/www.praha7.cz\/api\/wp\/v2\/media\/29060"}],"wp:attachment":[{"href":"https:\/\/www.praha7.cz\/api\/wp\/v2\/media?parent=30751"}],"wp:term":[{"taxonomy":"category","embeddable":true,"href":"https:\/\/www.praha7.cz\/api\/wp\/v2\/categories?post=30751"},{"taxonomy":"post_tag","embeddable":true,"href":"https:\/\/www.praha7.cz\/api\/wp\/v2\/tags?post=30751"}],"curies":[{"name":"wp","href":"https:\/\/api.w.org\/{rel}","templated":true}]}}