    
{"id":30404,"date":"2019-10-11T15:59:21","date_gmt":"2019-10-11T13:59:21","guid":{"rendered":"https:\/\/www.praha7.cz\/?p=30404"},"modified":"2019-10-11T15:59:21","modified_gmt":"2019-10-11T13:59:21","slug":"na-vltavske-zacina-vznikat-novy-mural","status":"publish","type":"post","link":"https:\/\/www.praha7.cz\/na-vltavske-zacina-vznikat-novy-mural\/","title":{"rendered":"Na Vltavsk\u00e9 za\u010d\u00edn\u00e1 vznikat nov\u00fd mural"},"content":{"rendered":"<p>[perex]<\/p>\r\n<p>V\u00edt\u011bzov\u00e9 v\u00fdtvarn\u00e9 sout\u011b\u017ee Mural Art Vltavsk\u00e1 \u00a0Pavel Du\u0161ek a\u00a0Josef \u0160m\u00edd se v&nbsp;p\u00e1tek 11.&nbsp;10.&nbsp;pustili do d\u00edla. Zhruba m\u011bs\u00edc se bude ze\u010f vn\u011bj\u0161\u00edho atria u&nbsp;stanice metra pod jejich rukama prom\u011b\u0148ovat v&nbsp;mnohovrstevnat\u00fd obraz podle jejich v\u00edt\u011bzn\u00e9ho n\u00e1vrhu.\u00a0<\/p>\r\n<p>[\/perex]<\/p>\r\n<p>V\u00fdtvarnou sout\u011b\u017e Mural Art Vltavsk\u00e1 v&nbsp;\u010dervenci tohoto roku vyhl\u00e1sila Praha&nbsp;7 spole\u010dn\u011b s&nbsp;Dopravn\u00edm podnikem hl. m. Prahy. Nefinan\u010dn\u00edm partnerem je Spolek Trafa\u010dka. Sout\u011b\u017e vzbudila v&nbsp;streetartov\u00e9 komunit\u011b velk\u00fd ohlas. O&nbsp;v\u00fdtvarn\u00e9 ztv\u00e1rn\u011bn\u00ed zdi vn\u011bj\u0161\u00edho atria u&nbsp;frekventovan\u00e9 stanice MHD projevila z\u00e1jem t\u00e9m\u011b\u0159 \u010dty\u0159ic\u00edtka um\u011blc\u016f.\u00a0\u00a0<\/p>\r\n<p>V\u00edce se do\u010dtete <a href=\"https:\/\/www.praha7.cz\/zed-na-vltavske-povede-do-vzdalenych-svetu\/\">zde<\/a>.<\/p>\r\n<p>&nbsp;<\/p>\r\n<p><img loading=\"lazy\" src=\"https:\/\/www.praha7.cz\/wp-content\/uploads\/2019\/10\/Mural-za\u010d\u00e1tek-2-1500x1000.jpg\" alt=\"\" width=\"640\" height=\"427\" class=\"alignnone size-large wp-image-30406\" srcset=\"https:\/\/www.praha7.cz\/wp-content\/uploads\/2019\/10\/Mural-za\u010d\u00e1tek-2-1500x1000.jpg 1500w, https:\/\/www.praha7.cz\/wp-content\/uploads\/2019\/10\/Mural-za\u010d\u00e1tek-2-600x400.jpg 600w, https:\/\/www.praha7.cz\/wp-content\/uploads\/2019\/10\/Mural-za\u010d\u00e1tek-2-768x512.jpg 768w\" sizes=\"(max-width: 640px) 100vw, 640px\" \/><\/p>\r\n<h3><strong>V\u00edt\u011bzn\u00fd n\u00e1vrh<\/strong><\/h3>\r\n<p><img loading=\"lazy\" src=\"https:\/\/www.praha7.cz\/wp-content\/uploads\/2019\/08\/1_misto_Dusek-Pavel_Smid-Josef-1500x1000.jpg\" alt=\"\" width=\"640\" height=\"427\" class=\"size-large wp-image-29172\" srcset=\"https:\/\/www.praha7.cz\/wp-content\/uploads\/2019\/08\/1_misto_Dusek-Pavel_Smid-Josef-1500x1000.jpg 1500w, https:\/\/www.praha7.cz\/wp-content\/uploads\/2019\/08\/1_misto_Dusek-Pavel_Smid-Josef-600x400.jpg 600w, https:\/\/www.praha7.cz\/wp-content\/uploads\/2019\/08\/1_misto_Dusek-Pavel_Smid-Josef-768x512.jpg 768w\" sizes=\"(max-width: 640px) 100vw, 640px\" \/><\/p>","protected":false},"excerpt":{"rendered":"[perex] V\u00edt\u011bzov\u00e9 v\u00fdtvarn\u00e9 sout\u011b\u017ee Mural Art Vltavsk\u00e1 \u00a0Pavel Du\u0161ek a\u00a0Josef \u0160m\u00edd se v&nbsp;p\u00e1tek 11.&nbsp;10.&nbsp;pustili do d\u00edla. Zhruba m\u011bs\u00edc se bude ze\u010f vn\u011bj\u0161\u00edho atria u&nbsp;stanice metra pod jejich rukama prom\u011b\u0148ovat v&nbsp;mnohovrstevnat\u00fd obraz podle jejich v\u00edt\u011bzn\u00e9ho n\u00e1vrhu.\u00a0 [\/perex] V\u00fdtvarnou sout\u011b\u017e Mural Art Vltavsk\u00e1 v&nbsp;\u010dervenci tohoto roku vyhl\u00e1sila Praha&nbsp;7 spole\u010dn\u011b s&nbsp;Dopravn\u00edm podnikem hl. m. Prahy. Nefinan\u010dn\u00edm partnerem je [&hellip;]","protected":false},"author":5,"featured_media":30405,"comment_status":"closed","ping_status":"open","sticky":false,"template":"","format":"standard","meta":[],"categories":[34],"tags":[],"_links":{"self":[{"href":"https:\/\/www.praha7.cz\/api\/wp\/v2\/posts\/30404"}],"collection":[{"href":"https:\/\/www.praha7.cz\/api\/wp\/v2\/posts"}],"about":[{"href":"https:\/\/www.praha7.cz\/api\/wp\/v2\/types\/post"}],"author":[{"embeddable":true,"href":"https:\/\/www.praha7.cz\/api\/wp\/v2\/users\/5"}],"replies":[{"embeddable":true,"href":"https:\/\/www.praha7.cz\/api\/wp\/v2\/comments?post=30404"}],"version-history":[{"count":2,"href":"https:\/\/www.praha7.cz\/api\/wp\/v2\/posts\/30404\/revisions"}],"predecessor-version":[{"id":30408,"href":"https:\/\/www.praha7.cz\/api\/wp\/v2\/posts\/30404\/revisions\/30408"}],"wp:featuredmedia":[{"embeddable":true,"href":"https:\/\/www.praha7.cz\/api\/wp\/v2\/media\/30405"}],"wp:attachment":[{"href":"https:\/\/www.praha7.cz\/api\/wp\/v2\/media?parent=30404"}],"wp:term":[{"taxonomy":"category","embeddable":true,"href":"https:\/\/www.praha7.cz\/api\/wp\/v2\/categories?post=30404"},{"taxonomy":"post_tag","embeddable":true,"href":"https:\/\/www.praha7.cz\/api\/wp\/v2\/tags?post=30404"}],"curies":[{"name":"wp","href":"https:\/\/api.w.org\/{rel}","templated":true}]}}