    
{"id":30107,"date":"2019-10-01T15:36:38","date_gmt":"2019-10-01T13:36:38","guid":{"rendered":"https:\/\/www.praha7.cz\/?p=30107"},"modified":"2019-10-01T15:36:38","modified_gmt":"2019-10-01T13:36:38","slug":"letohradek-zmokleho-cisare","status":"publish","type":"post","link":"https:\/\/www.praha7.cz\/letohradek-zmokleho-cisare\/","title":{"rendered":"Letohr\u00e1dek zmokl\u00e9ho c\u00edsa\u0159e"},"content":{"rendered":"<p><span class=\"CharOverride-5\">[perex]<\/span><\/p>\r\n<p class=\"Z-kladn--odstavec ParaOverride-10\"><span class=\"CharOverride-53\">Noblesn\u00ed podnik nav\u0161t\u011bvovan\u00fd c\u00edsa\u0159skou rodinou Habsburk\u016f i\u00a0vl\u00e1dnouc\u00edmi \u010dleny dal\u0161\u00edch evropsk\u00fdch rod\u016f. M\u00edsto, kde sv\u00e9 \u017eivotn\u00ed jubileum slavil Franti\u0161ek Palack\u00fd, <\/span><span class=\"CharOverride-53\">kde psali sv\u00e9 prvn\u00ed divadeln\u00ed ske\u010de Jan Werich <\/span><span class=\"CharOverride-53\">a\u00a0Ji\u0159\u00ed Voskovec, kde vojensk\u00e9 orchestry vyhr\u00e1valy k\u00a0tanci i\u00a0poslechu b\u00e1sn\u00edk\u016fm, <\/span><span class=\"CharOverride-53\">romanopisc\u016fm, mal\u00ed\u0159\u016fm, zp\u011bv\u00e1k\u016fm, herc\u016fm i\u00a0fotograf\u016fm. A\u00a0nakonec d\u016fm, kter\u00fd se v\u00a0letech normalizace prom\u011bnil ve smutn\u011b <\/span><span class=\"CharOverride-53\">tajemn\u00e9 ruiny hroz\u00edc\u00ed z\u0159\u00edcen\u00edm. Nyn\u00ed se \u0160lechtova <\/span><span class=\"CharOverride-53\">restaurace znovu probouz\u00ed k\u00a0\u017eivotu. A\u00a0v\u0161e to <\/span><span class=\"CharOverride-53\">za\u010dalo zmokl\u00fdm c\u00edsa\u0159em\u2026<\/span><\/p>\r\n<p><span class=\"CharOverride-5\">[\/perex]<\/span><\/p>\r\n<p><span class=\"CharOverride-5\">Pokud otev\u0159eme pra\u017esk\u00e9ho pr\u016fvodce od Karla\u00a0V. Zapa z\u00a0roku 1835, zavede n\u00e1s i\u00a0do Stromovky: \u201eOd z\u00e1mku vedou rozli\u010dn\u00e9 stezky a\u00a0cesty ze str\u00e1n\u011b dol\u016f k\u00a0znamenit\u00e9mu hostinci, od c\u00edsa\u0159e Leopolda\u00a0II. kr\u00e1sn\u011b vystaven\u00e9mu, v\u00a0n\u011bm\u017e velik\u00fd s\u00e1l a\u00a0dva billiardy v\u00a0prostrann\u00fdch s\u00edn\u011bch se nach\u00e1zej\u00ed. Venku po stran\u011b mezi stromov\u00edm jsou rozstaven\u00e9 stoly, a\u00a0<\/span><span class=\"CharOverride-5\">kup\u0159edu se rozprost\u00edr\u00e1 dalek\u00e1 prohlubina, n\u011bkdy vodou napln\u011bn\u00e1, nyn\u00ed v\u0161ak vysu\u0161en\u00e1 a\u00a0zoran\u00e1; uprost\u0159ed n\u00ed jak na porostl\u00e9m ostr\u016fvku se t\u0159pyt\u00ed b\u00e1\u0148 hezk\u00e9ho alt\u00e1nku a\u00a0celou prohlubinu tuto ob\u00edh\u00e1 v\u011bkovit\u00e9 stromo\u0159ad\u00ed, v\u00a0n\u011bm\u017e se oby\u010dejn\u011b jezdcov\u00e9 a\u00a0ko\u010d\u00e1ry proh\u00e1n\u011bj\u00ed,\u201c zaznamen\u00e1v\u00e1 sv\u00e9 dojmy pan Zap v\u00a0prvn\u00ed polovin\u011b 19.&nbsp;stolet\u00ed.<\/span><\/p>\r\n<p class=\"Z-kladn--odstavec ParaOverride-2\"><span class=\"CharOverride-5\">Kr\u00e1lovsk\u00e1 obora alias Stromovka je park anglick\u00e9ho typu. N\u00e1zev Stromovka vznikl jako lidov\u00fd z\u00a0p\u0159ekladu n\u011bmeck\u00e9ho slova der Baumgarten, kter\u00e9 ozna\u010dovalo pouze jej\u00ed nejz\u00e1padn\u011bj\u0161\u00ed \u010d\u00e1st\u00a0\u2013 \u0161t\u011bpnici. Nakonec se mezi \u010cechy v\u017eilo pro cel\u00fd park, by\u0165 mu zejm\u00e9na mnoz\u00ed vlastenci dlouh\u00e1 l\u00e9ta nemohli p\u0159ij\u00edt na chu\u0165. Po stalet\u00ed pat\u0159ila obora \u010desk\u00fdm kr\u00e1l\u016fm, kte\u0159\u00ed zde po\u0159\u00e1dali hony <\/span><span class=\"CharOverride-5\">a\u00a0v\u0161emo\u017en\u00e9 kratochv\u00edle. Jan Lucembursk\u00fd tady dokonce pl\u00e1noval obrovsk\u00e9 ryt\u00ed\u0159sk\u00e9 kl\u00e1n\u00ed ve stylu artu\u0161ovsk\u00fdch legend, jemu\u017e chyb\u011blo jedin\u00e9\u00a0\u2013 ryt\u00ed\u0159i. Na pozv\u00e1n\u00ed \u010desk\u00e9ho kr\u00e1le v\u00a0roce 1319 nikdo nep\u0159ijel.<\/span><\/p>\r\n<p class=\"Z-kladn--odstavec ParaOverride-2\"><span class=\"CharOverride-5\">Samotn\u00e1 hrub\u00e1 stavba budouc\u00ed restaurace byla dokon\u010dena roku 1692, traduje se, \u017ee d\u016fvodem jej\u00edho vzniku byl d\u00e9\u0161\u0165, kter\u00fd zde o\u00a0p\u00e1r let d\u0159\u00edve zasko\u010dil c\u00edsa\u0159e Leopolda a\u00a0jeho doprovod. Promokl\u00fd c\u00edsa\u0159 nen\u00ed spokojen\u00fd c\u00edsa\u0159, a\u00a0tak byl pro podobn\u00e9 situace v\u00a0obo\u0159e rad\u011bji vystav\u011bn tzv. doln\u00ed letohr\u00e1dek, aby se panstvo m\u011blo v\u00a0podobn\u00e9 situaci kde schovat. Trvalo v\u0161ak cel\u00e9 dal\u0161\u00ed stolet\u00ed, ne\u017e byly park i\u00a0tato budova otev\u0159eny lidu. Zasadil se o\u00a0<\/span><span class=\"CharOverride-5\">to nejvy\u0161\u0161\u00ed purkrab\u00ed Jan Rudolf hrab\u011b Chotek v\u00a0roce 1804.<\/span><\/p>\r\n<p class=\"Z-kladn--odstavec ParaOverride-2\"><span class=\"CharOverride-20\"><\/span><span class=\"CharOverride-56\"><strong>Obora pro v\u0161echny<\/strong><br \/>\r\n<\/span><span class=\"CharOverride-5\">To u\u017e vysok\u00e1 zv\u011b\u0159 z\u00a0dob kr\u00e1lovsk\u00fdch a\u00a0c\u00edsa\u0159sk\u00fdch lov\u016f d\u00e1vno zmizela. V\u00a0ohrad\u011b z\u016fst\u00e1val jen posledn\u00ed z\u00e1stupce kdysi zde po\u010detn\u00fdch st\u00e1d zv\u00ed\u0159ectva, jelen p\u0159ipom\u00ednaj\u00edc\u00ed p\u016fvodn\u00ed smysl obory. Prohl\u00ed\u017eet si ho chodili tak\u00e9 nejmen\u0161\u00ed: \u201eAle my d\u011bti ho nemilovaly, toho jelena,\u201c vzpom\u00ednal po letech Jan Neruda. \u201eOn se tak podivn\u011b koukal! Zrovna jako by cht\u011bl \u0159\u00edci: \u201aNo tak mi dejte p\u0159edc tu svou housku!\u2018\u201c<\/span><\/p>\r\n<p class=\"Z-kladn--odstavec ParaOverride-2\"><span class=\"CharOverride-5\">Za\u010d\u00ednala nov\u00e1 etapa \u017eivota ve Stromovce a\u00a0jeho centrem byla pr\u00e1v\u011b restaurace v\u00a0<\/span><span class=\"CharOverride-5\">doln\u00edm letohr\u00e1dku. Prvn\u00edm n\u00e1jemcem se stal malostransk\u00fd kav\u00e1rn\u00edk V\u00e1clav Steinitz, jen\u017e m\u011bl \u00fadajn\u011b k\u00e1vu va\u0159it samotn\u00e9mu Mozartovi a\u00a0jeho\u017e podnik v\u00a0malostransk\u00e9 Mosteck\u00e9 ulici nav\u0161t\u011bvovali lid\u00e9 jako Josef Kajet\u00e1n Tyl nebo Franti\u0161ek Ladislav \u010celakovsk\u00fd. Steinitz letohr\u00e1dek ve spolupr\u00e1ci se zemsk\u00fdm v\u00fdborem zrenovoval a\u00a0za\u010dal do n\u011bj l\u00e1kat prvn\u00ed hosty. Dokonce zde m\u011bl tu \u010dest obsluhovat c\u00edsa\u0159e Franti\u0161ka\u00a0I. s\u00a0chot\u00ed a\u00a0dcerou.<\/span><\/p>\r\n<p class=\"Z-kladn--odstavec ParaOverride-2\"><span class=\"CharOverride-5\">B\u011bhem n\u00e1sleduj\u00edc\u00edch sedmi desetilet\u00ed se zde vyst\u0159\u00eddalo mnoho pacht\u00fd\u0159\u016f, vesm\u011bs jmen u\u017e d\u00e1vno zapomenut\u00fdch. V\u00fdjimku mezi nimi tvo\u0159il V\u00e1clav Petzold, inspektor majetku N\u00e1rodn\u00edho divadla a\u00a0mu\u017e, kter\u00fd se zalo\u017eil o\u00a0vznik prvn\u00ed \u010d\u00ed\u0161nick\u00e9 \u0161koly u\u00a0n\u00e1s i\u00a0v<\/span><span class=\"CharOverride-5\">\u00a0cel\u00e9 monarchii a\u00a0kter\u00fd v\u00a0restauraci ve Stromovce vystrojil velkolepou oslavu sedmdes\u00e1tin pro Otce n\u00e1roda Franti\u0161ka Palack\u00e9ho. Toho odpoledne do Stromovky p\u0159i\u0161lo na \u010dty\u0159i stovky telegrafick\u00fdch gratulac\u00ed.<\/span><\/p>\r\n<p class=\"Z-kladn--odstavec ParaOverride-2\"><span class=\"CharOverride-5\">Ani V\u00e1clav Petzold se ale ve Stromovce nezdr\u017eel mnoho let. Prvn\u00ed a\u00a0dosud posledn\u00ed rodina, kter\u00e1 se o\u00a0restauraci starala tak dlouho, a\u017e j\u00ed vtiskla rodov\u00e9 jm\u00e9no, byla rodina V\u00e1clava \u0160lechty. Poch\u00e1zela ze Lstibo\u0159e, ale do Prahy se p\u0159est\u011bhovala z\u00a0pevnosti Terez\u00edn, kde V\u00e1clav vedl v\u00a0n\u00e1jmu hotel. S\u00e1m by se o\u00a0pron\u00e1jem restaurace v\u00a0Kr\u00e1lovsk\u00e9 obo\u0159e nezaj\u00edmal, kdyby jej v<\/span><span class=\"CharOverride-5\">\u00a0jeho hotelu nenav\u0161t\u00edvil kn\u00ed\u017ee Lobkovic a\u00a0nebyl s\u00a0jeho slu\u017ebami nadm\u00edru spokojen. Legenda prav\u00ed, \u017ee jeho nad\u0161en\u00ed dos\u00e1hlo t\u00e9 m\u00edry, a\u017e nep\u0159ipou\u0161t\u011bl debatu. Na m\u00edst\u011b pr\u00fd rozhodl, \u017ee si pan \u0160lechta o\u00a0pron\u00e1jem restaurace zkr\u00e1tka za\u017e\u00e1d\u00e1. To se psal rok 1882 a\u00a0\u0160lechtova rodina z\u016fstala ve Stromovce tak\u0159ka sedmdes\u00e1t let.<\/span><\/p>\r\n<p><a href=\"https:\/\/www.praha7.cz\/letohradek-zmokleho-cisare\/04a-vaclav-slechta-2\/\" rel=\"attachment wp-att-30110\"><img loading=\"lazy\" src=\"https:\/\/www.praha7.cz\/wp-content\/uploads\/2019\/10\/04a-V\u00e1clav-\u0160lechta-2-625x1000.jpg\" alt=\"\" width=\"625\" height=\"1000\" class=\"alignnone size-large wp-image-30110\" srcset=\"https:\/\/www.praha7.cz\/wp-content\/uploads\/2019\/10\/04a-V\u00e1clav-\u0160lechta-2-625x1000.jpg 625w, https:\/\/www.praha7.cz\/wp-content\/uploads\/2019\/10\/04a-V\u00e1clav-\u0160lechta-2-250x400.jpg 250w, https:\/\/www.praha7.cz\/wp-content\/uploads\/2019\/10\/04a-V\u00e1clav-\u0160lechta-2-768x1228.jpg 768w, https:\/\/www.praha7.cz\/wp-content\/uploads\/2019\/10\/04a-V\u00e1clav-\u0160lechta-2.jpg 938w\" sizes=\"(max-width: 625px) 100vw, 625px\" \/><\/a><\/p>\r\n<p class=\"Z-kladn--odstavec ParaOverride-2\"><span class=\"CharOverride-5\"><em>pozn.: V\u00e1clav \u0160lechta \u2013 n\u00e1jemce restaurace v&nbsp;letech 1882\u20131909\u00a0<\/em><\/span><\/p>\r\n<p class=\"Z-kladn--odstavec ParaOverride-2\"><span class=\"CharOverride-5\">B\u011bhem nich se Praha i\u00a0obora zm\u011bnily k\u00a0nepozn\u00e1n\u00ed. Sice potichounku zanikla tradi\u010dn\u00ed bubene\u010dsk\u00e1 krej\u010dovsk\u00e1 slavnost Slamn\u00edk, ale do Stromovky u\u017e se nemuselo ekvip\u00e1\u017e\u00ed (p\u0159epychov\u00fdm ko\u010d\u00e1rem se sp\u0159e\u017een\u00edm)\u00a0\u2013 za\u010dala sem jezdit tramvaj a\u00a0p\u0159iv\u00e1\u017eet stovky n\u00e1v\u0161t\u011bvn\u00edk\u016f. K\u00a0oslav\u011b vzniku republiky se zde tradi\u010dn\u011b konal b\u011b\u017eeck\u00fd z\u00e1vod symbolicky ukon\u010duj\u00edc\u00ed letn\u00ed atletickou sezonu. V\u00a0obo\u0159e vyrostla i\u00a0druh\u00e1 restaurace zvan\u00e1 U\u00a0<\/span><span class=\"CharOverride-5\">Bukovsk\u00fdch, pozd\u011bji zbo\u0159en\u00e1 kv\u016fli stavb\u011b planet\u00e1ria. Vznikl \u010ceskoslovensk\u00fd rozhlas a\u00a0p\u0159\u00edmo z\u00a0restaurace za\u010dal p\u0159en\u00e1\u0161et koncerty vojensk\u00fdch orchestr\u016f do p\u0159ij\u00edma\u010d\u016f v\u0161ech sv\u00fdch p\u0159edplatitel\u016f. Hudba k\u00a0podniku skute\u010dn\u011b neodlu\u010dn\u011b pat\u0159ila, nejednou se zde sjelo n\u011bkolik vojensk\u00fdch orchestr\u016f, aby pod taktovkou jedin\u00e9ho dirigenta odehr\u00e1ly tzv. monstre koncerty, p\u0159edch\u016fdce rockov\u00fdch festival\u016f.<\/span><\/p>\r\n<p class=\"Z-kladn--odstavec ParaOverride-2\"><span class=\"CharOverride-5\">V\u00e1clav \u0160lechta vedl restauraci ve Stromovce bezm\u00e1la t\u0159i des\u00edtky let a\u00a0zemsk\u00fd v\u00fdbor byl zcela spokojen s\u00a0jeho prac\u00ed, proto nebylo divu, \u017ee se sna\u017eil, aby po V\u00e1clavov\u011b smrti do\u0161lo k\u00a0co nejmen\u0161\u00edm zm\u011bn\u00e1m. Nov\u00fdm n\u00e1jemcem se tak v\u00a0roce 1909 stal \u0160lecht\u016fv syn Anton\u00edn, kter\u00fd restauraci vedl rovn\u011b\u017e a\u017e do sv\u00e9 smrti v\u00a0<\/span><span class=\"CharOverride-5\">roce 1950, by\u0165 v\u00a0posledn\u00edch letech m\u011bl velkou oporu v\u00a0synovi a\u00a0prokuristovi podniku V\u00e1clavu mlad\u0161\u00edm. V\u00a0jejich n\u00e1jemn\u00ed smlouv\u011b mimo jin\u00e9 \u010dteme: \u201eN\u00e1jemce nesm\u00ed za j\u00eddla a\u00a0n\u00e1poje \u017e\u00e1dati vy\u0161\u0161\u00ed ceny, ne\u017eli jsou obvykl\u00e9 v\u00a0restaurac\u00edch stejn\u00e9ho \u0159\u00e1du ve hlavn\u00edm m\u011bst\u011b. V\u00a0dob\u011b, kdy se v\u00a0restauraci po\u0159\u00e1d\u00e1 koncert, sm\u00ed n\u00e1jemce p\u0159i pod\u00e1v\u00e1n\u00ed pokrm\u016f nebo n\u00e1poj\u016f \u017e\u00e1dati p\u0159im\u011b\u0159en\u00fd p\u0159\u00edsp\u011bvek <\/span><span class=\"CharOverride-5\">k\u00a0uhrazen\u00ed jeho n\u00e1klad\u016f na koncerty.\u201c A\u00a0d\u00e1le: \u201eN\u00e1jemce je povinen bedliv\u011b pe\u010dovati o\u00a0to, aby v\u00a0restauraci byly v\u017edy pod\u00e1v\u00e1ny pokrmy jen dob\u0159e upraven\u00e9 a\u00a0n\u00e1poje dobr\u00e9 a\u00a0aby bylo v\u017edy u\u017e\u00edv\u00e1no jen \u00fapravn\u00e9ho a\u00a0naprosto \u010dist\u00e9ho stoln\u00edho n\u00e1\u010din\u00ed a\u00a0pr\u00e1dla. Tak\u00e9 cel\u00e9 za\u0159\u00edzen\u00ed v\u0161ech m\u00edstnost\u00ed restaura\u010dn\u00edch budi\u017e st\u00e1le udr\u017eov\u00e1no v\u00a0dobr\u00e9m stavu a\u00a0\u010distot\u011b.\u201c<\/span><\/p>\r\n<p><a href=\"https:\/\/www.praha7.cz\/letohradek-zmokleho-cisare\/04b-antonin-a-karla-slechtovi\/\" rel=\"attachment wp-att-30109\"><img loading=\"lazy\" src=\"https:\/\/www.praha7.cz\/wp-content\/uploads\/2019\/10\/04b-Anton\u00edn-a-Karla-\u0160lechtovi-617x1000.jpg\" alt=\"\" width=\"617\" height=\"1000\" class=\"alignnone size-large wp-image-30109\" srcset=\"https:\/\/www.praha7.cz\/wp-content\/uploads\/2019\/10\/04b-Anton\u00edn-a-Karla-\u0160lechtovi-617x1000.jpg 617w, https:\/\/www.praha7.cz\/wp-content\/uploads\/2019\/10\/04b-Anton\u00edn-a-Karla-\u0160lechtovi-247x400.jpg 247w, https:\/\/www.praha7.cz\/wp-content\/uploads\/2019\/10\/04b-Anton\u00edn-a-Karla-\u0160lechtovi.jpg 699w\" sizes=\"(max-width: 617px) 100vw, 617px\" \/><\/a><\/p>\r\n<p><em>pozn.: N\u00e1stupce druh\u00e9 generace rodiny \u0160lechtov\u00fdch \u2013 Anton\u00edn, kter\u00fd m\u011bl restauraci v&nbsp;n\u00e1jmu od roku 1909. Na sn\u00edmku s&nbsp;man\u017eelkou Karlou<\/em><\/p>\r\n<p class=\"Z-kladn--odstavec ParaOverride-2\"><span class=\"CharOverride-56\"><strong>Soumrak a\u00a0znovuzrozen\u00ed<\/strong><br \/>\r\n<\/span><span class=\"CharOverride-5\">To u\u017e ale za\u010dala druh\u00e1 sv\u011btov\u00e1 v\u00e1lka. Karel \u0160lechta mlad\u0161\u00ed, pravnuk posledn\u00edho n\u00e1jemce, dnes p\u0159id\u00e1v\u00e1 zaj\u00edmavost: \u201eD\u011bde\u010dek vypr\u00e1v\u011bl, \u017ee kdy\u017e do restaurace p\u0159ijeli nacist\u00e9, uva\u017eovali, \u017ee by objekt n\u011bjak vyu\u017eili, ale neelektrifikovan\u00e9 \u00fazk\u00e9 v\u011b\u017ee s\u00a0mal\u00fdmi m\u00edstnostmi je od toho nakonec odradily. P\u0159esto m\u011bli ke stavb\u011b velkou \u00factu, nedovolili si uvnit\u0159 ani zap\u00e1lit cigaretu, aby nepo\u0161kodili kulturn\u00ed pam\u00e1tku. Kdy\u017e pozd\u011bji p\u0159ijely rud\u00e9 gardy, tak m\u011bly zna\u010dn\u011b jin\u00fd p\u0159\u00edstup. Kup\u0159\u00edkladu okam\u017eit\u011b vyrabovaly sklep, kde byl ulo\u017een\u00fd luxusn\u00ed alkohol pro vz\u00e1cn\u00e9 hosty.\u201c<\/span><\/p>\r\n<p class=\"Z-kladn--odstavec ParaOverride-2\"><span class=\"CharOverride-5\">Pr\u00e1zdn\u00fd sklep v\u0161ak nebyl ni\u010d\u00edm v\u00a0porovn\u00e1n\u00ed s\u00a0t\u00edm, co restauraci \u010dekalo v\u00a0letech komunistick\u00e9 totality. P\u0159i\u0161el \u00fanor roku 1948 a\u00a0v\u0161e se m\u011blo zm\u011bnit, pro republiku i\u00a0\u0160lechtovu rodinu<\/span><span class=\"CharOverride-5\">.<\/span><\/p>\r\n<p class=\"Z-kladn--odstavec ParaOverride-2\"><span class=\"CharOverride-5\">Jak ji\u017e bylo \u0159e\u010deno, Anton\u00edn \u0160lechta nikdy nebyl\u00a0\u2013 krom\u011b vybaven\u00ed\u00a0\u2013 fyzick\u00fdm vlastn\u00edkem \u0160lechtovy restaurace, nicm\u00e9n\u011b jeho rodina se o\u00a0podnik starala tak\u0159ka sedm desetilet\u00ed, proto jej\u00ed tv\u00e1\u0159, atmosf\u00e9ra a\u00a0kvalita slu\u017eeb byla s\u00a0prac\u00ed rodiny neodmysliteln\u011b spjata. Pl\u00e1novan\u00fd p\u0159erod do komun\u00e1ln\u00edho podniku nemohl star\u00fd p\u00e1n rozd\u00fdchat. Kdy\u017e se dozv\u011bd\u011bl, jak\u00e1 bude budoucnost jeho celo\u017eivotn\u00ed pr\u00e1ce, jeho srdce to neuneslo. Anton\u00edn \u0160lechta zem\u0159el 14.\u00a0ledna\u00a01950 na infarkt, a\u00a0to bezprost\u0159edn\u011b po t\u0159et\u00ed n\u00e1v\u0161t\u011bv\u011b komunistick\u00e9 p\u0159esv\u011bd\u010dovac\u00ed komise, kter\u00e1 jej m\u011bla z\u00edskat pro sv\u00e9 pl\u00e1ny.<\/span><\/p>\r\n<p class=\"Z-kladn--odstavec ParaOverride-2\"><span class=\"CharOverride-5\">Prvot\u0159\u00eddn\u011b za\u0159\u00edzen\u00fd podnik je\u0161t\u011b n\u011bkolik let fungoval, av\u0161ak pomalu ch\u00e1tral. Jm\u00e9no \u017eivnostn\u00edka v\u00a0<\/span><span class=\"CharOverride-5\">n\u00e1zvu se stalo nepohodln\u00fdm, a\u00a0tak byl hostinec p\u0159ejmenov\u00e1n na Lidovou restauraci ve Stromovce. Co na tom, \u017ee j\u00ed tak pravd\u011bpodobn\u011b nikdo nikdy ne\u0159ekl. V\u00a070.&nbsp;letech se nov\u00fdm n\u00e1jemcem staly restaur\u00e1torsk\u00e9 d\u00edlny, a\u00a0pokud se snad uva\u017eovalo o\u00a0rekonstrukci, v\u0161e zkomplikovaly opakovan\u00e9 po\u017e\u00e1ry. K\u00a0prvn\u00edmu do\u0161lo roku 1978, <br \/>\r\nale budovu z\u00e1sadn\u011b poni\u010dil ten z\u00a028.\u00a0ledna\u00a01980. P\u0159ipo\u010dteme-li povode\u0148 v\u00a0roce 2002, propady okoln\u00ed p\u016fdy p\u0159i stavb\u011b tunelu Blanka nebo sesuv podm\u00e1\u010den\u00e9ho svahu roku 2011, je z\u00e1zrak, \u017ee se kulhaj\u00edc\u00ed Leopold\u016fv letohr\u00e1dek do\u017eil dne\u0161n\u00edch dn\u016f.<\/span><\/p>\r\n<p class=\"Z-kladn--odstavec ParaOverride-2\"><span class=\"CharOverride-5\">P\u0159\u00edb\u011bh v\u0161ak m\u00e1 dobr\u00fd konec. V\u00a0roce 2017 kone\u010dn\u011b za\u010dala dlouh\u00e1 l\u00e9ta pl\u00e1novan\u00e1 rekonstrukce <\/span><span class=\"CharOverride-5\">a\u00a0d\u016fm pozvolna vst\u00e1v\u00e1 z\u00a0mrtv\u00fdch. P\u0159ed o\u010dima n\u00e1m zat\u00edm plyne dvousetlet\u00fd film jeho minulosti. Film pln\u00fd noblesn\u00edch dam a\u00a0p\u00e1n\u016f, sv\u00e1te\u010dn\u00edch vojensk\u00fdch uniforem, barevn\u00fdch d\u00e1msk\u00fdch garderob, \u010das\u016f, kdy v\u0161ude kolem zn\u011bly val\u010d\u00edky a\u00a0lid\u00e9 pop\u00edjeli k\u00e1vu i\u00a0drah\u00e9 drinky, uj\u00eddali von\u00edc\u00ed z\u00e1kusky, zat\u00edmco d\u011bti dostaly mal\u00e9 sladkosti a\u00a0pozorovaly neklidn\u011b post\u00e1vaj\u00edc\u00ed u\u0161lechtil\u00e9 kon\u011b\u2026<\/span><\/p>\r\n<p class=\"Z-kladn--odstavec ParaOverride-2\"><span class=\"CharOverride-5\">V\u00a0p\u0159\u00ed\u0161t\u00edm roce by m\u011bl \u0160lechtov\u011b restauraci kone\u010dn\u011b tak\u00e9 vdechnout \u017eivot nov\u00fd n\u00e1jemce. P\u0159ejeme ob\u011bma dlouh\u00fd \u017eivot a\u00a0symbolicky pozved\u00e1me sklenice se slovy: \u201eNa zdrav\u00ed a\u00a0dej B\u016fh \u0161t\u011bst\u00ed!<\/span><\/p>\r\n<p><a href=\"https:\/\/www.praha7.cz\/letohradek-zmokleho-cisare\/02-barevny-plakat\/\" rel=\"attachment wp-att-30112\"><img loading=\"lazy\" src=\"https:\/\/www.praha7.cz\/wp-content\/uploads\/2019\/10\/02-barevn\u00fd-plak\u00e1t-679x1000.jpg\" alt=\"\" width=\"640\" height=\"943\" class=\"alignnone size-large wp-image-30112\" srcset=\"https:\/\/www.praha7.cz\/wp-content\/uploads\/2019\/10\/02-barevn\u00fd-plak\u00e1t-679x1000.jpg 679w, https:\/\/www.praha7.cz\/wp-content\/uploads\/2019\/10\/02-barevn\u00fd-plak\u00e1t-272x400.jpg 272w, https:\/\/www.praha7.cz\/wp-content\/uploads\/2019\/10\/02-barevn\u00fd-plak\u00e1t-768x1130.jpg 768w, https:\/\/www.praha7.cz\/wp-content\/uploads\/2019\/10\/02-barevn\u00fd-plak\u00e1t.jpg 1227w\" sizes=\"(max-width: 640px) 100vw, 640px\" \/><\/a><br \/>\r\n<br \/>\r\n<em>pozn.: Plak\u00e1t propaguj\u00edc\u00ed koncert ve \u0160lechtovce na po\u010d\u00e1tku 20.&nbsp;stolet\u00ed<\/em><\/p>","protected":false},"excerpt":{"rendered":"[perex] Noblesn\u00ed podnik nav\u0161t\u011bvovan\u00fd c\u00edsa\u0159skou rodinou Habsburk\u016f i\u00a0vl\u00e1dnouc\u00edmi \u010dleny dal\u0161\u00edch evropsk\u00fdch rod\u016f. M\u00edsto, kde sv\u00e9 \u017eivotn\u00ed jubileum slavil Franti\u0161ek Palack\u00fd, kde psali sv\u00e9 prvn\u00ed divadeln\u00ed ske\u010de Jan Werich a\u00a0Ji\u0159\u00ed Voskovec, kde vojensk\u00e9 orchestry vyhr\u00e1valy k\u00a0tanci i\u00a0poslechu b\u00e1sn\u00edk\u016fm, romanopisc\u016fm, mal\u00ed\u0159\u016fm, zp\u011bv\u00e1k\u016fm, herc\u016fm i\u00a0fotograf\u016fm. A\u00a0nakonec d\u016fm, kter\u00fd se v\u00a0letech normalizace prom\u011bnil ve smutn\u011b tajemn\u00e9 ruiny hroz\u00edc\u00ed z\u0159\u00edcen\u00edm. [&hellip;]","protected":false},"author":76,"featured_media":30108,"comment_status":"closed","ping_status":"open","sticky":false,"template":"","format":"standard","meta":[],"categories":[37],"tags":[],"_links":{"self":[{"href":"https:\/\/www.praha7.cz\/api\/wp\/v2\/posts\/30107"}],"collection":[{"href":"https:\/\/www.praha7.cz\/api\/wp\/v2\/posts"}],"about":[{"href":"https:\/\/www.praha7.cz\/api\/wp\/v2\/types\/post"}],"author":[{"embeddable":true,"href":"https:\/\/www.praha7.cz\/api\/wp\/v2\/users\/76"}],"replies":[{"embeddable":true,"href":"https:\/\/www.praha7.cz\/api\/wp\/v2\/comments?post=30107"}],"version-history":[{"count":4,"href":"https:\/\/www.praha7.cz\/api\/wp\/v2\/posts\/30107\/revisions"}],"predecessor-version":[{"id":30115,"href":"https:\/\/www.praha7.cz\/api\/wp\/v2\/posts\/30107\/revisions\/30115"}],"wp:featuredmedia":[{"embeddable":true,"href":"https:\/\/www.praha7.cz\/api\/wp\/v2\/media\/30108"}],"wp:attachment":[{"href":"https:\/\/www.praha7.cz\/api\/wp\/v2\/media?parent=30107"}],"wp:term":[{"taxonomy":"category","embeddable":true,"href":"https:\/\/www.praha7.cz\/api\/wp\/v2\/categories?post=30107"},{"taxonomy":"post_tag","embeddable":true,"href":"https:\/\/www.praha7.cz\/api\/wp\/v2\/tags?post=30107"}],"curies":[{"name":"wp","href":"https:\/\/api.w.org\/{rel}","templated":true}]}}