    
{"id":29990,"date":"2019-09-26T13:13:02","date_gmt":"2019-09-26T11:13:02","guid":{"rendered":"https:\/\/www.praha7.cz\/?p=29990"},"modified":"2019-09-26T13:13:02","modified_gmt":"2019-09-26T11:13:02","slug":"letensky-pohar-2019-v-rock-and-rollu","status":"publish","type":"post","link":"https:\/\/www.praha7.cz\/letensky-pohar-2019-v-rock-and-rollu\/","title":{"rendered":"Letensk\u00fd poh\u00e1r 2019 v&nbsp;rock and rollu"},"content":{"rendered":"<p>[perex]<\/p>\r\n<p>Nejv\u011bt\u0161\u00ed z\u00e1vody v\u00a0akrobatick\u00e9m rock and rollu v\u00a0\u010cesku ji\u017e po po\u0161estn\u00e1ct\u00e9 p\u0159iv\u00edt\u00e1 sportovn\u00ed hala Kr\u00e1lovka na pra\u017esk\u00e9 Letn\u00e9. V&nbsp;sobotu 5.&nbsp;\u0159\u00edjna 2019 nab\u00eddne letensk\u00e1 hala vrcholnou sportovn\u011b kulturn\u00ed akci, mezin\u00e1rodn\u00ed sout\u011b\u017e v\u00a0akrobatick\u00e9m rock and rollu LETENSK\u00dd POH\u00c1R, kter\u00e1 je v\u00a0roce 2019 z\u00a0pov\u011b\u0159en\u00ed sv\u011btov\u00e9 rock and rollov\u00e9 federace (WRRC) Mistrovstv\u00edm sv\u011bta d\u00edv\u010d\u00edch formac\u00ed junior i&nbsp;senior 2019, Sv\u011btov\u00fdm poh\u00e1rem junior\u016f 2019 a&nbsp;hlavn\u00ed kategorii A.<\/p>\r\n<p>[\/perex]<br \/>\r\n\u201e<em>Do Prahy se sjedou \u0161pi\u010dkov\u00ed sportovci\u00a0akrobatick\u00e9ho rokenrolu od kategorie junior\u016f a\u017e po kr\u00e1lovskou kategorii A. Celkem o\u010dek\u00e1v\u00e1me \u00fa\u010dast z\u00e1vodn\u00edk\u016f z\u00a0v\u00edce jak patn\u00e1cti zem\u00ed. K\u00a0vid\u011bn\u00ed budou formace i&nbsp;p\u00e1ry,<\/em>\u201c komentuje <strong>Ji\u0159\u00ed Hais, p\u0159edseda \u010cesk\u00e9ho svazu akrobatick\u00e9ho rock and rollu<\/strong> a&nbsp;dod\u00e1v\u00e1: \u201e<em>B\u011bhem cel\u00e9ho dne se div\u00e1k\u016fm p\u0159edstav\u00ed v\u00edce ne\u017e 900 sportovc\u016f z\u00a0Francie, Polska, Ruska, Chorvatska, Ma\u010farska, N\u011bmecka, \u010cesk\u00e9 republiky, Slovenska a&nbsp;dal\u0161\u00edch zem\u00ed.<\/em>\u201c<\/p>\r\n<p>V\u00a0\u201ekr\u00e1lovsk\u00e9\u201c kategorii A&nbsp;p\u0159edvedou na\u0161i i&nbsp;sv\u011btov\u00ed tane\u010dn\u00edci ve sv\u00fdch sestav\u00e1ch 5-6 akrobatick\u00fdch figur, salt a&nbsp;rotac\u00ed, propojen\u00fdch tane\u010dn\u00edmi kroky. \u201e<em>I v&nbsp;kategorii A&nbsp;p\u0159iv\u00edt\u00e1me na parketu absolutn\u00ed sv\u011btovou \u0161pi\u010dku. Tito tane\u010dn\u00edci a&nbsp;tane\u010dnice v\u00a0kategorii A&nbsp;a\u00a0p\u0159edv\u00e1d\u00ed skute\u010dn\u00e9 vrcholn\u00e9 prvky akrobacie a&nbsp;n\u00e1dhernou show. Jsme proto r\u00e1di, \u017ee je m\u016f\u017eeme n\u00e1v\u0161t\u011bvn\u00edk\u016fm p\u0159edstavit v\u00a0hlavn\u00ed \u010d\u00e1sti ve\u010dera. K\u00a0vid\u011bn\u00ed budou dvojn\u00e1 salta, gymnastick\u00e9 obraty ve v\u00fd\u0161k\u00e1ch kolem p\u011bti metr\u016f, r\u016fzn\u00e9 rota\u010dn\u00ed figury \u2013 to v\u0161e na parketu!<\/em>\u201c \u0159\u00edk\u00e1 Ji\u0159\u00ed Hais.<\/p>\r\n<p>Nejvy\u0161\u0161\u00ed\u00a0kategorie A&nbsp;je nomina\u010dn\u00ed a&nbsp;z\u00e1vodn\u00edci zde budou bojovat o&nbsp;kvalifikaci na Mistrovstv\u00ed sv\u011bta 2019, kter\u00e9 se bude v\u00a0listopadu konat v&nbsp;Moskv\u011b.<\/p>\r\n<p>N\u00e1dhernou show p\u0159edvedou i&nbsp;d\u00edv\u010d\u00ed formace v\u00a0juniorsk\u00e9 kategorii (do 14 let) i&nbsp;v&nbsp;\u201eseniorsk\u00e9&#8220; kategorii (nad 14 let). Na mistrovstv\u00ed sv\u011bta formac\u00ed se nominovaly \u010dty\u0159i \u010desk\u00e9 t\u00fdmy v\u00a0obou kategori\u00edch. kter\u00e9 se pokus\u00ed konkurovat skv\u011bl\u00fdm v\u00fdkon\u016fm rusk\u00fdch \u010di ma\u010farsk\u00fdch formac\u00ed, ale i&nbsp;dal\u0161\u00edm.<\/p>\r\n<p>D\u011bti do 15 let maj\u00ed zaji\u0161t\u011bn celodenn\u00ed vstup ZDARMA. D\u011btsk\u00e9 vstupenky budou v\u00a0z\u00e1\u0159\u00ed pro d\u011bti p\u0159ipraveny na festivalu sportu Spor\u0165\u00e1\u010dek, na z\u00e1kladn\u00edch \u0161kol\u00e1ch i&nbsp;na dal\u0161\u00edch akc\u00edch, kter\u00e9 prezentuj\u00ed sport d\u011btem. Po\u0159adatel\u00e9 se sna\u017eili uspokojit rostouc\u00ed z\u00e1jem div\u00e1k\u016f o&nbsp;show akrobatick\u00e9ho rock and rollu a&nbsp;letos v\u00a0hledi\u0161ti p\u0159ipravili okolo 1200 m\u00edst k\u00a0sezen\u00ed. Dosp\u011bl\u00ed n\u00e1v\u0161t\u011bvn\u00edci zaplat\u00ed v\u00a0p\u0159edprodeji na \u010cSAR 250,- K\u010d a&nbsp;na m\u00edst\u011b 500,- K\u010d.<\/p>\r\n<p>Za\u010d\u00e1tek akce je napl\u00e1nov\u00e1n na\u00a010 hodin, velk\u00e9 fin\u00e1le, ve kter\u00e9m se utkaj\u00ed nejlep\u0161\u00ed sportovci, bude za\u010d\u00ednat v\u00a019 hodin.\u00a0Organiz\u00e1torem sout\u011b\u017ee je Tane\u010dn\u00ed a&nbsp;sportovn\u00ed klub SILUETA a&nbsp;\u010cesk\u00fd svaz akrobatick\u00e9ho Rock and Rollu. Sout\u011b\u017e prob\u00edh\u00e1 za podpory m\u011bstsk\u00e9 \u010d\u00e1sti Praha&nbsp;7, hlavn\u00edho m\u011bsta Prahy a&nbsp;M\u0160MT.<\/p>\r\n<p><strong>Adresa m\u00edsta kon\u00e1n\u00ed:<\/strong><br \/>\r\nNad Kr\u00e1lovskou oborou 1080\/51<br \/>\r\nPraha&nbsp;7 &#8211; Bubene\u010d<\/p>\r\n<p>V\u00edce informac\u00ed naleznete na <a href=\"https:\/\/www.rokenrol.cz\/\">rokenrol.cz<\/a>\u00a0a na str\u00e1nk\u00e1ch sout\u011b\u017ee <a href=\"https:\/\/www.letenskypohar.cz\/\">letenskypohar.cz<\/a>.<\/p>","protected":false},"excerpt":{"rendered":"[perex] Nejv\u011bt\u0161\u00ed z\u00e1vody v\u00a0akrobatick\u00e9m rock and rollu v\u00a0\u010cesku ji\u017e po po\u0161estn\u00e1ct\u00e9 p\u0159iv\u00edt\u00e1 sportovn\u00ed hala Kr\u00e1lovka na pra\u017esk\u00e9 Letn\u00e9. V&nbsp;sobotu 5.&nbsp;\u0159\u00edjna 2019 nab\u00eddne letensk\u00e1 hala vrcholnou sportovn\u011b kulturn\u00ed akci, mezin\u00e1rodn\u00ed sout\u011b\u017e v\u00a0akrobatick\u00e9m rock and rollu LETENSK\u00dd POH\u00c1R, kter\u00e1 je v\u00a0roce 2019 z\u00a0pov\u011b\u0159en\u00ed sv\u011btov\u00e9 rock and rollov\u00e9 federace (WRRC) Mistrovstv\u00edm sv\u011bta d\u00edv\u010d\u00edch formac\u00ed junior i&nbsp;senior 2019, Sv\u011btov\u00fdm [&hellip;]","protected":false},"author":97,"featured_media":29991,"comment_status":"closed","ping_status":"open","sticky":false,"template":"","format":"standard","meta":[],"categories":[34],"tags":[],"_links":{"self":[{"href":"https:\/\/www.praha7.cz\/api\/wp\/v2\/posts\/29990"}],"collection":[{"href":"https:\/\/www.praha7.cz\/api\/wp\/v2\/posts"}],"about":[{"href":"https:\/\/www.praha7.cz\/api\/wp\/v2\/types\/post"}],"author":[{"embeddable":true,"href":"https:\/\/www.praha7.cz\/api\/wp\/v2\/users\/97"}],"replies":[{"embeddable":true,"href":"https:\/\/www.praha7.cz\/api\/wp\/v2\/comments?post=29990"}],"version-history":[{"count":2,"href":"https:\/\/www.praha7.cz\/api\/wp\/v2\/posts\/29990\/revisions"}],"predecessor-version":[{"id":29993,"href":"https:\/\/www.praha7.cz\/api\/wp\/v2\/posts\/29990\/revisions\/29993"}],"wp:featuredmedia":[{"embeddable":true,"href":"https:\/\/www.praha7.cz\/api\/wp\/v2\/media\/29991"}],"wp:attachment":[{"href":"https:\/\/www.praha7.cz\/api\/wp\/v2\/media?parent=29990"}],"wp:term":[{"taxonomy":"category","embeddable":true,"href":"https:\/\/www.praha7.cz\/api\/wp\/v2\/categories?post=29990"},{"taxonomy":"post_tag","embeddable":true,"href":"https:\/\/www.praha7.cz\/api\/wp\/v2\/tags?post=29990"}],"curies":[{"name":"wp","href":"https:\/\/api.w.org\/{rel}","templated":true}]}}