    
{"id":29965,"date":"2019-09-26T08:48:43","date_gmt":"2019-09-26T06:48:43","guid":{"rendered":"https:\/\/www.praha7.cz\/?p=29965"},"modified":"2019-10-09T10:03:37","modified_gmt":"2019-10-09T08:03:37","slug":"pozvanka-na-7-radne-zasedani-zastupitelstva-mc-praha-7-2","status":"publish","type":"post","link":"https:\/\/www.praha7.cz\/pozvanka-na-7-radne-zasedani-zastupitelstva-mc-praha-7-2\/","title":{"rendered":"Pozv\u00e1nka na 7.&nbsp;\u0159\u00e1dn\u00e9 zased\u00e1n\u00ed Zastupitelstva M\u010c Praha&nbsp;7"},"content":{"rendered":"<p style=\"text-align: justify;\">[perex]<\/p>\r\n<p style=\"text-align: justify;\">7.&nbsp;\u0159\u00e1dn\u00e9 zased\u00e1n\u00ed Zastupitelstva M\u010c Praha&nbsp;7 se kon\u00e1 v&nbsp;pond\u011bl\u00ed dne 7.&nbsp;\u0159\u00edjna 2019 od 17:00 hodin ve velk\u00e9 zasedac\u00ed m\u00edstnosti \u010d. 227 \u00da\u0159adu m\u011bstsk\u00e9 \u010d\u00e1sti, n\u00e1b\u0159. Kpt. Jaro\u0161e 1000, Praha&nbsp;7. Online p\u0159enos naleznete <a href=\"https:\/\/www.youtube.com\/watch?v=PtCNS5G2muM\">zde<\/a>.<\/p>\r\n<p style=\"text-align: justify;\">Materi\u00e1ly ke sta\u017een\u00ed jsou k&nbsp;dispozici pod eviden\u010dn\u00edmi \u010d\u00edsly u&nbsp;n\u00e1zv\u016f jednotliv\u00fdch bod\u016f.\u00a0<\/p>\r\n<p>[\/perex]<\/p>\r\n<p><strong>Program 7.&nbsp;\u0159\u00e1dn\u00e9ho zased\u00e1n\u00ed Zastupitelstva M\u010c Praha&nbsp;7<\/strong><\/p>\r\n<ul>\r\n\t<li>Pravideln\u00fd bod programu za\u0159azen\u00fd za bod \u010d. 2 \u2013 Dotazy a&nbsp;p\u0159ipom\u00ednky ob\u010dan\u016f 1<\/li>\r\n\t<li>Pravideln\u00fd bod programu za\u0159azen\u00fd pevn\u011b na 18 hodinu \u2013 Dotazy a&nbsp;p\u0159ipom\u00ednky ob\u010dan\u016f\u00a02<\/li>\r\n<\/ul>\r\n<p style=\"text-align: justify;\"><strong>1.<\/strong>\u00a0 Zah\u00e1jen\u00ed &#8211; schv\u00e1len\u00ed programu<\/p>\r\n<p style=\"text-align: justify;\"><strong>2.<\/strong>\u00a0 Volba n\u00e1vrhov\u00e9ho v\u00fdboru<\/p>\r\n<p style=\"text-align: justify;\"><strong>3.\u00a0<\/strong> N\u00c1VRH na schv\u00e1len\u00ed zm\u011bn N\u00e1vrhov\u00e9 \u010d\u00e1sti Strategick\u00e9ho pl\u00e1nu rozvoje M\u011bstsk\u00e9 \u010d\u00e1sti Praha&nbsp;7 pro obdob\u00ed 2016-2022 &#8211; <a href=\"https:\/\/www.praha7.cz\/wp-content\/uploads\/2019\/09\/1366.zip\">\u010d. 1366<\/a><\/p>\r\n<p style=\"text-align: justify;\"><strong>4.\u00a0<\/strong> N\u00c1VRH na revokaci usnesen\u00ed Zastupitelstva M\u010c Praha&nbsp;7 \u010d. 0090\/18-Z ze dne 03.09.2018 ve v\u011bci uzav\u0159en\u00ed soudn\u00edho sm\u00edru formou Smlouvy o&nbsp;z\u0159\u00edzen\u00ed slu\u017eebnost\u00ed, v\u011bcn\u00e9ho p\u0159edkupn\u00edho pr\u00e1va a&nbsp;o&nbsp;narovn\u00e1n\u00ed, mezi M\u010c Praha&nbsp;7 a&nbsp;spoluvlastn\u00edky domu Veverkova 10\/1418, ve v\u011bci pr\u00e1vn\u00edho zaji\u0161t\u011bn\u00ed stezky a&nbsp;cesty a&nbsp;in\u017een\u00fdrsk\u00fdch s\u00edt\u00ed, k&nbsp;nemovitostem nach\u00e1zej\u00edc\u00edch se ve vnitrobloku, sv\u011b\u0159en\u00fdch M\u010c Praha&nbsp;7 &#8211; <a href=\"https:\/\/www.praha7.cz\/wp-content\/uploads\/2019\/09\/1406.zip\">\u010d. 1406<\/a><\/p>\r\n<p style=\"text-align: justify;\"><strong>5.\u00a0<\/strong> N\u00c1VRH na odejmut\u00ed pozemk\u016f parc. \u010d. 373\/53, 373\/54 (\u010d\u00e1st chodn\u00edku v\u00a0ulici Vrbensk\u00e9ho), v\u0161e k.\u00fa. Hole\u0161ovice, ze sv\u011b\u0159en\u00e9 spr\u00e1vy M\u010c Praha&nbsp;7 &#8211; <a href=\"https:\/\/www.praha7.cz\/wp-content\/uploads\/2019\/09\/1403.zip\">\u010d.\u00a01403<\/a><\/p>\r\n<p style=\"text-align: justify;\"><strong>6.\u00a0<\/strong> P\u0159ipom\u00ednky M\u010c Praha&nbsp;7 k&nbsp;&#8222;\u00dazemn\u00ed studii Hole\u0161ovice Bubny-Z\u00e1tory ve f\u00e1zi ve\u0159ejn\u00e9ho jedn\u00e1n\u00ed, z\u00e1\u0159\u00ed 2019&#8220; &#8211; <a href=\"http:\/\/file.praha7.cz\/odbory\/kst\/1405 (2).zip\">\u010d. 1405<\/a><\/p>\r\n<p style=\"text-align: justify;\"><strong>7.\u00a0<\/strong> N\u00c1VRH stanoviska M\u010c Prahy&nbsp;7 k&nbsp;n\u00e1vrhu na po\u0159\u00edzen\u00ed zm\u011bny \u00dazemn\u00edho pl\u00e1nu s\u00eddeln\u00edho \u00fatvaru hl. m. Prahy podan\u00fd navrhovatelem \u010cSAD Praha holding a.s. prost\u0159ednictv\u00edm M\u011bstsk\u00e9 \u010d\u00e1sti na \u00fazem\u00ed lokality st\u00e1vaj\u00edc\u00edho Autobusov\u00e9ho n\u00e1dra\u017e\u00ed Praha Hole\u0161ovice. &#8211; <a href=\"https:\/\/www.praha7.cz\/wp-content\/uploads\/2019\/09\/1398.zip\">\u010d. 1398<\/a><\/p>\r\n<p style=\"text-align: justify;\"><strong>8.<\/strong>\u00a0 N\u00c1VRH projektu \u201eKomplexn\u00ed p\u0159\u00edstup k&nbsp;\u0159e\u0161en\u00ed bezdomovectv\u00ed a&nbsp;soci\u00e1ln\u00edho vylou\u010den\u00ed v&nbsp;Praze 7 v&nbsp;roce 2020\u201c a&nbsp;pod\u00e1n\u00ed \u017e\u00e1dosti o&nbsp;dotaci hl. m. Prahy na realizaci projektu &#8211; <a href=\"https:\/\/www.praha7.cz\/wp-content\/uploads\/2019\/09\/1397.zip\">\u010d.\u00a01397<\/a><\/p>\r\n<p style=\"text-align: justify;\"><strong>9.\u00a0<\/strong> INFORMACE o&nbsp;\u010dinnosti Rady M\u010c Praha&nbsp;7 a&nbsp;pln\u011bn\u00ed \u00fakol\u016f ulo\u017een\u00fdch Rad\u011b M\u010c Praha&nbsp;7 Zastupitelstvem\u00a0 M\u010c Praha&nbsp;7 v\u00a0obdob\u00ed mezi 6.&nbsp;a&nbsp;7.\u00a0 zased\u00e1n\u00edm\u00a0 Zastupitelstva M\u010c Praha&nbsp;7 v\u00a0roce 2019 &#8211; <a href=\"https:\/\/www.praha7.cz\/wp-content\/uploads\/2019\/09\/1396.zip\">\u010d. 1396<\/a><\/p>\r\n<p style=\"text-align: justify;\"><strong>10.<\/strong> INFORMACE o&nbsp;postupu v\u00fdstavby nov\u00e9 radnice M\u010c Prahy&nbsp;7 (bude k\u00a0dispozici po posledn\u00edm kontroln\u00edm dnu 01.10.2019 z\u00a0d\u016fvodu aktu\u00e1lnosti) &#8211; <a href=\"https:\/\/www.praha7.cz\/wp-content\/uploads\/2019\/09\/1414.zip\">\u010d. 1414<\/a><\/p>\r\n<p style=\"text-align: justify;\"><strong>11.<\/strong> INFORMACE Mgr. Petra Pytl\u00edka, likvid\u00e1tora Bytov\u00e9ho podniku v&nbsp;Praze 7, s. p. v&nbsp;likvidaci, I\u010c: 000&nbsp;63&nbsp;720, doru\u010denou dne 20.&nbsp;09.&nbsp;2019 &#8211; <a href=\"https:\/\/www.praha7.cz\/wp-content\/uploads\/2019\/09\/1400.zip\">\u010d. 1400<\/a><\/p>\r\n<p style=\"text-align: justify;\"><strong>12.<\/strong> INFORMACE o&nbsp;projedn\u00e1n\u00ed rozboru hospoda\u0159en\u00ed spole\u010dnosti 7U s.r.o. za 1.&nbsp;pololet\u00ed 2019 Radou M\u010c Praha&nbsp;7 v&nbsp;p\u016fsobnosti valn\u00e9 hromady spole\u010dnosti (p\u0159edkl\u00e1d\u00e1 KVM) &#8211; <a href=\"https:\/\/www.praha7.cz\/wp-content\/uploads\/2019\/09\/1407-2.zip\">\u010d.\u00a01407<\/a><\/p>\r\n<p style=\"text-align: justify;\"><strong>13.<\/strong> INFORMACE o&nbsp;pron\u00e1jmu \u0160lechtovy restaurace (p\u0159edpokl\u00e1dan\u00e9 za\u0159azen\u00ed bodu na pevn\u00fd \u010das 17:45 hod.) &#8211; <a href=\"https:\/\/www.praha7.cz\/wp-content\/uploads\/2019\/09\/1413.zip\">\u010d. 1413<\/a><\/p>\r\n<p style=\"text-align: justify;\"><strong>14.<\/strong> INFORMACE o&nbsp;\u010dinnosti Kontroln\u00edho v\u00fdboru Zastupitelstva M\u010c Praha&nbsp;7 v&nbsp;\u00a0obdob\u00ed mezi 6.&nbsp;a&nbsp;7.&nbsp;zased\u00e1n\u00edm Zastupitelstva M\u010c Praha&nbsp;7 v\u00a0roce 2019 &#8211; <a href=\"https:\/\/www.praha7.cz\/wp-content\/uploads\/2019\/09\/1401.zip\">\u010d. 1401<\/a><\/p>\r\n<p style=\"text-align: justify;\"><strong>15.<\/strong> INFORMACE o&nbsp;\u010dinnosti Finan\u010dn\u00edho v\u00fdboru Zastupitelstva M\u010c Praha&nbsp;7 v\u00a0obdob\u00ed mezi 6.&nbsp;a&nbsp;7.&nbsp;zased\u00e1n\u00edm Zastupitelstva M\u010c Praha&nbsp;7 v\u00a0roce 2019 &#8211; <a href=\"https:\/\/www.praha7.cz\/wp-content\/uploads\/2019\/09\/1410.zip\">\u010d. 1410<\/a><\/p>\r\n<p style=\"text-align: justify;\"><strong>16.<\/strong> INFORMACE o&nbsp;\u010dinnosti V\u00fdboru pro\u00a0vzd\u011bl\u00e1v\u00e1n\u00ed, soci\u00e1ln\u00ed politiku a&nbsp;zdravotnictv\u00ed Zastupitelstva M\u010c Praha&nbsp;7 v\u00a0obdob\u00ed mezi 6.&nbsp;a&nbsp;7.&nbsp;zased\u00e1n\u00edm Zastupitelstva M\u010c Praha&nbsp;7 v\u00a0roce 2019 &#8211; <a href=\"https:\/\/www.praha7.cz\/wp-content\/uploads\/2019\/09\/1408.zip\">\u010d. 1408<\/a><\/p>\r\n<p style=\"text-align: justify;\"><strong>17.<\/strong>\u00a0 N\u00c1VRH na za\u0159azen\u00ed nov\u00e9 investi\u010dn\u00ed akce &#8222;M\u0160 Ortenovo n\u00e1m. \u2013 zateplen\u00ed objektu&#8220; do upraven\u00e9ho rozpo\u010dtu ORJ 409, OIVZ a&nbsp;realizaci z\u00e1m\u011bru &#8211; pod\u00e1n\u00ed \u017e\u00e1dosti na spolufinancov\u00e1n\u00ed investi\u010dn\u00ed akce z&nbsp;Opera\u010dn\u00edho programu \u017divotn\u00ed prost\u0159ed\u00ed (OP\u017dP) pro obdob\u00ed 2014 &#8211; 2020, Prioritn\u00ed osa 5: Specifick\u00fd c\u00edl 5.1 Sn\u00ed\u017een\u00ed energetick\u00e9 n\u00e1ro\u010dnosti ve\u0159ejn\u00fdch budov &#8211; <a href=\"https:\/\/www.praha7.cz\/wp-content\/uploads\/2019\/09\/1411.zip\">\u010d. 1411<\/a><\/p>\r\n<p><strong>18.<\/strong> Dopisy, adresovan\u00e9 Z\u00a0M\u010c P7 &#8211; <a href=\"https:\/\/www.praha7.cz\/wp-content\/uploads\/2019\/09\/1415.zip\">\u010d. 1415<\/a><\/p>\r\n<p style=\"text-align: justify;\"><strong>19.<\/strong> R\u016fzn\u00e9<\/p>\r\n<p style=\"text-align: justify;\"><strong>20. <\/strong>Z\u00e1v\u011br<\/p>\r\n<p>&nbsp;<\/p>\r\n<p>Mgr. Jan \u010ci\u017einsk\u00fd<br \/>\r\nstarosta m\u011bstsk\u00e9 \u010d\u00e1sti Praha&nbsp;7<\/p>\r\n<p>&nbsp;<\/p>\r\n<p><a href=\"http:\/\/file.praha7.cz\/odbory\/kst\/7_2019.zip\">Materi\u00e1ly k&nbsp;7.\u00a0\u0159\u00e1dn\u00e9mu zased\u00e1n\u00ed Z\u00a0M\u010c Praha\u00a07<\/a><\/p>","protected":false},"excerpt":{"rendered":"[perex] 7.&nbsp;\u0159\u00e1dn\u00e9 zased\u00e1n\u00ed Zastupitelstva M\u010c Praha&nbsp;7 se kon\u00e1 v&nbsp;pond\u011bl\u00ed dne 7.&nbsp;\u0159\u00edjna 2019 od 17:00 hodin ve velk\u00e9 zasedac\u00ed m\u00edstnosti \u010d. 227 \u00da\u0159adu m\u011bstsk\u00e9 \u010d\u00e1sti, n\u00e1b\u0159. Kpt. Jaro\u0161e 1000, Praha&nbsp;7. Online p\u0159enos naleznete zde. Materi\u00e1ly ke sta\u017een\u00ed jsou k&nbsp;dispozici pod eviden\u010dn\u00edmi \u010d\u00edsly u&nbsp;n\u00e1zv\u016f jednotliv\u00fdch bod\u016f.\u00a0 [\/perex] Program 7.&nbsp;\u0159\u00e1dn\u00e9ho zased\u00e1n\u00ed Zastupitelstva M\u010c Praha&nbsp;7 Pravideln\u00fd bod programu za\u0159azen\u00fd [&hellip;]","protected":false},"author":14,"featured_media":18173,"comment_status":"closed","ping_status":"open","sticky":false,"template":"","format":"standard","meta":[],"categories":[34],"tags":[],"_links":{"self":[{"href":"https:\/\/www.praha7.cz\/api\/wp\/v2\/posts\/29965"}],"collection":[{"href":"https:\/\/www.praha7.cz\/api\/wp\/v2\/posts"}],"about":[{"href":"https:\/\/www.praha7.cz\/api\/wp\/v2\/types\/post"}],"author":[{"embeddable":true,"href":"https:\/\/www.praha7.cz\/api\/wp\/v2\/users\/14"}],"replies":[{"embeddable":true,"href":"https:\/\/www.praha7.cz\/api\/wp\/v2\/comments?post=29965"}],"version-history":[{"count":22,"href":"https:\/\/www.praha7.cz\/api\/wp\/v2\/posts\/29965\/revisions"}],"predecessor-version":[{"id":30245,"href":"https:\/\/www.praha7.cz\/api\/wp\/v2\/posts\/29965\/revisions\/30245"}],"wp:featuredmedia":[{"embeddable":true,"href":"https:\/\/www.praha7.cz\/api\/wp\/v2\/media\/18173"}],"wp:attachment":[{"href":"https:\/\/www.praha7.cz\/api\/wp\/v2\/media?parent=29965"}],"wp:term":[{"taxonomy":"category","embeddable":true,"href":"https:\/\/www.praha7.cz\/api\/wp\/v2\/categories?post=29965"},{"taxonomy":"post_tag","embeddable":true,"href":"https:\/\/www.praha7.cz\/api\/wp\/v2\/tags?post=29965"}],"curies":[{"name":"wp","href":"https:\/\/api.w.org\/{rel}","templated":true}]}}