    
{"id":29731,"date":"2019-09-18T10:04:52","date_gmt":"2019-09-18T08:04:52","guid":{"rendered":"https:\/\/www.praha7.cz\/?p=29731"},"modified":"2019-09-23T17:31:58","modified_gmt":"2019-09-23T15:31:58","slug":"nataceni-serialu-deti-ze-stanice-zoo","status":"publish","type":"post","link":"https:\/\/www.praha7.cz\/nataceni-serialu-deti-ze-stanice-zoo\/","title":{"rendered":"Nat\u00e1\u010den\u00ed seri\u00e1lu D\u011bti ze stanice ZOO"},"content":{"rendered":"<p>[perex]<\/p>\r\n<p>Na Sedmi\u010dce bude v&nbsp;p\u0159\u00ed\u0161t\u00edch t\u00fddnech nat\u00e1\u010den dle kultovn\u00ed liter\u00e1rn\u00ed p\u0159edlohy osmid\u00edln\u00fd seri\u00e1l D\u011bti ze stanice ZOO. Filmov\u00e9 z\u00e1bory se tak na p\u0159echodnou dobu dotknou n\u011bkolika hole\u0161ovick\u00fdch ulic: P\u0159\u00edstavn\u00ed,\u00a0Veverkova, Vina\u0159sk\u00e1 a&nbsp;Franti\u0161ka K\u0159\u00ed\u017eka. Pros\u00edme majitele aut, aby sledovali dopravn\u00ed zna\u010den\u00ed v&nbsp;dan\u00fdch ulic\u00edch. Motorist\u00e9 z&nbsp;dot\u010den\u00fdch \u00fasek\u016f ulic budou m\u00edt mo\u017enost n\u00e1hradn\u00edho parkov\u00e1n\u00ed.\u00a0V\u00fdt\u011b\u017eek od filma\u0159\u016f radnice vyu\u017e\u00edv\u00e1 na opravy chodn\u00edk\u016f, rekonstrukce p\u0159echod\u016f a&nbsp;dal\u0161\u00ed \u00fapravy dopravn\u00ed infrastruktury a&nbsp;rozvoj ob\u010dansk\u00e9 vybavenosti.<\/p>\r\n<p>[\/perex]<\/p>\r\n<p>V <strong>P\u0159\u00edstavn\u00ed<\/strong> ulici jsou pl\u00e1novan\u00e9 sc\u00e9ny mezi Osadn\u00ed a&nbsp;Komunard\u016f v&nbsp;term\u00ednu 30.&nbsp;z\u00e1\u0159\u00ed a\u017e 3.&nbsp;\u0159\u00edjna. Nat\u00e1\u010den\u00ed bude prob\u00edhat v&nbsp;denn\u00edch hodin\u00e1ch od 7 do 20 hodin. Pouze 3.&nbsp;\u0159\u00edjna z&nbsp;d\u016fvodu nat\u00e1\u010den\u00ed no\u010dn\u00ed sc\u00e9ny se bude to\u010dit do 23 hodin. O&nbsp;m\u011bs\u00edc pozd\u011bji ve dnech 8.&nbsp;a&nbsp;9.&nbsp;listopadu se bude nat\u00e1\u010det dal\u0161\u00ed no\u010dn\u00ed sc\u00e9na ve <strong>Veverkov\u011b<\/strong> ulici v&nbsp;\u00faseku mezi Kosteln\u00ed a&nbsp;Milady Hor\u00e1kov\u00e9 a&nbsp;v&nbsp;p\u0159ilehl\u00e9 <strong>Vina\u0159sk\u00e9<\/strong> s&nbsp;pr\u016fhledem do ulice <strong>Franti\u0161ka K\u0159\u00ed\u017eka<\/strong>. O&nbsp;den pozd\u011bji, 10.&nbsp;listopadu se nav\u00e1\u017ee kr\u00e1tkou sc\u00e9nou p\u0159ed BIO OKO.<\/p>\r\n<p>P\u0159i nat\u00e1\u010den\u00ed nebudou zm\u00edn\u011bn\u00e9 ulice uzav\u0159eny, jen p\u0159i ostr\u00fdch z\u00e1b\u011brech bude doprava i&nbsp;chodci po\u017e\u00e1d\u00e1ni o&nbsp;p\u00e1r minut pose\u010dk\u00e1n\u00ed. Pokud budou rezidenti pot\u0159ebovat ve vyhrazen\u00e9m \u00faseku kr\u00e1tce nalo\u017eit nebo vylo\u017eit n\u00e1klad z&nbsp;auta, mimo vlastn\u00ed nat\u00e1\u010den\u00ed to bude mo\u017en\u00e9. Jedn\u00e1 se o&nbsp;dobov\u00fd film, a&nbsp;proto pros\u00edme majitele aut, aby neparkovali ve zm\u00edn\u011bn\u00fdch ulic\u00edch a&nbsp;\u010dasech stanoven\u00fdch na dopravn\u00edch zna\u010dk\u00e1ch.\u00a0Motorist\u016fm z&nbsp;dot\u010den\u00fdch \u00fasek\u016f ulic bude nab\u00eddnuto n\u00e1hradn\u00ed parkov\u00e1n\u00ed. Bli\u017e\u0161\u00ed informace poskytne Jan Spilka na tel.: 606&nbsp;871&nbsp;560. Nat\u00e1\u010den\u00ed zaji\u0161\u0165uje spole\u010dnost WILMA-FILM s.r.o.<\/p>\r\n<p>A pro\u010d si filma\u0159i vybrali pr\u00e1v\u011b Letnou a&nbsp;Hole\u0161ovice?\u00a0Domy v&nbsp;t\u011bchto ulic\u00edch nejsou tak barokn\u011b zdoben\u00e9 jako na Vinohradech, n\u011bkter\u00e9 z\u00a0obdob\u00ed funkcionalismu p\u0159ipom\u00ednaj\u00ed n\u011bmeck\u00fd styl bauhaus a&nbsp;jejich barva, stav, hmota a&nbsp;velikost ulic odpov\u00eddaj\u00ed Berl\u00ednu osmdes\u00e1t\u00fdch let.<\/p>\r\n<h3>Podrobn\u00fd rozpis z\u00e1bor\u016f:<\/h3>\r\n<table height=\"299\" style=\"width: 552px;\">\r\n<tbody>\r\n<tr>\r\n<td style=\"width: 267px; text-align: left;\"><strong>Lokalita<\/strong><\/td>\r\n<td style=\"width: 263px;\"><strong>Term\u00edn<\/strong><\/td>\r\n<\/tr>\r\n<tr>\r\n<td style=\"width: 267px; text-align: left;\"><strong>Parkov\u00e1n\u00ed filmov\u00e9 techniky &amp; nat\u00e1\u010den\u00ed:<\/strong><\/td>\r\n<td style=\"width: 263px;\"><\/td>\r\n<\/tr>\r\n<tr>\r\n<td style=\"width: 267px; text-align: left;\">P\u0159\u00edstavn\u00ed\u00a0\u00a0\u00a0\u00a0\u00a0\u00a0\u00a0\u00a0\u00a0\u00a0\u00a0\u00a0\u00a0\u00a0\u00a0\u00a0\u00a0\u00a0\u00a0\u00a0\u00a0\u00a0\u00a0\u00a0\u00a0\u00a0\u00a0\u00a0\u00a0\u00a0\u00a0\u00a0\u00a0\u00a0\u00a0\u00a0\u00a0\u00a0\u00a0\u00a0\u00a0\u00a0\u00a0\u00a0\u00a0\u00a0\u00a0\u00a0\u00a0\u00a0\u00a0\u00a0\u00a0\u00a0\u00a0\u00a0\u00a0\u00a0\u00a0\u00a0\u00a0\u00a0\u00a0\u00a0\u00a0\u00a0\u00a0\u00a0\u00a0\u00a0\u00a0\u00a0\u00a0\u00a0\u00a0\u00a0<\/td>\r\n<td style=\"width: 263px;\">30.&nbsp;09. \u2013 03.&nbsp;10.&nbsp;2019<\/td>\r\n<\/tr>\r\n<tr>\r\n<td style=\"width: 267px; text-align: left;\">Osadn\u00ed\u00a0\u00a0\u00a0\u00a0\u00a0\u00a0\u00a0\u00a0\u00a0\u00a0\u00a0\u00a0\u00a0\u00a0\u00a0\u00a0\u00a0\u00a0\u00a0\u00a0\u00a0\u00a0\u00a0\u00a0\u00a0\u00a0\u00a0\u00a0\u00a0\u00a0\u00a0\u00a0\u00a0\u00a0\u00a0\u00a0\u00a0\u00a0\u00a0\u00a0\u00a0\u00a0\u00a0\u00a0\u00a0\u00a0\u00a0\u00a0\u00a0\u00a0\u00a0\u00a0\u00a0\u00a0\u00a0\u00a0\u00a0\u00a0\u00a0\u00a0\u00a0\u00a0\u00a0\u00a0\u00a0\u00a0\u00a0\u00a0\u00a0\u00a0\u00a0\u00a0\u00a0\u00a0\u00a0\u00a0\u00a0\u00a0\u00a0<\/td>\r\n<td style=\"width: 263px;\">30.&nbsp;09. \u2013 03.&nbsp;10.&nbsp;2019<\/td>\r\n<\/tr>\r\n<tr>\r\n<td style=\"width: 267px; text-align: left;\">Veverkova \u00a0\u00a0\u00a0\u00a0\u00a0\u00a0\u00a0\u00a0\u00a0\u00a0\u00a0\u00a0\u00a0\u00a0\u00a0\u00a0\u00a0\u00a0\u00a0\u00a0\u00a0\u00a0\u00a0\u00a0\u00a0\u00a0\u00a0\u00a0\u00a0\u00a0\u00a0\u00a0\u00a0\u00a0\u00a0\u00a0\u00a0\u00a0\u00a0\u00a0\u00a0\u00a0\u00a0\u00a0\u00a0\u00a0\u00a0\u00a0\u00a0\u00a0\u00a0\u00a0\u00a0\u00a0\u00a0\u00a0\u00a0\u00a0\u00a0\u00a0\u00a0\u00a0\u00a0\u00a0\u00a0\u00a0\u00a0\u00a0\u00a0\u00a0<\/td>\r\n<td style=\"width: 263px;\">06.&nbsp;11. \u2013 10.&nbsp;11.&nbsp;2019<\/td>\r\n<\/tr>\r\n<tr>\r\n<td style=\"width: 267px; text-align: left;\">Vina\u0159sk\u00e1 \u00a0\u00a0\u00a0\u00a0\u00a0\u00a0\u00a0\u00a0\u00a0\u00a0\u00a0\u00a0\u00a0\u00a0\u00a0\u00a0\u00a0\u00a0\u00a0\u00a0\u00a0\u00a0\u00a0\u00a0\u00a0\u00a0\u00a0\u00a0\u00a0\u00a0\u00a0\u00a0\u00a0\u00a0\u00a0\u00a0\u00a0\u00a0\u00a0\u00a0\u00a0\u00a0\u00a0\u00a0\u00a0\u00a0\u00a0\u00a0\u00a0\u00a0\u00a0\u00a0\u00a0\u00a0\u00a0\u00a0\u00a0\u00a0\u00a0\u00a0\u00a0\u00a0\u00a0\u00a0\u00a0\u00a0\u00a0\u00a0\u00a0\u00a0\u00a0\u00a0\u00a0\u00a0\u00a0<\/td>\r\n<td style=\"width: 263px;\">08.&nbsp;11. \u2013 10.&nbsp;11.&nbsp;2019<\/td>\r\n<\/tr>\r\n<tr>\r\n<td style=\"width: 267px; text-align: left;\">Franti\u0161ka K\u0159\u00ed\u017eka\u00a0<\/td>\r\n<td style=\"width: 263px;\">08.&nbsp;11. \u2013 10.&nbsp;11.&nbsp;2019<\/td>\r\n<\/tr>\r\n<tr>\r\n<td style=\"width: 267px; text-align: left;\">Milady Hor\u00e1kov\u00e9<\/td>\r\n<td style=\"width: 263px;\">08.&nbsp;11. \u2013 10.&nbsp;11.&nbsp;2019<\/td>\r\n<\/tr>\r\n<tr>\r\n<td style=\"width: 267px; text-align: left;\"><strong><\/strong><\/td>\r\n<td style=\"width: 263px;\"><\/td>\r\n<\/tr>\r\n<tr>\r\n<td style=\"width: 267px; text-align: left;\"><strong>Chodn\u00edk:<\/strong><\/td>\r\n<td style=\"width: 263px;\"><\/td>\r\n<\/tr>\r\n<tr>\r\n<td style=\"width: 267px; text-align: left;\">P\u0159\u00edstavn\u00ed \u00a0\u00a0\u00a0\u00a0\u00a0\u00a0\u00a0\u00a0\u00a0\u00a0\u00a0\u00a0\u00a0\u00a0\u00a0\u00a0\u00a0\u00a0\u00a0\u00a0\u00a0\u00a0\u00a0\u00a0\u00a0\u00a0\u00a0\u00a0\u00a0\u00a0\u00a0\u00a0\u00a0\u00a0\u00a0\u00a0\u00a0\u00a0\u00a0\u00a0\u00a0\u00a0\u00a0\u00a0\u00a0\u00a0\u00a0\u00a0\u00a0\u00a0\u00a0\u00a0\u00a0\u00a0\u00a0\u00a0\u00a0\u00a0\u00a0\u00a0\u00a0\u00a0\u00a0\u00a0\u00a0\u00a0\u00a0\u00a0\u00a0\u00a0\u00a0\u00a0\u00a0\u00a0\u00a0<\/td>\r\n<td style=\"width: 263px;\">30.&nbsp;09. \u2013 03.&nbsp;10.&nbsp;2019<\/td>\r\n<\/tr>\r\n<tr>\r\n<td style=\"width: 267px; text-align: left;\">Veverkova\u00a0\u00a0\u00a0\u00a0\u00a0\u00a0\u00a0\u00a0\u00a0\u00a0\u00a0\u00a0\u00a0\u00a0\u00a0\u00a0\u00a0\u00a0\u00a0\u00a0\u00a0\u00a0\u00a0\u00a0\u00a0\u00a0\u00a0\u00a0\u00a0\u00a0\u00a0\u00a0\u00a0\u00a0\u00a0\u00a0\u00a0\u00a0\u00a0\u00a0\u00a0\u00a0\u00a0\u00a0\u00a0\u00a0\u00a0\u00a0\u00a0\u00a0\u00a0\u00a0\u00a0\u00a0\u00a0\u00a0\u00a0\u00a0\u00a0\u00a0\u00a0\u00a0\u00a0\u00a0\u00a0\u00a0\u00a0\u00a0\u00a0\u00a0\u00a0<\/td>\r\n<td style=\"width: 263px;\">08.&nbsp;11. \u2013 10.&nbsp;11.&nbsp;2019<\/td>\r\n<\/tr>\r\n<tr>\r\n<td style=\"width: 267px; text-align: left;\">Franti\u0161ka K\u0159\u00ed\u017eka<\/td>\r\n<td style=\"width: 263px;\">09.&nbsp;11. \u2013 10.&nbsp;11.&nbsp;2019<\/td>\r\n<\/tr>\r\n<\/tbody>\r\n<\/table>\r\n<p>&nbsp;<\/p>","protected":false},"excerpt":{"rendered":"[perex] Na Sedmi\u010dce bude v&nbsp;p\u0159\u00ed\u0161t\u00edch t\u00fddnech nat\u00e1\u010den dle kultovn\u00ed liter\u00e1rn\u00ed p\u0159edlohy osmid\u00edln\u00fd seri\u00e1l D\u011bti ze stanice ZOO. Filmov\u00e9 z\u00e1bory se tak na p\u0159echodnou dobu dotknou n\u011bkolika hole\u0161ovick\u00fdch ulic: P\u0159\u00edstavn\u00ed,\u00a0Veverkova, Vina\u0159sk\u00e1 a&nbsp;Franti\u0161ka K\u0159\u00ed\u017eka. Pros\u00edme majitele aut, aby sledovali dopravn\u00ed zna\u010den\u00ed v&nbsp;dan\u00fdch ulic\u00edch. Motorist\u00e9 z&nbsp;dot\u010den\u00fdch \u00fasek\u016f ulic budou m\u00edt mo\u017enost n\u00e1hradn\u00edho parkov\u00e1n\u00ed.\u00a0V\u00fdt\u011b\u017eek od filma\u0159\u016f radnice vyu\u017e\u00edv\u00e1 na [&hellip;]","protected":false},"author":97,"featured_media":29732,"comment_status":"closed","ping_status":"open","sticky":false,"template":"","format":"standard","meta":[],"categories":[34],"tags":[],"_links":{"self":[{"href":"https:\/\/www.praha7.cz\/api\/wp\/v2\/posts\/29731"}],"collection":[{"href":"https:\/\/www.praha7.cz\/api\/wp\/v2\/posts"}],"about":[{"href":"https:\/\/www.praha7.cz\/api\/wp\/v2\/types\/post"}],"author":[{"embeddable":true,"href":"https:\/\/www.praha7.cz\/api\/wp\/v2\/users\/97"}],"replies":[{"embeddable":true,"href":"https:\/\/www.praha7.cz\/api\/wp\/v2\/comments?post=29731"}],"version-history":[{"count":11,"href":"https:\/\/www.praha7.cz\/api\/wp\/v2\/posts\/29731\/revisions"}],"predecessor-version":[{"id":29864,"href":"https:\/\/www.praha7.cz\/api\/wp\/v2\/posts\/29731\/revisions\/29864"}],"wp:featuredmedia":[{"embeddable":true,"href":"https:\/\/www.praha7.cz\/api\/wp\/v2\/media\/29732"}],"wp:attachment":[{"href":"https:\/\/www.praha7.cz\/api\/wp\/v2\/media?parent=29731"}],"wp:term":[{"taxonomy":"category","embeddable":true,"href":"https:\/\/www.praha7.cz\/api\/wp\/v2\/categories?post=29731"},{"taxonomy":"post_tag","embeddable":true,"href":"https:\/\/www.praha7.cz\/api\/wp\/v2\/tags?post=29731"}],"curies":[{"name":"wp","href":"https:\/\/api.w.org\/{rel}","templated":true}]}}