    
{"id":29712,"date":"2019-09-16T12:00:04","date_gmt":"2019-09-16T10:00:04","guid":{"rendered":"https:\/\/www.praha7.cz\/?p=29712"},"modified":"2019-09-16T12:13:05","modified_gmt":"2019-09-16T10:13:05","slug":"povinne-cipovani-psu-od-roku-2020","status":"publish","type":"post","link":"https:\/\/www.praha7.cz\/povinne-cipovani-psu-od-roku-2020\/","title":{"rendered":"Povinn\u00e9 \u010dipov\u00e1n\u00ed ps\u016f od roku 2020"},"content":{"rendered":"<p>[perex]<\/p>\r\n<p>St\u00e1tn\u00ed veterin\u00e1rn\u00ed spr\u00e1va p\u0159ipom\u00edn\u00e1 chovatel\u016fm povinnost nechat \u010dipovat sv\u00e9 psy do konce roku.\u00a0Majitel\u00e9 ps\u016f v\u00a0\u010cesk\u00e9 republice maj\u00ed je\u0161t\u011b zhruba 100&nbsp;dn\u00ed na to, aby nechali sv\u00e1 zv\u00ed\u0159ata u&nbsp;soukrom\u00e9ho veterin\u00e1rn\u00edho l\u00e9ka\u0159e ozna\u010dit mikro\u010dipem. K\u00a01.&nbsp;lednu 2020 bude na z\u00e1klad\u011b novely veterin\u00e1rn\u00edho z\u00e1kona schv\u00e1len\u00e9 v\u00a0roce 2017 povinn\u00e9 o\u010dkov\u00e1n\u00ed psa proti vzteklin\u011b platn\u00e9 pouze v\u00a0p\u0159\u00edpad\u011b, \u017ee je pes ozna\u010den\u00fd mikro\u010dipem. \u0160t\u011b\u0148ata mus\u00ed b\u00fdt ozna\u010dena nejpozd\u011bji v\u00a0dob\u011b prvn\u00edho o\u010dkov\u00e1n\u00ed proti vzteklin\u011b, tedy v\u00a0p\u016fl roce v\u011bku. V\u00fdjimku budou m\u00edt pouze star\u0161\u00ed psi a&nbsp;to, pokud jsou ozna\u010deni jasn\u011b \u010diteln\u00fdm tetov\u00e1n\u00edm, kter\u00e9 bylo provedeno p\u0159ed 3.&nbsp;\u010dervencem 2011. St\u00e1tn\u00ed veterin\u00e1rn\u00ed spr\u00e1va\u00a0(SVS)\u00a0aktu\u00e1ln\u011b zve\u0159ejnila na sv\u00e9m webu\u00a0<a href=\"https:\/\/www.svscr.cz\/zdravi-zvirat\/povinne-oznacovani-psu\/\">odpov\u011bdi na nej\u010dast\u011bj\u0161\u00ed ot\u00e1zky<\/a> na t\u00e9ma povinn\u00e9ho \u010dipov\u00e1n\u00ed ps\u016f.<\/p>\r\n<p>[\/perex]<\/p>\r\n<p>Ozna\u010den\u00ed ps\u016f mikro\u010dipem prov\u00e1d\u011bj\u00ed soukrom\u00ed veterin\u00e1rn\u00ed l\u00e9ka\u0159i, kte\u0159\u00ed jsou opr\u00e1vn\u011bni vykon\u00e1vat veterin\u00e1rn\u00ed l\u00e9\u010debnou a&nbsp;preventivn\u00ed \u010dinnost, (jsou registrovan\u00ed u&nbsp;Komory veterin\u00e1rn\u00edch l\u00e9ka\u0159\u016f \u010cR:\u00a0<a href=\"https:\/\/www.vetkom.cz\/seznam-veterinaru\">https:\/\/www.vetkom.cz\/seznam-veterinaru<\/a>). Dlouhodob\u011b je ozna\u010den\u00ed psa (ale tak\u00e9 ko\u010dky \u010di fretky) \u010dipem povinn\u00e9 v\u00a0p\u0159\u00edpadech, \u017ee s\u00a0n\u00edm majitel cestuje do zahrani\u010d\u00ed, v\u00a0\u0159ad\u011b obc\u00ed tuto povinnost na lok\u00e1ln\u00ed \u00farovni ji\u017e roky ukl\u00e1daj\u00ed m\u00edstn\u00ed vyhl\u00e1\u0161ky. Povinn\u00e1 evidence ps\u016f v\u00a0sou\u010dasn\u00e9 dob\u011b funguje ve v\u011bt\u0161in\u011b zem\u00ed Evropsk\u00e9 unie.<\/p>\r\n<p>\u010cipov\u00e1n\u00ed p\u0159edstavuje jednor\u00e1zov\u00fd \u00fakon srovnateln\u00fd s\u00a0injek\u010dn\u00ed aplikac\u00ed. Mikro\u010dip o&nbsp;d\u00e9lce cca 1 cm je steriln\u011b aplikov\u00e1n pomoc\u00ed jehly do podko\u017e\u00ed zv\u00ed\u0159ete. Obal je vyroben z\u00a0bioompatibiln\u00edch materi\u00e1l\u016f, na kter\u00e9 organismus zv\u00ed\u0159ete nereaguje jako na ciz\u00ed t\u011bleso. Za psa bez ozna\u010den\u00ed bude hrozit ve spr\u00e1vn\u00edm \u0159\u00edzen\u00ed ulo\u017een\u00ed pokuty ve v\u00fd\u0161i a\u017e 20&nbsp;000,- K\u010d.<\/p>\r\n<p>Zaveden\u00ed povinn\u00e9ho ozna\u010den\u00ed v\u0161ech ps\u016f by m\u011blo do budoucna p\u0159edev\u0161\u00edm usnadnit identifikaci ps\u016f ze strany kontroln\u00edch org\u00e1n\u016f a&nbsp;t\u00edm tak\u00e9 zefektivnit monitoring chov\u016f a\u00a0kontrolu dodr\u017eov\u00e1n\u00ed stanoven\u00fdch p\u0159edpis\u016f chovateli. Komplikovan\u00e1 identifikace ps\u016f mimo jin\u00e9 \u010dasto znesnad\u0148uje veterin\u00e1rn\u00edm inspektor\u016fm postihov\u00e1n\u00ed problematick\u00fdch chov\u016f velk\u00e9ho mno\u017estv\u00ed zv\u00ed\u0159at \u2013 tzv. mno\u017e\u00edren.<\/p>\r\n<p>U ozna\u010den\u00e9ho zv\u00ed\u0159ete bude mo\u017en\u00e9 snadn\u011bji prok\u00e1zat, kdo je jeho majitelem, co\u017e je p\u0159\u00ednosn\u00e9 v\u00a0p\u0159\u00edpadech kr\u00e1de\u017e\u00ed ps\u016f, ale tak\u00e9 v\u00a0p\u0159\u00edpadech, kdy zv\u00ed\u0159e zp\u016fsob\u00ed \u0161kodu, (nap\u0159\u00edklad zavin\u00ed dopravn\u00ed nehodu, zran\u00ed \u010dlov\u011bka \u010di \u201epytla\u010d\u00ed\u201c) a&nbsp;je pot\u0159eba identifikovat zodpov\u011bdnou osobu. Zatoulan\u00e9, \u0159\u00e1dn\u011b ozna\u010den\u00e9 a&nbsp;evidovan\u00e9 zv\u00ed\u0159e m\u00e1 podstatn\u011b v\u011bt\u0161\u00ed nad\u011bji, \u017ee se vr\u00e1t\u00ed ke sv\u00e9mu p\u016fvodn\u00edmu majiteli, ne\u017e neozna\u010den\u00fd pes.<\/p>\r\n<p>\u201e<em>St\u00e1tn\u00ed veterin\u00e1rn\u00ed spr\u00e1va apeluje na chovatele, aby v\u010das nav\u0161t\u00edvili se sv\u00fdm psem o\u0161et\u0159uj\u00edc\u00edho veterin\u00e1rn\u00edho l\u00e9ka\u0159e a&nbsp;nechali psa \u010dipovat<\/em>,\u201c uvedl\u00a0<strong>\u00fast\u0159edn\u00ed \u0159editel SVS Zbyn\u011bk Semer\u00e1d<\/strong>.\u00a0\u201e<em>Ch\u00e1peme, \u017ee nov\u00e1 povinnost p\u0159inese sice jednor\u00e1zovou administrativn\u00ed a&nbsp;finan\u010dn\u00ed z\u00e1t\u011b\u017e pro chovatele ve v\u00fd\u0161i stovek korun, nicm\u00e9n\u011b jej\u00ed p\u0159\u00ednosy by m\u011bly b\u00fdt dle na\u0161eho o\u010dek\u00e1v\u00e1n\u00ed v\u00fdrazn\u011b vy\u0161\u0161\u00ed,<\/em>\u201c dodal Semer\u00e1d.<\/p>\r\n<p><a href=\"http:\/\/www.svscr.cz\/wp-content\/files\/zvirata\/Letak-Povinne-oznacovani-psu.pdf\">Let\u00e1k &#8211; Povinn\u00e9 \u010dipov\u00e1n\u00ed ps\u016f<\/a><\/p>","protected":false},"excerpt":{"rendered":"[perex] St\u00e1tn\u00ed veterin\u00e1rn\u00ed spr\u00e1va p\u0159ipom\u00edn\u00e1 chovatel\u016fm povinnost nechat \u010dipovat sv\u00e9 psy do konce roku.\u00a0Majitel\u00e9 ps\u016f v\u00a0\u010cesk\u00e9 republice maj\u00ed je\u0161t\u011b zhruba 100&nbsp;dn\u00ed na to, aby nechali sv\u00e1 zv\u00ed\u0159ata u&nbsp;soukrom\u00e9ho veterin\u00e1rn\u00edho l\u00e9ka\u0159e ozna\u010dit mikro\u010dipem. K\u00a01.&nbsp;lednu 2020 bude na z\u00e1klad\u011b novely veterin\u00e1rn\u00edho z\u00e1kona schv\u00e1len\u00e9 v\u00a0roce 2017 povinn\u00e9 o\u010dkov\u00e1n\u00ed psa proti vzteklin\u011b platn\u00e9 pouze v\u00a0p\u0159\u00edpad\u011b, \u017ee je pes ozna\u010den\u00fd [&hellip;]","protected":false},"author":97,"featured_media":29713,"comment_status":"closed","ping_status":"open","sticky":false,"template":"","format":"standard","meta":[],"categories":[34],"tags":[],"_links":{"self":[{"href":"https:\/\/www.praha7.cz\/api\/wp\/v2\/posts\/29712"}],"collection":[{"href":"https:\/\/www.praha7.cz\/api\/wp\/v2\/posts"}],"about":[{"href":"https:\/\/www.praha7.cz\/api\/wp\/v2\/types\/post"}],"author":[{"embeddable":true,"href":"https:\/\/www.praha7.cz\/api\/wp\/v2\/users\/97"}],"replies":[{"embeddable":true,"href":"https:\/\/www.praha7.cz\/api\/wp\/v2\/comments?post=29712"}],"version-history":[{"count":3,"href":"https:\/\/www.praha7.cz\/api\/wp\/v2\/posts\/29712\/revisions"}],"predecessor-version":[{"id":29723,"href":"https:\/\/www.praha7.cz\/api\/wp\/v2\/posts\/29712\/revisions\/29723"}],"wp:featuredmedia":[{"embeddable":true,"href":"https:\/\/www.praha7.cz\/api\/wp\/v2\/media\/29713"}],"wp:attachment":[{"href":"https:\/\/www.praha7.cz\/api\/wp\/v2\/media?parent=29712"}],"wp:term":[{"taxonomy":"category","embeddable":true,"href":"https:\/\/www.praha7.cz\/api\/wp\/v2\/categories?post=29712"},{"taxonomy":"post_tag","embeddable":true,"href":"https:\/\/www.praha7.cz\/api\/wp\/v2\/tags?post=29712"}],"curies":[{"name":"wp","href":"https:\/\/api.w.org\/{rel}","templated":true}]}}