    
{"id":29629,"date":"2019-09-12T13:41:09","date_gmt":"2019-09-12T11:41:09","guid":{"rendered":"https:\/\/www.praha7.cz\/?p=29629"},"modified":"2019-09-12T14:10:25","modified_gmt":"2019-09-12T12:10:25","slug":"oteviraci-doba-sportoviste-na-ortenove-namesti","status":"publish","type":"post","link":"https:\/\/www.praha7.cz\/oteviraci-doba-sportoviste-na-ortenove-namesti\/","title":{"rendered":"Otev\u00edrac\u00ed doba sportovi\u0161t\u011b na Ortenov\u011b n\u00e1m\u011bst\u00ed"},"content":{"rendered":"<p>[perex]<\/p>\r\n<p>P\u0159in\u00e1\u0161\u00edme v\u00e1m aktu\u00e1ln\u00ed otev\u00edrac\u00ed dobu nov\u011b zrekonstruovan\u00e9ho sportovn\u00edho are\u00e1lu u&nbsp;Z\u0160 T. G. Masaryka na Ortenov\u011b n\u00e1m\u011bst\u00ed. \u00a0<\/p>\r\n<p>[\/perex]<\/p>\r\n<h3>Provozn\u00ed doba sportovi\u0161t\u011b u&nbsp;Z\u0160 T. G. Masaryka Ortenovo n\u00e1m\u011bst\u00ed (pro ve\u0159ejnost) \u2013 od z\u00e1\u0159\u00ed 2019<\/h3>\r\n<p>&nbsp;<\/p>\r\n<p>Po\u00a0\u00a0\u00a0\u00a0\u00a0\u00a0\u00a0\u00a0\u00a0\u00a0\u00a0\u00a0\u00a0\u00a0\u00a0\u00a0\u00a0\u00a0 16:15h \u2013 19:30h<\/p>\r\n<p>Ut \u00a0\u00a0\u00a0\u00a0\u00a0\u00a0\u00a0\u00a0\u00a0\u00a0\u00a0\u00a0\u00a0\u00a0\u00a0\u00a0\u00a0 16:15h \u2013 19:30h<\/p>\r\n<p>St\u00a0\u00a0\u00a0\u00a0\u00a0\u00a0\u00a0\u00a0\u00a0\u00a0\u00a0\u00a0\u00a0\u00a0\u00a0\u00a0\u00a0\u00a0\u00a0 15:30h \u2013 19:30h<\/p>\r\n<p>\u010ct \u00a0\u00a0\u00a0\u00a0\u00a0\u00a0\u00a0\u00a0\u00a0\u00a0\u00a0\u00a0\u00a0\u00a0\u00a0\u00a0\u00a0\u00a0 15:30h \u2013 19:30h<\/p>\r\n<p>P\u00e1 \u00a0\u00a0\u00a0\u00a0\u00a0\u00a0 \u00a0\u00a0\u00a0\u00a0\u00a0\u00a0\u00a0\u00a0\u00a0\u00a0\u00a0 15:30h \u2013 19:30h<\/p>\r\n<p>So \u00a0\u00a0\u00a0\u00a0\u00a0\u00a0 \u00a0\u00a0\u00a0\u00a0\u00a0\u00a0\u00a0\u00a0\u00a0\u00a0\u00a0 15:00h \u2013 19:30h<\/p>\r\n<p>Ne \u00a0\u00a0\u00a0\u00a0\u00a0 \u00a0\u00a0\u00a0\u00a0\u00a0\u00a0\u00a0\u00a0\u00a0\u00a0\u00a0 15:00h \u2013 19:30h<\/p>\r\n<p>&nbsp;<\/p>\r\n<p>V\u00edce o&nbsp;nov\u011b zrekonstruovan\u00e9m sportovn\u00edm are\u00e1lu se do\u010dtete <a href=\"https:\/\/www.praha7.cz\/praha-7-otevrela-nove-sportoviste\/\">zde<\/a>.<\/p>","protected":false},"excerpt":{"rendered":"[perex] P\u0159in\u00e1\u0161\u00edme v\u00e1m aktu\u00e1ln\u00ed otev\u00edrac\u00ed dobu nov\u011b zrekonstruovan\u00e9ho sportovn\u00edho are\u00e1lu u&nbsp;Z\u0160 T. G. Masaryka na Ortenov\u011b n\u00e1m\u011bst\u00ed. \u00a0 [\/perex] Provozn\u00ed doba sportovi\u0161t\u011b u&nbsp;Z\u0160 T. G. Masaryka Ortenovo n\u00e1m\u011bst\u00ed (pro ve\u0159ejnost) \u2013 od z\u00e1\u0159\u00ed 2019 &nbsp; Po\u00a0\u00a0\u00a0\u00a0\u00a0\u00a0\u00a0\u00a0\u00a0\u00a0\u00a0\u00a0\u00a0\u00a0\u00a0\u00a0\u00a0\u00a0 16:15h \u2013 19:30h Ut \u00a0\u00a0\u00a0\u00a0\u00a0\u00a0\u00a0\u00a0\u00a0\u00a0\u00a0\u00a0\u00a0\u00a0\u00a0\u00a0\u00a0 16:15h \u2013 19:30h St\u00a0\u00a0\u00a0\u00a0\u00a0\u00a0\u00a0\u00a0\u00a0\u00a0\u00a0\u00a0\u00a0\u00a0\u00a0\u00a0\u00a0\u00a0\u00a0 15:30h \u2013 19:30h \u010ct \u00a0\u00a0\u00a0\u00a0\u00a0\u00a0\u00a0\u00a0\u00a0\u00a0\u00a0\u00a0\u00a0\u00a0\u00a0\u00a0\u00a0\u00a0 15:30h \u2013 19:30h P\u00e1 \u00a0\u00a0\u00a0\u00a0\u00a0\u00a0 [&hellip;]","protected":false},"author":5,"featured_media":29349,"comment_status":"closed","ping_status":"open","sticky":false,"template":"","format":"standard","meta":[],"categories":[34],"tags":[],"_links":{"self":[{"href":"https:\/\/www.praha7.cz\/api\/wp\/v2\/posts\/29629"}],"collection":[{"href":"https:\/\/www.praha7.cz\/api\/wp\/v2\/posts"}],"about":[{"href":"https:\/\/www.praha7.cz\/api\/wp\/v2\/types\/post"}],"author":[{"embeddable":true,"href":"https:\/\/www.praha7.cz\/api\/wp\/v2\/users\/5"}],"replies":[{"embeddable":true,"href":"https:\/\/www.praha7.cz\/api\/wp\/v2\/comments?post=29629"}],"version-history":[{"count":3,"href":"https:\/\/www.praha7.cz\/api\/wp\/v2\/posts\/29629\/revisions"}],"predecessor-version":[{"id":29632,"href":"https:\/\/www.praha7.cz\/api\/wp\/v2\/posts\/29629\/revisions\/29632"}],"wp:featuredmedia":[{"embeddable":true,"href":"https:\/\/www.praha7.cz\/api\/wp\/v2\/media\/29349"}],"wp:attachment":[{"href":"https:\/\/www.praha7.cz\/api\/wp\/v2\/media?parent=29629"}],"wp:term":[{"taxonomy":"category","embeddable":true,"href":"https:\/\/www.praha7.cz\/api\/wp\/v2\/categories?post=29629"},{"taxonomy":"post_tag","embeddable":true,"href":"https:\/\/www.praha7.cz\/api\/wp\/v2\/tags?post=29629"}],"curies":[{"name":"wp","href":"https:\/\/api.w.org\/{rel}","templated":true}]}}