    
{"id":29591,"date":"2019-09-11T11:32:27","date_gmt":"2019-09-11T09:32:27","guid":{"rendered":"https:\/\/www.praha7.cz\/?p=29591"},"modified":"2022-04-25T16:43:37","modified_gmt":"2022-04-25T14:43:37","slug":"mobilni-rozhlas-v-praze-7-informuje-jiz-ctvrtinu-obyvatel","status":"publish","type":"post","link":"https:\/\/www.praha7.cz\/mobilni-rozhlas-v-praze-7-informuje-jiz-ctvrtinu-obyvatel\/","title":{"rendered":"Mobiln\u00ed rozhlas v&nbsp;Praze 7 informuje ji\u017e \u010dtvrtinu obyvatel"},"content":{"rendered":"<p>[perex]<\/p>\r\n<p>\u010ctvrtina ze\u00a042\u00a0000 ob\u010dan\u016f Prahy&nbsp;7 ji\u017e nos\u00ed v\u00a0kapse Mobiln\u00ed rozhlas. V\u00edce ne\u017e 10\u00a0500 obyvatel je prost\u0159ednictv\u00edm e-mail\u016f, SMS \u010di mobiln\u00ed aplikace pravideln\u011b informov\u00e1no o&nbsp;d\u016fle\u017eit\u00e9m d\u011bn\u00ed v\u00a0sedm\u00e9 m\u011bstsk\u00e9 \u010d\u00e1sti. Z\u00e1b\u011br Mobiln\u00edho rozhlasu se d\u00e1le roz\u0161i\u0159uje. Po zaveden\u00ed informa\u010dn\u00edch zpr\u00e1v o&nbsp;konci platnosti parkovac\u00edho opr\u00e1vn\u011bn\u00ed radnice p\u0159es tuto platformu p\u0159ipravuje tak\u00e9 participa\u010dn\u00ed projekty pro ob\u010dany. \u00a0<\/p>\r\n<p>[\/perex]<\/p>\r\n<p><em>\u201eOd dubna dost\u00e1vaj\u00ed ob\u010dan\u00e9 do sv\u00fdch telefon\u016f \u010di e-mailov\u00fdch schr\u00e1nek krizov\u00e9 zpr\u00e1vy, informace o&nbsp;v\u00fdluk\u00e1ch v&nbsp;doprav\u011b, pozv\u00e1nky na akce a&nbsp;dal\u0161\u00ed novinky z\u00a0Prahy&nbsp;7 dle sv\u00e9ho v\u00fdb\u011bru. V\u00a0srpnu jsme spustili tak\u00e9 informov\u00e1n\u00ed \u0159idi\u010d\u016f o&nbsp;konci platnosti parkovac\u00edho opr\u00e1vn\u011bn\u00ed, aby nikdo neplatil zbyte\u010dn\u00e9 pokuty. Podle statistik si na\u0161e zpr\u00e1vy p\u0159e\u010dtou a\u017e dv\u011b t\u0159etiny adres\u00e1t\u016f, co\u017e je <\/em><em>u hromadn\u00fdch rozes\u00edlek velmi dobr\u00fd v\u00fdsledek, kter\u00fd n\u00e1m potvrzuje, \u017ee lid\u00e9 se o&nbsp;d\u011bn\u00ed na Sedmi\u010dce velmi \u017eiv\u011b zaj\u00edmaj\u00ed. \u010c\u00edm v\u00edce lid\u00ed se p\u0159ihl\u00e1s\u00ed, t\u00edm l\u00e9pe budeme p\u0159ipraveni i&nbsp;na v\u0161echny b\u011b\u017en\u00e9 \u010di nenad\u00e1l\u00e9 situace, kter\u00e9 v\u00a0na\u0161\u00ed m\u011bstsk\u00e9 \u010d\u00e1sti mohou nastat,\u201c<\/em> uvedl <em><strong>starosta Prahy&nbsp;7 Jan \u010ci\u017einsk\u00fd<\/strong><\/em>.\u00a0 \u00a0<\/p>\r\n<p>V dubnu Praha&nbsp;7 odstartovala informov\u00e1n\u00ed Mobiln\u00edm rozhlasem p\u0159ed za\u010d\u00e1tkem jarn\u00edho blokov\u00e9ho \u010di\u0161t\u011bn\u00ed komunikac\u00ed. Tak\u00e9 p\u0159ed podzimn\u00edm \u00faklidem ulic, kter\u00fd za\u010d\u00edn\u00e1 na konci z\u00e1\u0159\u00ed, dostanou registrovan\u00ed u\u017eivatel\u00e9 informace o&nbsp;term\u00ednech, kdy bude pot\u0159eba p\u0159eparkovat auto, <br \/>\r\na&nbsp;z\u00e1rove\u0148 se dozv\u011bd\u00ed, kde mohou b\u011bhem blokov\u00e9ho \u010di\u0161t\u011bn\u00ed zdarma zaparkovat.<\/p>\r\n<p>Mobiln\u00ed rozhlas umo\u017e\u0148uje kontaktovat vybran\u00e9 skupiny obyvatel m\u011bstsk\u00e9 \u010d\u00e1sti pomoc\u00ed kombinace n\u011bkolika kan\u00e1l\u016f. Krom\u011b SMS zpr\u00e1v umo\u017e\u0148uje rozes\u00edlat tak\u00e9 mailingy, hromadn\u00e9 hlasov\u00e9 zpr\u00e1vy, ale tak\u00e9 vytv\u00e1\u0159et ankety, dotazn\u00edky nebo participa\u010dn\u00ed projekty.<\/p>\r\n<p><em>\u201eSna\u017e\u00edme se ob\u010dany ka\u017ed\u00e9ho v\u011bku maxim\u00e1ln\u011b vt\u00e1hnout do d\u011bn\u00ed v\u00a0na\u0161\u00ed m\u011bstsk\u00e9 \u010d\u00e1sti. Aktu\u00e1ln\u011b p\u0159ipravujeme dal\u0161\u00ed ro\u010dn\u00edk participativn\u00edch rozpo\u010dt\u016f na \u0161kol\u00e1ch. \u017d\u00e1ci budou op\u011bt navrhovat vylep\u0161en\u00ed pro svou \u0161kolu a&nbsp;n\u00e1sledn\u011b hlasovat o&nbsp;v\u00edt\u011bzn\u00e9m projektu. V\u00a0r\u00e1mci tohoto procesu chceme otestovat vyu\u017eit\u00ed platformy Mobiln\u00edho rozhlasu pro ob\u010danskou participaci,\u201c<\/em> \u0159ekla <em><strong>radn\u00ed Prahy&nbsp;7 pro oblast \u0161kolstv\u00ed a&nbsp;vzd\u011bl\u00e1v\u00e1n\u00ed Hana \u0160i\u0161kov\u00e1<\/strong><\/em>. \u00a0<\/p>\r\n<p>V\u00edce o&nbsp;slu\u017eb\u00e1ch Mobiln\u00edho rozhlasu a&nbsp;mo\u017enostech bezplatn\u00e9 registrace se do\u010dtete <a href=\"https:\/\/www.praha7.cz\/potrebuji-zaridit\/mobilni-rozhlas\/\" target=\"_blank\" rel=\"noopener\">zde<\/a>.<\/p>\r\n<p>Pod\u00edvejte se tak\u00e9 na p\u0159edstaven\u00ed t\u00e9to slu\u017eby v\u00a0zaj\u00edmav\u00e9m videu:<\/p>\r\n<p><iframe loading=\"lazy\" width=\"560\" height=\"314\" src=\"\/\/www.youtube.com\/embed\/QGZ7ZKMfjWs\" allowfullscreen=\"allowfullscreen\"><\/iframe><\/p>","protected":false},"excerpt":{"rendered":"[perex] \u010ctvrtina ze\u00a042\u00a0000 ob\u010dan\u016f Prahy&nbsp;7 ji\u017e nos\u00ed v\u00a0kapse Mobiln\u00ed rozhlas. V\u00edce ne\u017e 10\u00a0500 obyvatel je prost\u0159ednictv\u00edm e-mail\u016f, SMS \u010di mobiln\u00ed aplikace pravideln\u011b informov\u00e1no o&nbsp;d\u016fle\u017eit\u00e9m d\u011bn\u00ed v\u00a0sedm\u00e9 m\u011bstsk\u00e9 \u010d\u00e1sti. Z\u00e1b\u011br Mobiln\u00edho rozhlasu se d\u00e1le roz\u0161i\u0159uje. Po zaveden\u00ed informa\u010dn\u00edch zpr\u00e1v o&nbsp;konci platnosti parkovac\u00edho opr\u00e1vn\u011bn\u00ed radnice p\u0159es tuto platformu p\u0159ipravuje tak\u00e9 participa\u010dn\u00ed projekty pro ob\u010dany. \u00a0 [\/perex] \u201eOd [&hellip;]","protected":false},"author":5,"featured_media":25148,"comment_status":"closed","ping_status":"open","sticky":false,"template":"","format":"standard","meta":[],"categories":[34,74],"tags":[],"_links":{"self":[{"href":"https:\/\/www.praha7.cz\/api\/wp\/v2\/posts\/29591"}],"collection":[{"href":"https:\/\/www.praha7.cz\/api\/wp\/v2\/posts"}],"about":[{"href":"https:\/\/www.praha7.cz\/api\/wp\/v2\/types\/post"}],"author":[{"embeddable":true,"href":"https:\/\/www.praha7.cz\/api\/wp\/v2\/users\/5"}],"replies":[{"embeddable":true,"href":"https:\/\/www.praha7.cz\/api\/wp\/v2\/comments?post=29591"}],"version-history":[{"count":5,"href":"https:\/\/www.praha7.cz\/api\/wp\/v2\/posts\/29591\/revisions"}],"predecessor-version":[{"id":56868,"href":"https:\/\/www.praha7.cz\/api\/wp\/v2\/posts\/29591\/revisions\/56868"}],"wp:featuredmedia":[{"embeddable":true,"href":"https:\/\/www.praha7.cz\/api\/wp\/v2\/media\/25148"}],"wp:attachment":[{"href":"https:\/\/www.praha7.cz\/api\/wp\/v2\/media?parent=29591"}],"wp:term":[{"taxonomy":"category","embeddable":true,"href":"https:\/\/www.praha7.cz\/api\/wp\/v2\/categories?post=29591"},{"taxonomy":"post_tag","embeddable":true,"href":"https:\/\/www.praha7.cz\/api\/wp\/v2\/tags?post=29591"}],"curies":[{"name":"wp","href":"https:\/\/api.w.org\/{rel}","templated":true}]}}