    
{"id":29537,"date":"2019-09-09T11:43:19","date_gmt":"2019-09-09T09:43:19","guid":{"rendered":"https:\/\/www.praha7.cz\/?p=29537"},"modified":"2019-09-09T11:57:20","modified_gmt":"2019-09-09T09:57:20","slug":"omezeni-dodavek-vody-10-9-bubenec-a-holesovice","status":"publish","type":"post","link":"https:\/\/www.praha7.cz\/omezeni-dodavek-vody-10-9-bubenec-a-holesovice\/","title":{"rendered":"Omezen\u00ed dod\u00e1vek vody &#8211; 10.&nbsp;9. &#8211; Bubene\u010d a\u00a0Hole\u0161ovice"},"content":{"rendered":"<p>[perex]<\/p>\r\n<p>V \u00fater\u00fd 10.&nbsp;z\u00e1\u0159\u00ed bude od 8 do 16 hodin omezena dod\u00e1vka vody v&nbsp;ulic\u00edch \u010cechova, Dobrovsk\u00e9ho, Havansk\u00e1, Jana Zaj\u00edce, Jire\u010dkova, Kamenick\u00e1, Keramick\u00e1, Korunova\u010dn\u00ed, Kosteln\u00ed, Kr\u00e1lovsk\u00e1 obora, Letensk\u00e9\u00a0n\u00e1m\u011bst\u00ed, Letensk\u00e9\u00a0sady, Letohradsk\u00e1, Mal\u00ed\u0159sk\u00e1, Milady Hor\u00e1kov\u00e9, Na \u0160pejcharu, Na V\u00fd\u0161in\u00e1ch, Nad Kr\u00e1lovskou oborou, Nad \u0160tolou, Oveneck\u00e1, Sl\u00e1dkova, Socha\u0159sk\u00e1, \u0160meralova, U&nbsp;Akademie, U\u00a0Letensk\u00e9ho\u00a0sadu, U&nbsp;Sparty, U&nbsp;Stud\u00e1nky, Veletr\u017en\u00ed.<br \/>\r\n[\/perex]<\/p>\r\n<p>Kamenick\u00e1 lich\u00e1 \u010d.o. od 365\/1 do 129\/51, sud\u00e1 \u010d.o. od 626\/38 do 656\/56<br \/>\r\nKosteln\u00ed 292\/9, 36\/36, 1291\/38, 1320\/42, 1300\/44<br \/>\r\nKr\u00e1lovsk\u00e1 obora 56<br \/>\r\nLetensk\u00e9\u00a0sady 173, 341<br \/>\r\nLetohradsk\u00e1 lich\u00e1 \u010d.o. od 671\/13 do 668\/19, sud\u00e1 \u010d.o. od 803\/24 do 761\/62<br \/>\r\nMilady Hor\u00e1kov\u00e9 sud\u00e1 \u010d.o. od 815\/42 do 1066\/98, lich\u00e1 \u010d.o. od 391\/47 do 5\/133<br \/>\r\nNa \u0160pejcharu 291\/3<br \/>\r\nU&nbsp;Stud\u00e1nky sud\u00e1 \u010d.o. od 123\/18 do 332\/32, lich\u00e1 \u010d.o. od 212\/21 do 520\/31<br \/>\r\nVeletr\u017en\u00ed sud\u00e1 \u010d.o. od 302\/40 do 562\/50, lich\u00e1 \u010d.o. od 828\/59 do 819\/75<\/p>\r\n<p>N\u00e1hradn\u00ed z\u00e1sobov\u00e1n\u00ed bude zaji\u0161t\u011bno na z\u00e1klad\u011b po\u017eadavk\u016f odb\u011bratel\u016f a\u00a0dle dopravn\u00edch a\u00a0technick\u00fdch mo\u017enost\u00ed p\u0159istaven\u00edm cisterny s\u00a0pitnou vodou.<\/p>\r\n<p>Podrobn\u00e9 informace nep\u0159etr\u017eit\u011b pod\u00e1vaj\u00ed z\u00e1kaznick\u00e9 linky PVK na telefonn\u00edch \u010d\u00edslech 840\u00a0111\u00a0112 nebo 601\u00a0274\u00a0274 a&nbsp;na <a href=\"https:\/\/www.pvk.cz\/aktuality\/planovane-vyluky\/\">webu pvk.cz<\/a>.<\/p>","protected":false},"excerpt":{"rendered":"[perex] V&nbsp;\u00fater\u00fd 10.&nbsp;z\u00e1\u0159\u00ed bude od 8 do 16 hodin omezena dod\u00e1vka vody v&nbsp;ulic\u00edch \u010cechova, Dobrovsk\u00e9ho, Havansk\u00e1, Jana Zaj\u00edce, Jire\u010dkova, Kamenick\u00e1, Keramick\u00e1, Korunova\u010dn\u00ed, Kosteln\u00ed, Kr\u00e1lovsk\u00e1 obora, Letensk\u00e9\u00a0n\u00e1m\u011bst\u00ed, Letensk\u00e9\u00a0sady, Letohradsk\u00e1, Mal\u00ed\u0159sk\u00e1, Milady Hor\u00e1kov\u00e9, Na \u0160pejcharu, Na V\u00fd\u0161in\u00e1ch, Nad Kr\u00e1lovskou oborou, Nad \u0160tolou, Oveneck\u00e1, Sl\u00e1dkova, Socha\u0159sk\u00e1, \u0160meralova, U&nbsp;Akademie, U\u00a0Letensk\u00e9ho\u00a0sadu, U&nbsp;Sparty, U&nbsp;Stud\u00e1nky, Veletr\u017en\u00ed. [\/perex] Kamenick\u00e1 lich\u00e1 \u010d.o. od [&hellip;]","protected":false},"author":97,"featured_media":23217,"comment_status":"closed","ping_status":"open","sticky":false,"template":"","format":"standard","meta":[],"categories":[34],"tags":[],"_links":{"self":[{"href":"https:\/\/www.praha7.cz\/api\/wp\/v2\/posts\/29537"}],"collection":[{"href":"https:\/\/www.praha7.cz\/api\/wp\/v2\/posts"}],"about":[{"href":"https:\/\/www.praha7.cz\/api\/wp\/v2\/types\/post"}],"author":[{"embeddable":true,"href":"https:\/\/www.praha7.cz\/api\/wp\/v2\/users\/97"}],"replies":[{"embeddable":true,"href":"https:\/\/www.praha7.cz\/api\/wp\/v2\/comments?post=29537"}],"version-history":[{"count":7,"href":"https:\/\/www.praha7.cz\/api\/wp\/v2\/posts\/29537\/revisions"}],"predecessor-version":[{"id":29544,"href":"https:\/\/www.praha7.cz\/api\/wp\/v2\/posts\/29537\/revisions\/29544"}],"wp:featuredmedia":[{"embeddable":true,"href":"https:\/\/www.praha7.cz\/api\/wp\/v2\/media\/23217"}],"wp:attachment":[{"href":"https:\/\/www.praha7.cz\/api\/wp\/v2\/media?parent=29537"}],"wp:term":[{"taxonomy":"category","embeddable":true,"href":"https:\/\/www.praha7.cz\/api\/wp\/v2\/categories?post=29537"},{"taxonomy":"post_tag","embeddable":true,"href":"https:\/\/www.praha7.cz\/api\/wp\/v2\/tags?post=29537"}],"curies":[{"name":"wp","href":"https:\/\/api.w.org\/{rel}","templated":true}]}}