    
{"id":29527,"date":"2019-09-09T08:53:35","date_gmt":"2019-09-09T06:53:35","guid":{"rendered":"https:\/\/www.praha7.cz\/?p=29527"},"modified":"2019-09-09T10:04:07","modified_gmt":"2019-09-09T08:04:07","slug":"zastaven-provoz-metra-nadrazi-holesovice-florenc","status":"publish","type":"post","link":"https:\/\/www.praha7.cz\/zastaven-provoz-metra-nadrazi-holesovice-florenc\/","title":{"rendered":"Provoz metra N\u00e1dra\u017e\u00ed Hole\u0161ovice &#8211; Florenc obnoven"},"content":{"rendered":"<p>[perex]<\/p>\r\n<p>Aktualizace: z\u00e1vada odstran\u011bna, provoz obnoven.<\/p>\r\n<p>Upozorn\u011bn\u00ed: od 8:20 je zastaven provoz metra na trase C v&nbsp;\u00faseku N\u00e1dra\u017e\u00ed Hole\u0161ovice &#8211; Florenc z&nbsp;d\u016fvodu technick\u00e9 zavady. V&nbsp;dot\u010den\u00e9m \u00faseku je zavedena n\u00e1hradn\u00ed autobusov\u00e1 doprava. V&nbsp;\u00fasec\u00edch Let\u0148any &#8211; N\u00e1dra\u017e\u00ed Hole\u0161ovice a&nbsp;H\u00e1je &#8211; Florenc je provoz metra zachov\u00e1n. Aktu\u00e1ln\u00ed informace na <a href=\"https:\/\/www.dpp.cz\/mimoradne-udalosti\/1_8033\">webu DPP.cz<\/a><\/p>\r\n<p>[\/perex]<\/p>","protected":false},"excerpt":{"rendered":"[perex] Aktualizace: z\u00e1vada odstran\u011bna, provoz obnoven. Upozorn\u011bn\u00ed: od 8:20 je zastaven provoz metra na trase C v&nbsp;\u00faseku N\u00e1dra\u017e\u00ed Hole\u0161ovice &#8211; Florenc z&nbsp;d\u016fvodu technick\u00e9 zavady. V&nbsp;dot\u010den\u00e9m \u00faseku je zavedena n\u00e1hradn\u00ed autobusov\u00e1 doprava. V&nbsp;\u00fasec\u00edch Let\u0148any &#8211; N\u00e1dra\u017e\u00ed Hole\u0161ovice a&nbsp;H\u00e1je &#8211; Florenc je provoz metra zachov\u00e1n. Aktu\u00e1ln\u00ed informace na webu DPP.cz [\/perex]","protected":false},"author":97,"featured_media":29528,"comment_status":"closed","ping_status":"open","sticky":false,"template":"","format":"standard","meta":[],"categories":[34],"tags":[],"_links":{"self":[{"href":"https:\/\/www.praha7.cz\/api\/wp\/v2\/posts\/29527"}],"collection":[{"href":"https:\/\/www.praha7.cz\/api\/wp\/v2\/posts"}],"about":[{"href":"https:\/\/www.praha7.cz\/api\/wp\/v2\/types\/post"}],"author":[{"embeddable":true,"href":"https:\/\/www.praha7.cz\/api\/wp\/v2\/users\/97"}],"replies":[{"embeddable":true,"href":"https:\/\/www.praha7.cz\/api\/wp\/v2\/comments?post=29527"}],"version-history":[{"count":5,"href":"https:\/\/www.praha7.cz\/api\/wp\/v2\/posts\/29527\/revisions"}],"predecessor-version":[{"id":29533,"href":"https:\/\/www.praha7.cz\/api\/wp\/v2\/posts\/29527\/revisions\/29533"}],"wp:featuredmedia":[{"embeddable":true,"href":"https:\/\/www.praha7.cz\/api\/wp\/v2\/media\/29528"}],"wp:attachment":[{"href":"https:\/\/www.praha7.cz\/api\/wp\/v2\/media?parent=29527"}],"wp:term":[{"taxonomy":"category","embeddable":true,"href":"https:\/\/www.praha7.cz\/api\/wp\/v2\/categories?post=29527"},{"taxonomy":"post_tag","embeddable":true,"href":"https:\/\/www.praha7.cz\/api\/wp\/v2\/tags?post=29527"}],"curies":[{"name":"wp","href":"https:\/\/api.w.org\/{rel}","templated":true}]}}