    
{"id":29517,"date":"2019-09-06T10:32:17","date_gmt":"2019-09-06T08:32:17","guid":{"rendered":"https:\/\/www.praha7.cz\/?p=29517"},"modified":"2019-09-06T16:59:44","modified_gmt":"2019-09-06T14:59:44","slug":"komentovane-prohlidky-vystaviste-s-pruvodcem","status":"publish","type":"post","link":"https:\/\/www.praha7.cz\/komentovane-prohlidky-vystaviste-s-pruvodcem\/","title":{"rendered":"Komentovan\u00e9 prohl\u00eddky V\u00fdstavi\u0161t\u011b s&nbsp;pr\u016fvodcem"},"content":{"rendered":"<p>[perex]<\/p>\r\n<p>Za\u017eijte prohl\u00eddku V\u00fdstavi\u0161t\u011b s\u00a0o\u010dima doko\u0159\u00e1n. Poslechn\u011bte si p\u0159\u00edb\u011bhy jednotliv\u00fdch v\u00fdstav, historii budov a&nbsp;z\u00e1rove\u0148 poodhalte mnoh\u00e1 tajemstv\u00ed a&nbsp;zaj\u00edmavosti. Vybrat si m\u016f\u017eete z\u00a0mno\u017estv\u00ed t\u00e9matick\u00fdch vych\u00e1zek. T\u0159i vych\u00e1zky budou zam\u011b\u0159eny na jednotliv\u00e1 obdob\u00ed fungov\u00e1n\u00ed V\u00fdstavi\u0161t\u011b, kter\u00e1 m\u011bla sv\u00e1 specifika: habsbursk\u00e1 monarchie, prvn\u00ed republika a&nbsp;doba komunistick\u00e9ho re\u017eimu. \u010ctvrt\u00e1 vych\u00e1zka bude v\u011bnov\u00e1na prohl\u00eddce Pr\u016fmyslov\u00e9ho pal\u00e1ce a&nbsp;budoucnosti V\u00fdstavi\u0161t\u011b.<\/p>\r\n<p>[\/perex]<\/p>\r\n<p>Prohl\u00eddkami prov\u00e1z\u00ed\u00a0<a href=\"https:\/\/www.facebook.com\/petrkucera85\/\">Petr Ku\u010dera<\/a>\u00a0a sraz je v\u017edy p\u0159ed Pr\u016fmyslov\u00fdm pal\u00e1cem.<\/p>\r\n<p><strong>1. Zemsk\u00e1 Jubilejn\u00ed (1891-1914)<\/strong><\/p>\r\n<p>V\u00a0r\u00e1mci vych\u00e1zky si za pomoci dobov\u00fdch fotografi\u00ed projdeme Zemskou Jubilejn\u00ed v\u00fdstavu z\u00a0roku 1891. Pozn\u00e1me pozoruhodn\u00fd p\u0159\u00edb\u011bh jej\u00ed p\u0159\u00edpravy, fascinuj\u00edc\u00ed atmosf\u00e9ru i&nbsp;obrovsk\u00fd dopad, kter\u00fd m\u011bla na sebev\u011bdom\u00ed \u010desk\u00e9ho n\u00e1roda. Pozn\u00e1me i&nbsp;dal\u0161\u00ed d\u016fle\u017eit\u00e9 v\u00fdstavy z\u00a0dob habsbursk\u00e9 monarchie a&nbsp;stavby, kter\u00e9 po nich z\u016fstaly.<\/p>\r\n<p><strong>Term\u00edn: 7.&nbsp;9.&nbsp;2019<\/strong>\/10:00 (14:00)* odpoledn\u00ed \u010das se otev\u00edr\u00e1, a\u017e po napln\u011bn\u00ed osob na dopoledn\u00ed term\u00edn<br \/>\r\n<br \/>\r\n<strong>2. Pra\u017esk\u00e9 vzorkov\u00e9 veletrhy (1920-1951)<\/strong><\/p>\r\n<p>Vych\u00e1zka bude zam\u011b\u0159ena na obdob\u00ed, kdy V\u00fdstavi\u0161t\u011b slou\u017eilo Pra\u017esk\u00fdm vzorkov\u00fdm veletrh\u016fm. Zjist\u00edme, jakou m\u011bli funkci a&nbsp;budeme se zab\u00fdvat tak\u00e9 Veletr\u017en\u00edm pal\u00e1cem, kter\u00fd byl jejich sou\u010d\u00e1st\u00ed. Pozn\u00e1me rovn\u011b\u017e nerealizovan\u00fd projekt pra\u017esk\u00e9ho veletr\u017en\u00edho CITY.<\/p>\r\n<p><strong>Term\u00edn: 26.&nbsp;10.&nbsp;2019<\/strong>\/10:00 (14:00)* odpoledn\u00ed \u010das se otev\u00edr\u00e1, a\u017e po napln\u011bn\u00ed osob na dopoledn\u00ed term\u00edn<\/p>\r\n<p><strong>3. Park kultury a&nbsp;oddechu Julia Fu\u010d\u00edka (1951-1991)<\/strong><\/p>\r\n<p>Vych\u00e1zka bude zam\u011b\u0159ena na prom\u011bny V\u00fdstavi\u0161t\u011b v\u00a0dob\u00e1ch komunistick\u00e9ho re\u017eimu. Budeme se zab\u00fdvat p\u0159estavbou Pr\u016fmyslov\u00e9ho pal\u00e1ce na Sjezdov\u00fd pal\u00e1c a&nbsp;uk\u00e1\u017eeme si, kde se nach\u00e1zel tzv. Bruselsk\u00fd pavilon, zn\u00e1m\u00fd z\u00a0v\u00fdstavy EXPO 58. Pozn\u00e1me tak\u00e9 stavby, kter\u00e9 n\u00e1m z\u016fstaly po \u010ceskoslovensk\u00e9 v\u0161eobecn\u00e9 v\u00fdstav\u011b v\u00a0roce 1991: K\u0159i\u017e\u00edkovy pavilony, divadlo Spir\u00e1la a&nbsp;Pyramida.<\/p>\r\n<p><strong>Term\u00edn: 16.&nbsp;11.&nbsp;2019<\/strong>\/10:00 (14:00)* odpoledn\u00ed \u010das se otev\u00edr\u00e1, a\u017e po napln\u011bn\u00ed osob na dopoledn\u00ed term\u00edn<br \/>\r\n<br \/>\r\n<strong>4. Pr\u016fmyslov\u00fd pal\u00e1c<\/strong><\/p>\r\n<p>Komentovan\u00e1 prohl\u00eddka Pr\u016fmyslov\u00e9ho pal\u00e1ce, v\u00a0r\u00e1mci kter\u00e9 pozn\u00e1me zaj\u00edmav\u00fd p\u0159\u00edb\u011bh jeho pl\u00e1nov\u00e1n\u00ed a&nbsp;v\u00fdstavby. Zam\u011b\u0159\u00edme se na jeho architekturu, konstrukci a&nbsp;tak\u00e9 staronovou podobu po chystan\u00e9 rekonstrukci.<\/p>\r\n<p><strong>Term\u00edn: 14.&nbsp;12.&nbsp;2019<\/strong>\/10:00 (14:00)* odpoledn\u00ed \u010das se otev\u00edr\u00e1, a\u017e po napln\u011bn\u00ed osob na dopoledn\u00ed term\u00edn<\/p>\r\n<p><strong>Plat\u00ed pro v\u0161echny komentovan\u00e9 proch\u00e1zky:<\/strong><br \/>\r\nKapacita: 30 \u2013 35 osob<br \/>\r\nCena: 150 K\u010d, plat\u00ed se v\u00a0hotovosti na m\u00edst\u011b<br \/>\r\n\u00da\u010dast potvr\u010fte na e-mailu:\u00a0Renata.Liskova@prahaexpo.cz<\/p>\r\n<p>V\u00edce informac\u00ed na\u00a0<a href=\"https:\/\/www.vystavistepraha.eu\/kalendar-akci\/detail\/pribehy-vystaviste\/\">vystavistepraha.eu<\/a><\/p>","protected":false},"excerpt":{"rendered":"[perex] Za\u017eijte prohl\u00eddku V\u00fdstavi\u0161t\u011b s\u00a0o\u010dima doko\u0159\u00e1n. Poslechn\u011bte si p\u0159\u00edb\u011bhy jednotliv\u00fdch v\u00fdstav, historii budov a&nbsp;z\u00e1rove\u0148 poodhalte mnoh\u00e1 tajemstv\u00ed a&nbsp;zaj\u00edmavosti. Vybrat si m\u016f\u017eete z\u00a0mno\u017estv\u00ed t\u00e9matick\u00fdch vych\u00e1zek. T\u0159i vych\u00e1zky budou zam\u011b\u0159eny na jednotliv\u00e1 obdob\u00ed fungov\u00e1n\u00ed V\u00fdstavi\u0161t\u011b, kter\u00e1 m\u011bla sv\u00e1 specifika: habsbursk\u00e1 monarchie, prvn\u00ed republika a&nbsp;doba komunistick\u00e9ho re\u017eimu. \u010ctvrt\u00e1 vych\u00e1zka bude v\u011bnov\u00e1na prohl\u00eddce Pr\u016fmyslov\u00e9ho pal\u00e1ce a&nbsp;budoucnosti V\u00fdstavi\u0161t\u011b. [\/perex] Prohl\u00eddkami [&hellip;]","protected":false},"author":97,"featured_media":29519,"comment_status":"closed","ping_status":"open","sticky":false,"template":"","format":"standard","meta":[],"categories":[34],"tags":[],"_links":{"self":[{"href":"https:\/\/www.praha7.cz\/api\/wp\/v2\/posts\/29517"}],"collection":[{"href":"https:\/\/www.praha7.cz\/api\/wp\/v2\/posts"}],"about":[{"href":"https:\/\/www.praha7.cz\/api\/wp\/v2\/types\/post"}],"author":[{"embeddable":true,"href":"https:\/\/www.praha7.cz\/api\/wp\/v2\/users\/97"}],"replies":[{"embeddable":true,"href":"https:\/\/www.praha7.cz\/api\/wp\/v2\/comments?post=29517"}],"version-history":[{"count":2,"href":"https:\/\/www.praha7.cz\/api\/wp\/v2\/posts\/29517\/revisions"}],"predecessor-version":[{"id":29521,"href":"https:\/\/www.praha7.cz\/api\/wp\/v2\/posts\/29517\/revisions\/29521"}],"wp:featuredmedia":[{"embeddable":true,"href":"https:\/\/www.praha7.cz\/api\/wp\/v2\/media\/29519"}],"wp:attachment":[{"href":"https:\/\/www.praha7.cz\/api\/wp\/v2\/media?parent=29517"}],"wp:term":[{"taxonomy":"category","embeddable":true,"href":"https:\/\/www.praha7.cz\/api\/wp\/v2\/categories?post=29517"},{"taxonomy":"post_tag","embeddable":true,"href":"https:\/\/www.praha7.cz\/api\/wp\/v2\/tags?post=29517"}],"curies":[{"name":"wp","href":"https:\/\/api.w.org\/{rel}","templated":true}]}}