    
{"id":29489,"date":"2019-09-06T11:24:53","date_gmt":"2019-09-06T09:24:53","guid":{"rendered":"https:\/\/www.praha7.cz\/?p=29489"},"modified":"2019-09-06T17:02:48","modified_gmt":"2019-09-06T15:02:48","slug":"den-dyslexie","status":"publish","type":"post","link":"https:\/\/www.praha7.cz\/den-dyslexie\/","title":{"rendered":"Den Dyslexie ve v\u011b\u017ei"},"content":{"rendered":"<p><em>\u00a0[perex]<\/em><\/p>\r\n<p><em>\u201e(Ne)dokonal\u00ed &#8211; mylujeme svoji dyslexii\u201c<\/em><\/p>\r\n<p>Leto\u0161n\u00ed \u00a0<a href=\"http:\/\/www.dys.cz\/\">Den Dyslexie<\/a> prob\u011bhne v\u00a0ned\u011bli 8.&nbsp;a&nbsp;v\u00a0pond\u011bl\u00ed 9.&nbsp;z\u00e1\u0159\u00ed od 10 do 18 hodin ve <a href=\"http:\/\/vodarenskavezletna.cz\/\">Vod\u00e1rensk\u00e9 v\u011b\u017ei na Letn\u00e9<\/a>. Akce nab\u00eddne workshopy s&nbsp;odborn\u00edky na tuto problematiku, ale tak\u00e9 s&nbsp;DYS um\u011blci, kte\u0159\u00ed s&nbsp;t\u00edmto darem pracuj\u00ed. Vstup je zdarma.<\/p>\r\n<p>Des\u00e1t\u00fd ro\u010dn\u00edk Dne Dyslexie byl vyhl\u00e1\u0161en poprv\u00e9 na sv\u011bt\u011b 9.&nbsp;z\u00e1\u0159\u00ed 2010 v&nbsp;N\u00e1rodn\u00ed galerii v&nbsp;Praze. Den Dyslexie zalo\u017eila v\u00fdtvarn\u00e1 um\u011blkyn\u011b Alena Kup\u010d\u00edkov\u00e1, kter\u00e1 je sama t\u00edmto znev\u00fdhodn\u011bn\u00edm \u201eobdarov\u00e1na\u201c. Den Dyslexie se sna\u017e\u00ed uk\u00e1zat dyslexii v&nbsp;lep\u0161\u00edm obraze, uk\u00e1zat jej\u00ed zv\u00fdhodn\u011bn\u00ed ve spole\u010dnosti a&nbsp;sna\u017e\u00ed se naj\u00edt v\u00fdchodiska a&nbsp;\u0159e\u0161en\u00ed, ale tak\u00e9 pochopen\u00ed.<\/p>\r\n<p>[\/perex]<\/p>\r\n<p>Workshop\u016f a&nbsp;tv\u016fr\u010d\u00edch d\u00edlen prob\u011bhne velk\u00e9 mno\u017estv\u00ed, t\u011b\u0161it se m\u016f\u017eete kup\u0159\u00edkladu na socha\u0159ku Mark\u00e9tu Kore\u010dkovou, kter\u00e1 ve vsv\u00e9m workshopu otev\u0159e t\u00e9ma\u00a0prostorov\u00e9ho vn\u00edm\u00e1n\u00ed \u2013\u00a0jak uchopit slova v&nbsp;prostoru? S&nbsp;mal\u00ed\u0159em Janem Gemrotem budete moci namalovat velkoform\u00e1tov\u00e9 figury a&nbsp;t\u00edm d\u00e1t prostor originalit\u011b ka\u017ed\u00e9ho z&nbsp;n\u00e1s. Je mo\u017en\u00e9, aby um\u011blec s&nbsp;dys mohl navrhovat po\u0161tovn\u00ed zn\u00e1mku? Tak to si zkus\u00edte s&nbsp;tv\u016frcem, um\u011blcem Petrem Pt\u00e1\u010dkem. Jind\u0159ich Mat\u011bk\u00a0 &#8211; oby\u010dejnou plastel\u00ednou, n\u011bkolika \u0161roubky nebo t\u00edm co najdete po kaps\u00e1ch, dok\u00e1\u017ee t\u011bm nejmen\u0161\u00edm otev\u0159\u00edt sv\u011bt p\u00edsmen. Jsou p\u00edsmena nebo slova kolem n\u00e1s ve v\u011bcech nebo v&nbsp;prostoru ve kter\u00e9m \u017eijeme? A&nbsp;mohli byste si t\u00edm l\u00e9pe osvojit jejich tvar? Na to pouk\u00e1\u017ee mal\u00ed\u0159ka a&nbsp;socha\u0159ka Alena Kup\u010d\u00edkov\u00e1.\u00a0Podrobn\u011bj\u0161\u00ed informace k&nbsp;programu naleznete v&nbsp;<a href=\"http:\/\/www.dys.cz\/pr\/TZ_Den_dyslexie_2019.pdf?fbclid=IwAR06uD6DUroIfDTyd4YI5BcJ7ADx0N8AeoEnxhkJ66-Yq_cWpG9w34LxEsc\">tiskov\u00e9 zpr\u00e1v\u011b<\/a>.\u00a0<\/p>\r\n<p><a href=\"https:\/\/www.facebook.com\/events\/649228348922051\/\">FB ud\u00e1lost<\/a><\/p>\r\n<p>&nbsp;<\/p>\r\n<p>&nbsp;<\/p>","protected":false},"excerpt":{"rendered":"\u00a0[perex] \u201e(Ne)dokonal\u00ed &#8211; mylujeme svoji dyslexii\u201c Leto\u0161n\u00ed \u00a0Den Dyslexie prob\u011bhne v\u00a0ned\u011bli 8.&nbsp;a&nbsp;v\u00a0pond\u011bl\u00ed 9.&nbsp;z\u00e1\u0159\u00ed od 10 do 18 hodin ve Vod\u00e1rensk\u00e9 v\u011b\u017ei na Letn\u00e9. Akce nab\u00eddne workshopy s&nbsp;odborn\u00edky na tuto problematiku, ale tak\u00e9 s&nbsp;DYS um\u011blci, kte\u0159\u00ed s&nbsp;t\u00edmto darem pracuj\u00ed. Vstup je zdarma. Des\u00e1t\u00fd ro\u010dn\u00edk Dne Dyslexie byl vyhl\u00e1\u0161en poprv\u00e9 na sv\u011bt\u011b 9.&nbsp;z\u00e1\u0159\u00ed 2010 v&nbsp;N\u00e1rodn\u00ed galerii v&nbsp;Praze. [&hellip;]","protected":false},"author":76,"featured_media":29490,"comment_status":"closed","ping_status":"open","sticky":false,"template":"","format":"standard","meta":[],"categories":[34],"tags":[],"_links":{"self":[{"href":"https:\/\/www.praha7.cz\/api\/wp\/v2\/posts\/29489"}],"collection":[{"href":"https:\/\/www.praha7.cz\/api\/wp\/v2\/posts"}],"about":[{"href":"https:\/\/www.praha7.cz\/api\/wp\/v2\/types\/post"}],"author":[{"embeddable":true,"href":"https:\/\/www.praha7.cz\/api\/wp\/v2\/users\/76"}],"replies":[{"embeddable":true,"href":"https:\/\/www.praha7.cz\/api\/wp\/v2\/comments?post=29489"}],"version-history":[{"count":10,"href":"https:\/\/www.praha7.cz\/api\/wp\/v2\/posts\/29489\/revisions"}],"predecessor-version":[{"id":29522,"href":"https:\/\/www.praha7.cz\/api\/wp\/v2\/posts\/29489\/revisions\/29522"}],"wp:featuredmedia":[{"embeddable":true,"href":"https:\/\/www.praha7.cz\/api\/wp\/v2\/media\/29490"}],"wp:attachment":[{"href":"https:\/\/www.praha7.cz\/api\/wp\/v2\/media?parent=29489"}],"wp:term":[{"taxonomy":"category","embeddable":true,"href":"https:\/\/www.praha7.cz\/api\/wp\/v2\/categories?post=29489"},{"taxonomy":"post_tag","embeddable":true,"href":"https:\/\/www.praha7.cz\/api\/wp\/v2\/tags?post=29489"}],"curies":[{"name":"wp","href":"https:\/\/api.w.org\/{rel}","templated":true}]}}