    
{"id":29471,"date":"2019-09-05T16:51:29","date_gmt":"2019-09-05T14:51:29","guid":{"rendered":"https:\/\/www.praha7.cz\/?p=29471"},"modified":"2019-09-05T16:51:29","modified_gmt":"2019-09-05T14:51:29","slug":"docasne-uzavreni-casti-parku-tusarova","status":"publish","type":"post","link":"https:\/\/www.praha7.cz\/docasne-uzavreni-casti-parku-tusarova\/","title":{"rendered":"Do\u010dasn\u00e9 uzav\u0159en\u00ed \u010d\u00e1sti parku Tusarova"},"content":{"rendered":"<p>[perex]<\/p>\r\n<p>Upozor\u0148ujeme n\u00e1v\u0161t\u011bvn\u00edky parku v\u00a0Tusarov\u011b ulici, \u017ee z\u00a0d\u016fvodu rekonstrukce oplocen\u00ed dojde od pond\u011bl\u00ed 9.&nbsp;9.&nbsp;k\u00a0do\u010dasn\u00e9mu uzav\u0159en\u00ed \u010d\u00e1sti parku s\u00a0hern\u00edmi prvky naproti z\u00e1kladn\u00ed \u0161kole. Pr\u00e1ce by zde m\u011bly b\u00fdt dokon\u010deny do dvou t\u00fddn\u016f.<\/p>\r\n<p>[\/perex]<\/p>","protected":false},"excerpt":{"rendered":"[perex] Upozor\u0148ujeme n\u00e1v\u0161t\u011bvn\u00edky parku v\u00a0Tusarov\u011b ulici, \u017ee z\u00a0d\u016fvodu rekonstrukce oplocen\u00ed dojde od pond\u011bl\u00ed 9.&nbsp;9.&nbsp;k\u00a0do\u010dasn\u00e9mu uzav\u0159en\u00ed \u010d\u00e1sti parku s\u00a0hern\u00edmi prvky naproti z\u00e1kladn\u00ed \u0161kole. Pr\u00e1ce by zde m\u011bly b\u00fdt dokon\u010deny do dvou t\u00fddn\u016f. [\/perex]","protected":false},"author":5,"featured_media":29472,"comment_status":"closed","ping_status":"open","sticky":false,"template":"","format":"standard","meta":[],"categories":[34],"tags":[],"_links":{"self":[{"href":"https:\/\/www.praha7.cz\/api\/wp\/v2\/posts\/29471"}],"collection":[{"href":"https:\/\/www.praha7.cz\/api\/wp\/v2\/posts"}],"about":[{"href":"https:\/\/www.praha7.cz\/api\/wp\/v2\/types\/post"}],"author":[{"embeddable":true,"href":"https:\/\/www.praha7.cz\/api\/wp\/v2\/users\/5"}],"replies":[{"embeddable":true,"href":"https:\/\/www.praha7.cz\/api\/wp\/v2\/comments?post=29471"}],"version-history":[{"count":1,"href":"https:\/\/www.praha7.cz\/api\/wp\/v2\/posts\/29471\/revisions"}],"predecessor-version":[{"id":29473,"href":"https:\/\/www.praha7.cz\/api\/wp\/v2\/posts\/29471\/revisions\/29473"}],"wp:featuredmedia":[{"embeddable":true,"href":"https:\/\/www.praha7.cz\/api\/wp\/v2\/media\/29472"}],"wp:attachment":[{"href":"https:\/\/www.praha7.cz\/api\/wp\/v2\/media?parent=29471"}],"wp:term":[{"taxonomy":"category","embeddable":true,"href":"https:\/\/www.praha7.cz\/api\/wp\/v2\/categories?post=29471"},{"taxonomy":"post_tag","embeddable":true,"href":"https:\/\/www.praha7.cz\/api\/wp\/v2\/tags?post=29471"}],"curies":[{"name":"wp","href":"https:\/\/api.w.org\/{rel}","templated":true}]}}