    
{"id":29459,"date":"2019-09-05T14:21:41","date_gmt":"2019-09-05T12:21:41","guid":{"rendered":"https:\/\/www.praha7.cz\/?p=29459"},"modified":"2019-09-05T14:22:12","modified_gmt":"2019-09-05T12:22:12","slug":"open-air-festival-skautska-alternativa-2019","status":"publish","type":"post","link":"https:\/\/www.praha7.cz\/open-air-festival-skautska-alternativa-2019\/","title":{"rendered":"Open-air festival Skautsk\u00e1 Alternativa 2019"},"content":{"rendered":"<p>[perex]<\/p>\r\n<p>Des\u00e1t\u00fd ro\u010dn\u00edk festivalu\u00a0Skautsk\u00e1 Alternativa, kter\u00fd po\u0159\u00e1daj\u00ed nad metrem Vltavsk\u00e1 skauti a&nbsp;skautky z\u00a0Prahy&nbsp;7 prob\u011bhne 13.\u00a0a 14.\u00a0z\u00e1\u0159\u00ed. Op\u011bt na sklonku l\u00e9ta, dvoudenn\u00ed a&nbsp;s\u00a0\u0159\u00e1dn\u011b na\u0161l\u00e1pnut\u00fdm programem, kter\u00fd nab\u00eddne to nejlep\u0161\u00ed, co se na festivalu za deset let ud\u00e1lo. Na festivalu vystoup\u00ed kapely jako jsou slovensk\u00e9 \u017div\u00e9 kvety, Please the Trees, Kad\u00e9 chim nebo Byl pes. V\u00a0sobotu odpoledne se lze t\u011b\u0161it na pestr\u00fd program pro d\u011bti i\u00a0cel\u00e9 rodiny, p\u0159ipravena bude \u0159ada workshop\u016f, her a&nbsp;nev\u0161edn\u00edch discipl\u00edn.<\/p>\r\n<p>[\/perex]<\/p>\r\n<p>Pravideln\u00fd n\u00e1v\u0161t\u011bvn\u00edk jist\u011b potvrd\u00ed, \u017ee by byla chyba nechat se odradit zav\u00e1d\u011bj\u00edc\u00edm n\u00e1zvem. Akce je otev\u0159en\u00e1 \u0161irok\u00e9 ve\u0159ejnosti a&nbsp;krom toho, \u017ee l\u00e1k\u00e1 fanou\u0161ky kvalitn\u00ed nez\u00e1visl\u00e9 hudby ze v\u0161ech kout\u016f sv\u011bta, nab\u00edz\u00ed nav\u00edc neokoukan\u00fd venkovn\u00ed program pro d\u011bti i&nbsp;cel\u00e9 rodiny, originalitou a&nbsp;\u00farovn\u00ed na hony vzd\u00e1len\u00fd od d\u011btsk\u00fdch dn\u016f a&nbsp;m\u011bstsk\u00fdch slavnost\u00ed. Celou akci jako ka\u017edoro\u010dn\u011b p\u0159ipravuj\u00ed (ve striktn\u011b dobrovolnick\u00e9m re\u017eimu) skauti a&nbsp;skautky z\u00a0Prahy&nbsp;7.\u00a0\u00a0\u00a0\u00a0\u00a0\u00a0\u00a0\u00a0\u00a0<\/p>\r\n<p>Hudebn\u00ed program zam\u011b\u0159en\u00fd na kvalitn\u00ed p\u00eds\u0148ovou tvorbu, autentick\u00fd projev a&nbsp;neokoukan\u00e9 zahrani\u010dn\u00ed interprety r\u016fzn\u00fdch \u017e\u00e1nr\u016f odstartuje v\u00a0p\u00e1tek \u00faderem 17:00. Dramaturgicky sev\u0159en\u00fd ve\u010der otev\u0159ou mlad\u00ed psychadelici \u010d\u00e1ste\u010dn\u011b vze\u0161l\u00ed z\u00a0\u0159ad letensk\u00fdch skaut\u016f\u00a0The Ribs, kte\u0159\u00ed p\u0159edstav\u00ed svou novou desku All You Can Eat. N\u00e1sledovat bude\u00a0Bavor a&nbsp;Javor, \u010dty\u0159\u010dlenn\u00e9 duo hraj\u00edc\u00ed temn\u00e9 st\u00ednadelsk\u00e9 elektro-country. Nov\u011b vydan\u00fdmi nahr\u00e1vkami se budou prezentovat tak\u00e9\u00a0Please the Trees(s\u00a0albem Infinite Dance) a&nbsp;st\u00e1lice festivalov\u00e9ho no\u010dn\u00edho jamu, kapela\u00a0Byl Pes\u00a0(s&nbsp;novinkou \u017diju i&nbsp;ne\u017eiju). Ofici\u00e1ln\u00ed festivalovou produkci, kter\u00e1 kon\u010d\u00ed ve 22:00, pak uzav\u0159ou slovensk\u00e9\u00a0\u017div\u00e9 Kvety.\u00a0\u201e<em>Roz\u0161\u00ed\u0159en\u00fd form\u00e1t akce o&nbsp;p\u00e1te\u010dn\u00ed ve\u010der se n\u00e1m v\u00a0minul\u00fdch letech osv\u011bd\u010dil. Program jubilejn\u00edho ro\u010dn\u00edku jsme pojali jako pr\u016f\u0159ez toho, co v&nbsp;n\u00e1s za posledn\u00edch 9 let zanechalo nejsiln\u011bj\u0161\u00ed dojem, a&nbsp;nutno p\u0159iznat, \u017ee na to i&nbsp;prostor dvou dn\u016f sotva sta\u010d\u00ed,<\/em>\u201c\u00a0hodnot\u00ed <strong>Fanda Hol\u00fd, zakladatel festivalu<\/strong>.<\/p>\r\n<p>\u00a0 \u00a0 \u00a0Sobotn\u00ed odpoledne je nejprve ur\u010deno d\u011btem, jejich rodi\u010d\u016fm a&nbsp;v\u0161em z\u00e1jemc\u016fm o&nbsp;venkovn\u00ed aktivity p\u0159ipraven\u00e9 letensk\u00fdmi skauty. Akce odstartuje ve 13:00, a&nbsp;na tuto \u010d\u00e1st prob\u00edhaj\u00edc\u00ed do 17:00 je pro d\u011bti a&nbsp;jejich doprovod vstup zdarma. V&nbsp;pr\u016fb\u011bhu odpoledne se rozjede \u0161\u00ed\u0159eji rozkro\u010den\u00fd hudebn\u00ed program, v&nbsp;r\u00e1mci kter\u00e9ho vystoup\u00ed \u0159ada zahrani\u010dn\u00edch interpret\u016f, kte\u0159\u00ed do \u010cR doraz\u00ed v\u00fdhradn\u011b na Skautskou alternativu. Od 15:00 zahraje sv\u00e9r\u00e1zn\u00fd p\u00edsni\u010dk\u00e1\u0159\u00a0Ji\u0159\u00ed Konvrzek, n\u00e1sledovan\u00fd \u010desk\u00fdmi p\u00edsn\u011bmi v&nbsp;pod\u00e1n\u00ed irish-punkov\u00e9ho \u0161ramlu\u00a0Kad\u00e9 Chim. Rakouskou odpov\u011bd\u00ed na oboje budou v\u00edden\u0161t\u00ed\u00a0Rewolfinger. D\u00e1le vystoup\u00ed ukrajinsk\u00fd countryman p\u016fvodem z&nbsp;Hali\u010de\u00a0Sasha Boole,\u00a0Holy Fanda 2010 Revisited\u00a0\u2013 koncertn\u00ed derni\u00e9ra reedice deset let star\u00e9ho stejnojmenn\u00e9ho alba a&nbsp;jako hlavn\u00ed hv\u011bzda ve\u010dera\u00a0Tim Eriksen (US). Po vystoupen\u00ed charismatick\u00e9ho multiinstrumentalisty, muzikologa a&nbsp;populariz\u00e1tora horalsk\u00fdch zp\u011bv\u016f Sacred Harp bude n\u00e1sledovat monument\u00e1ln\u00ed undergroundov\u00fd orchestr BBP.\u00a0<\/p>\r\n<p>\u00a0\u00a0 \u00a0\u00a0\u00a0 \u00a0Ob\u010derstven\u00ed v\u0161eho druhu po celou dobu kon\u00e1n\u00ed akce, vstupenky za velmi p\u0159\u00edznivou cenu (zejm\u00e9na v&nbsp;p\u0159edprodeji) a&nbsp;v\u00fdjime\u010dn\u00e1 komorn\u00ed atmosf\u00e9ra v&nbsp;sam\u00e9m st\u0159edu Prahy jsou ji\u017e samoz\u0159ejmost\u00ed. Akci si ka\u017edoro\u010dn\u011b u\u017e\u00edvaj\u00ed jak d\u011bti a&nbsp;rodi\u010de, tak i&nbsp;hudebn\u00edci a&nbsp;v\u0161ichni poslucha\u010di.\u00a0\u201e<em>Okrem v\u0161etk\u00fdch zauj\u00edmav\u00fdch a&nbsp;celodenn\u00fdch hier pre deti a&nbsp;\u00fa\u017easn\u00fdch kapiel tento festival v\u00f4bec nezabije n\u00e1v\u0161tevn\u00edka zvr\u00e1ten\u00fdmi decibelmi. Jeho atmosf\u00e9ra je \u00faplne \u00fa\u017easn\u00e1<\/em>,\u201c\u00a0hodnot\u00ed <strong>Lucia Piussi, zp\u011bva\u010dka legend\u00e1rn\u00ed bratislavsk\u00e9 kapely \u017div\u00e9 kvety<\/strong>, kter\u00e1 na festival zav\u00edtala ji\u017e d\u0159\u00edve a&nbsp;nem\u016f\u017ee tedy chyb\u011bt ani u&nbsp;p\u0159\u00edle\u017eitosti v\u00fdro\u010d\u00ed.\u00a0\u00a0<\/p>\r\n<p>FB Ud\u00e1lost <a href=\"https:\/\/www.facebook.com\/events\/373880026712716\/\">Open-air festival Skautsk\u00e1 Alternativa vol. 10<\/a><\/p>\r\n<p>V\u00edce na webu\u00a0<a href=\"http:\/\/www.alternativa.skaut.eu\">alternativa.skaut.eu<\/a><\/p>\r\n<p><img loading=\"lazy\" src=\"https:\/\/www.praha7.cz\/wp-content\/uploads\/2019\/09\/skautska_alternativa_2019.jpg\" alt=\"\" width=\"679\" height=\"960\" class=\"alignnone wp-image-29460 size-full\" srcset=\"https:\/\/www.praha7.cz\/wp-content\/uploads\/2019\/09\/skautska_alternativa_2019.jpg 679w, https:\/\/www.praha7.cz\/wp-content\/uploads\/2019\/09\/skautska_alternativa_2019-283x400.jpg 283w\" sizes=\"(max-width: 679px) 100vw, 679px\" \/><\/p>","protected":false},"excerpt":{"rendered":"[perex] Des\u00e1t\u00fd ro\u010dn\u00edk festivalu\u00a0Skautsk\u00e1 Alternativa, kter\u00fd po\u0159\u00e1daj\u00ed nad metrem Vltavsk\u00e1 skauti a&nbsp;skautky z\u00a0Prahy&nbsp;7 prob\u011bhne 13.\u00a0a 14.\u00a0z\u00e1\u0159\u00ed. Op\u011bt na sklonku l\u00e9ta, dvoudenn\u00ed a&nbsp;s\u00a0\u0159\u00e1dn\u011b na\u0161l\u00e1pnut\u00fdm programem, kter\u00fd nab\u00eddne to nejlep\u0161\u00ed, co se na festivalu za deset let ud\u00e1lo. Na festivalu vystoup\u00ed kapely jako jsou slovensk\u00e9 \u017div\u00e9 kvety, Please the Trees, Kad\u00e9 chim nebo Byl pes. V\u00a0sobotu odpoledne [&hellip;]","protected":false},"author":97,"featured_media":29461,"comment_status":"closed","ping_status":"open","sticky":false,"template":"","format":"standard","meta":[],"categories":[34],"tags":[],"_links":{"self":[{"href":"https:\/\/www.praha7.cz\/api\/wp\/v2\/posts\/29459"}],"collection":[{"href":"https:\/\/www.praha7.cz\/api\/wp\/v2\/posts"}],"about":[{"href":"https:\/\/www.praha7.cz\/api\/wp\/v2\/types\/post"}],"author":[{"embeddable":true,"href":"https:\/\/www.praha7.cz\/api\/wp\/v2\/users\/97"}],"replies":[{"embeddable":true,"href":"https:\/\/www.praha7.cz\/api\/wp\/v2\/comments?post=29459"}],"version-history":[{"count":4,"href":"https:\/\/www.praha7.cz\/api\/wp\/v2\/posts\/29459\/revisions"}],"predecessor-version":[{"id":29465,"href":"https:\/\/www.praha7.cz\/api\/wp\/v2\/posts\/29459\/revisions\/29465"}],"wp:featuredmedia":[{"embeddable":true,"href":"https:\/\/www.praha7.cz\/api\/wp\/v2\/media\/29461"}],"wp:attachment":[{"href":"https:\/\/www.praha7.cz\/api\/wp\/v2\/media?parent=29459"}],"wp:term":[{"taxonomy":"category","embeddable":true,"href":"https:\/\/www.praha7.cz\/api\/wp\/v2\/categories?post=29459"},{"taxonomy":"post_tag","embeddable":true,"href":"https:\/\/www.praha7.cz\/api\/wp\/v2\/tags?post=29459"}],"curies":[{"name":"wp","href":"https:\/\/api.w.org\/{rel}","templated":true}]}}