    
{"id":29447,"date":"2019-09-29T10:38:06","date_gmt":"2019-09-29T08:38:06","guid":{"rendered":"https:\/\/www.praha7.cz\/?p=29447"},"modified":"2019-10-01T12:51:24","modified_gmt":"2019-10-01T10:51:24","slug":"den-architektury-na_sedmicce","status":"publish","type":"post","link":"https:\/\/www.praha7.cz\/den-architektury-na_sedmicce\/","title":{"rendered":"Den Architektury 2019 na Sedmi\u010dce"},"content":{"rendered":"<p>[perex]<\/p>\r\n<p>Den architektury zve ji\u017e po dev\u00e1t\u00e9 od 1.&nbsp;do 7.&nbsp;\u0159\u00edjna na prohl\u00eddky jindy nep\u0159\u00edstupn\u00fdch staveb, urbanistick\u00e9 proch\u00e1zky po zn\u00e1m\u00fdch i&nbsp;nezn\u00e1m\u00fdch m\u00edstech s\u00a0poutav\u00fdm v\u00fdkladem odborn\u00edk\u016f, workshopy, p\u0159edn\u00e1\u0161ky \u010di filmov\u00e9 projekce po cel\u00e9 republice. Hlavn\u00ed tematickou lini\u00ed leto\u0161n\u00edho ro\u010dn\u00edku je tzv. Svobodn\u00e1 architektura \u2013 stavby vznikl\u00e9 u&nbsp;n\u00e1s po roce 1989. U\u017e nyn\u00ed se m\u016f\u017eete v\u00a0hlavn\u00edm m\u011bst\u011b t\u011b\u0161it na pestrou paletu v\u00edce jak 80 akc\u00ed.<\/p>\r\n<p>[\/perex]<\/p>\r\n<h3>Akce v&nbsp;Praze 7<\/h3>\r\n<p><strong>\u00dater\u00fd 1. + \u010ctvrtek 3.&nbsp;\u0159\u00edjna<\/strong><\/p>\r\n<ul>\r\n\t<li><a href=\"https:\/\/www.denarchitektury.cz\/program\/praha-mezi-nebem-a-zemi\/\">Praha &#8211; mezi nebem a&nbsp;zem\u00ed<\/a>\u00a0<\/li>\r\n<\/ul>\r\n<p>Snili jste n\u011bkdy o&nbsp;tom, jak domem pror\u016fst\u00e1 strom? O&nbsp;dom\u011b pod vodou? O&nbsp;dom\u011b levituj\u00edc\u00edm ve vzduchu? Zkus\u00edme pomoc\u00ed kosti\u010dek LEGO\u00ae vytvo\u0159it stavby na vod\u011b i&nbsp;pod vodou, ve vzduchu i&nbsp;ve v\u011btv\u00edch. Inspirujeme se architekturou, kter\u00e1 reaguje i&nbsp;na extr\u00e9mn\u00ed enviroment\u00e1ln\u00ed podm\u00ednky.<\/p>\r\n<p>Workshop p\u0159ipravily lektorky N\u00e1rodn\u00ed galerie Praha Ida Mur\u00e1\u0148ov\u00e1, Kl\u00e1ra Hu\u0161kov\u00e1 Smyczkov\u00e1, Barbora \u0160kaloudov\u00e1 a&nbsp;Michaela Trpi\u0161ovsk\u00e1. Program vznikl v&nbsp;r\u00e1mci podpory my\u0161lenky #learningthroughplay (u\u010den\u00ed hrou) ve spolupr\u00e1ci se spole\u010dnost\u00ed LEGO. Nutn\u00e1 rezervace pro rodi\u010de s&nbsp;d\u011btmi (\u00fat a&nbsp;\u010dt 16.30) p\u0159es GoOut, pro z\u00e1kladn\u00ed \u0161koly (\u00fat a\u017e \u010dt 10:00, 12:30 a&nbsp;14:30) na emailu vzdelavani@ngprague.cz.<\/p>\r\n<p><strong>Sraz<\/strong>: \u00fat 1.10.&nbsp;a&nbsp;\u010dt 3.10., 10:00, 12:30 a&nbsp;14:30 (pro \u0161koly), 16.30 (pro ve\u0159ejnost), Veletr\u017en\u00ed pal\u00e1c,\u00a0u pokladen, Dukelsk\u00fdch Hrdin\u016f 47, P-7<\/p>\r\n<p><strong>Sobota 5.&nbsp;10.<\/strong><\/p>\r\n<ul>\r\n\t<li><a href=\"https:\/\/www.denarchitektury.cz\/program\/praha-vystaviste-v-case\/\">V\u00fdstavi\u0161t\u011b v\u00a0\u010dase<\/a>\u00a0<\/li>\r\n<\/ul>\r\n<p>Jak se na V\u00fdstavi\u0161ti setk\u00e1vaj\u00ed historick\u00e9 stavby s&nbsp;architekturou po roce 1989 se z\u00e1stupcem Institutu pl\u00e1nov\u00e1n\u00ed a&nbsp;rozvoje hl. m. Prahy. Jen m\u00e1lokter\u00e1 oblast v&nbsp;Praze nab\u00edz\u00ed na mal\u00e9m \u00fazem\u00ed p\u0159\u00edklady jednotliv\u00fdch dek\u00e1d. Jedn\u00edm z&nbsp;nich je pra\u017esk\u00e9 V\u00fdstavi\u0161t\u011b, kde se postavily r\u016fzn\u00e9 solit\u00e9rn\u00ed objekty od 19.&nbsp;stolet\u00ed a\u017e do konce 20.&nbsp;stolet\u00ed. Porevolu\u010dn\u00ed architekturu zastupuje nap\u0159. ji\u017e v&nbsp;roce 1991 postaven\u00fd amfite\u00e1tr kolem K\u0159i\u017e\u00edkovy font\u00e1ny, divadlo Spir\u00e1la, Pyramida a&nbsp;dal\u0161\u00ed.<\/p>\r\n<p><strong>Sraz<\/strong>: so 5.&nbsp;10., 10.00, p\u0159ed Pr\u016fmyslov\u00fdm pal\u00e1cem, P-7<\/p>\r\n<ul>\r\n\t<li><a href=\"https:\/\/www.denarchitektury.cz\/program\/praha-divadlo-3x-jinak\/\">Divadlo 3x jinak<\/a>\u00a0<\/li>\r\n<\/ul>\r\n<p>\u017delezn\u00e9, d\u0159ev\u011bn\u00e9 a&nbsp;sm\u00ed\u0161en\u00e9, t\u0159i v\u00fdznamn\u00e9 divadeln\u00ed stavby postaven\u00e9 po roce 1989 na Praze 7, p\u0159edstav\u00ed jejich auto\u0159i architekti Jind\u0159ich Smetana a&nbsp;Tom\u00e1\u0161 Kul\u00edk. Od \u201e\u017eelezn\u00e9ho fotoapar\u00e1tu\u201c Alfr\u00e9da ve dvo\u0159e (1997), kter\u00fd se nach\u00e1z\u00ed ve dvo\u0159e \u010din\u017eovn\u00edch dom\u016f p\u0159es ocelovou kruhovou Spir\u00e1lu (1991) s&nbsp;centr\u00e1ln\u00edm jevi\u0161t\u011bm, kter\u00e9 je obklopeno rampami a\u017e k&nbsp;ji\u017e neexistuj\u00edc\u00edmu shakesperovsk\u00e9mu divadlu Globe, kter\u00e9 bylo inspirovan\u00e9 renesan\u010dn\u00edm prostorem.<\/p>\r\n<p><strong>Sraz<\/strong>: so 5.10., 13.00, Franti\u0161ka K\u0159\u00ed\u017eka 495\/36, divadlo Alfr\u00e9d ve dvo\u0159e, P-7<\/p>\r\n<ul>\r\n\t<li><a href=\"https:\/\/www.denarchitektury.cz\/program\/praha-architektura-zoo\/\">Architektura ZOO<\/a><\/li>\r\n<\/ul>\r\n<p>Zoologick\u00e1 zahrada v&nbsp;Praze ukr\u00fdv\u00e1 krom\u011b ohro\u017een\u00fdch druh\u016f i&nbsp;sou\u010dasnou architekturu jednotliv\u00fdch expozic, v&nbsp;kter\u00fdch se propojuje krajin\u00e1\u0159sk\u00e9 \u0159e\u0161en\u00ed s&nbsp;v\u00fdstavnictv\u00edm i&nbsp;soudob\u00e9 architektonick\u00e9 trendy. S&nbsp;pr\u016fvodcem architektem Pavlem Ullmannem. Omezen\u00e1 kapacita. Nutn\u00e1 rezervace od 29.&nbsp;9.&nbsp;na GoOut.cz.<\/p>\r\n<p><strong>Sraz<\/strong>: so 5.10., 14.00, p\u0159ed hlavn\u00edm vstupem do Zoo Praha, P-8<\/p>\r\n<ul>\r\n\t<li><a href=\"https:\/\/www.denarchitektury.cz\/program\/praha-skrznaskrz-doxem\/\">Skrznaskrz DOXem<\/a><\/li>\r\n<\/ul>\r\n<p>Centrum DOX nen\u00ed jenom galerie. Roz\u0161\u00ed\u0159ilo se o&nbsp;d\u0159ev\u011bnou nadstavbu ve tvaru vzducholod\u011b nebo o&nbsp;multifunk\u010dn\u00ed s\u00e1l p\u0159ipom\u00ednaj\u00edc\u00ed seda\u010dku \u201eChesterfield\u201c. Netradi\u010dn\u00ed prohl\u00eddka nab\u00eddne zaj\u00edmav\u00e9 pohledy na cel\u00fd komplex Centra DOX, vzducholo\u010f Gulliver a&nbsp;multifunk\u010dn\u00ed s\u00e1l DOX+.<\/p>\r\n<p><strong>Sraz<\/strong>: so 5.10., 15.00 a&nbsp;17.00, Centrum DOX, Poup\u011btova 1, P-7<\/p>\r\n<p>Cel\u00fd program najdete na <a href=\"https:\/\/www.denarchitektury.cz\">denarchitektury.cz<\/a>. Rezervace p\u0159es <a href=\"https:\/\/goout.net\/cs\/jine-akce\/den-architektury-2019-praha\/imwoe\/+bxmdn\/\">GoOut.cz<\/a>.<\/p>","protected":false},"excerpt":{"rendered":"[perex] Den architektury zve ji\u017e po dev\u00e1t\u00e9 od 1.&nbsp;do 7.&nbsp;\u0159\u00edjna na prohl\u00eddky jindy nep\u0159\u00edstupn\u00fdch staveb, urbanistick\u00e9 proch\u00e1zky po zn\u00e1m\u00fdch i&nbsp;nezn\u00e1m\u00fdch m\u00edstech s\u00a0poutav\u00fdm v\u00fdkladem odborn\u00edk\u016f, workshopy, p\u0159edn\u00e1\u0161ky \u010di filmov\u00e9 projekce po cel\u00e9 republice. Hlavn\u00ed tematickou lini\u00ed leto\u0161n\u00edho ro\u010dn\u00edku je tzv. Svobodn\u00e1 architektura \u2013 stavby vznikl\u00e9 u&nbsp;n\u00e1s po roce 1989. U\u017e nyn\u00ed se m\u016f\u017eete v\u00a0hlavn\u00edm m\u011bst\u011b t\u011b\u0161it [&hellip;]","protected":false},"author":97,"featured_media":29448,"comment_status":"closed","ping_status":"open","sticky":false,"template":"","format":"standard","meta":[],"categories":[34],"tags":[],"_links":{"self":[{"href":"https:\/\/www.praha7.cz\/api\/wp\/v2\/posts\/29447"}],"collection":[{"href":"https:\/\/www.praha7.cz\/api\/wp\/v2\/posts"}],"about":[{"href":"https:\/\/www.praha7.cz\/api\/wp\/v2\/types\/post"}],"author":[{"embeddable":true,"href":"https:\/\/www.praha7.cz\/api\/wp\/v2\/users\/97"}],"replies":[{"embeddable":true,"href":"https:\/\/www.praha7.cz\/api\/wp\/v2\/comments?post=29447"}],"version-history":[{"count":3,"href":"https:\/\/www.praha7.cz\/api\/wp\/v2\/posts\/29447\/revisions"}],"predecessor-version":[{"id":29451,"href":"https:\/\/www.praha7.cz\/api\/wp\/v2\/posts\/29447\/revisions\/29451"}],"wp:featuredmedia":[{"embeddable":true,"href":"https:\/\/www.praha7.cz\/api\/wp\/v2\/media\/29448"}],"wp:attachment":[{"href":"https:\/\/www.praha7.cz\/api\/wp\/v2\/media?parent=29447"}],"wp:term":[{"taxonomy":"category","embeddable":true,"href":"https:\/\/www.praha7.cz\/api\/wp\/v2\/categories?post=29447"},{"taxonomy":"post_tag","embeddable":true,"href":"https:\/\/www.praha7.cz\/api\/wp\/v2\/tags?post=29447"}],"curies":[{"name":"wp","href":"https:\/\/api.w.org\/{rel}","templated":true}]}}