    
{"id":29377,"date":"2019-09-03T15:27:16","date_gmt":"2019-09-03T13:27:16","guid":{"rendered":"https:\/\/www.praha7.cz\/?p=29377"},"modified":"2019-09-11T17:47:10","modified_gmt":"2019-09-11T15:47:10","slug":"uzitecne-aplikace","status":"publish","type":"post","link":"https:\/\/www.praha7.cz\/uzitecne-aplikace\/","title":{"rendered":"U\u017eite\u010dn\u00e9 aplikace"},"content":{"rendered":"<p>[perex]<\/p>\r\n<p>Mobiln\u00ed telefony u\u017e d\u00e1vno neslou\u017e\u00ed jen k\u00a0tomu, abychom sly\u0161eli hlas n\u011bkoho, kdo je od n\u00e1s stovky i\u00a0tis\u00edce kilometr\u016f daleko. Prom\u011bnily se v\u00a0mnohem v\u00edc. Najdou n\u00e1m nejbli\u017e\u0161\u00ed spoj MHD, p\u0159ipom\u00ednaj\u00ed n\u00e1m narozeniny na\u0161ich p\u0159\u00e1tel i\u00a0rodiny a\u00a0pom\u00e1haj\u00ed zachra\u0148ovat a\u00a0zkvalit\u0148ovat \u017eivoty n\u00e1s v\u0161ech.<\/p>\r\n<p>[\/perex]<\/p>\r\n<p>Radnice Prahy&nbsp;7 se dlouhodob\u011b sna\u017e\u00ed podporovat p\u00e9\u010di o\u00a0zraniteln\u00e9 spoluob\u010dany \u2013 a\u0165 u\u017e to jsou senio\u0159i, dlouhodob\u011b nemocn\u00ed, \u010di pe\u010duj\u00edc\u00ed. I\u00a0proto m\u011bstsk\u00e1 \u010d\u00e1st v\u00a0\u0159\u00edjnu v\u00a0prostor\u00e1ch Polikliniky Prahy&nbsp;7 otev\u0159e prvn\u00ed komplexn\u00ed uk\u00e1zku kompenza\u010dn\u00edch a\u00a0rehabilita\u010dn\u00edch pom\u016fcek, kter\u00e9 mohou pomoci p\u0159i \u0159e\u0161en\u00ed slo\u017eit\u00fdch \u017eivotn\u00edch situac\u00ed. A\u00a0technologie nebudou samoz\u0159ejm\u011b chyb\u011bt. Jednou z\u00a0organizac\u00ed, je\u017e se v\u00fdvoji a\u00a0podpo\u0159e inovativn\u00edch \u0159e\u0161en\u00ed v\u011bnuj\u00ed, je i\u00a0<a href=\"https:\/\/www.nadacevodafone.cz\/\">Nadace Vodafone<\/a>. Ta na \u010desk\u00fd trh uvedla u\u017e \u0159adu u\u017eite\u010dn\u00fdch aplikac\u00ed, kter\u00e9 jsou ji\u017e nyn\u00ed voln\u011b ke sta\u017een\u00ed a\u00a0vyu\u017eit\u00ed. Spole\u010dn\u011b jsme pro v\u00e1s sestavili jejich malou ochutn\u00e1vku. Na mnoho dal\u0161\u00edho se m\u016f\u017eete u\u017e brzy t\u011b\u0161it v\u00a0showroomu na Poliklinice Prahy&nbsp;7.<\/p>\r\n<hr \/>\r\n<p><strong>Z\u00e1chranka v\u00a0mobilu<\/strong><br \/>\r\nP\u0159ipojte se k\u00a0milionu u\u017eivatel\u016f mobiln\u00ed aplikace <a href=\"https:\/\/www.zachrankaapp.cz\/\">Z\u00e1chranka<\/a> a\u00a0pomoc budete m\u00edt v\u017edy p\u0159i ruce. Sta\u010d\u00ed na t\u0159i vte\u0159iny stisknout tla\u010d\u00edtko v\u00a0aplikaci a\u00a0z\u00e1chran\u00e1\u0159i ihned v\u011bd\u00ed, kdo a\u00a0odkud vol\u00e1. Zdravotn\u00edci o\u00a0n\u00ed mluv\u00ed jako o\u00a0nejv\u011bt\u0161\u00ed revoluci od spu\u0161t\u011bn\u00ed linky 155. Hlavn\u00ed v\u00fdhodou je toti\u017e \u00faspora \u010dasu p\u0159i lokalizaci dan\u00e9ho volaj\u00edc\u00edho a\u00a0tedy i\u00a0m\u00edsta pro vysl\u00e1n\u00ed vozidla z\u00e1chrann\u00e9 slu\u017eby.<\/p>\r\n<p>Nav\u00edc v\u00a0aplikaci najdete i\u00a0seznam l\u00e9k\u00e1ren, pohotovost\u00ed \u010di nemocnic, d\u00e1le pak n\u00e1vod na poskytnut\u00ed prvn\u00ed pomoci nebo stanice horsk\u00e9 \u010di vodn\u00ed z\u00e1chrann\u00e9 slu\u017eby. Rovn\u011b\u017e v\u00e1s aplikace jist\u00ed i\u00a0v\u00a0dal\u0161\u00edch zem\u00edch \u2013 v\u00a0Rakousku, na slovensk\u00fdch hor\u00e1ch a\u00a0brzy taky v\u00a0Ma\u010farsku. Letos na ja\u0159e spustila aplikace Z\u00e1chranka ve spolupr\u00e1ci s\u00a0hlavn\u00edm m\u011bstem Prahou syst\u00e9m rychl\u00e9ho varov\u00e1n\u00ed ob\u010dan\u016f. Pokud by tedy do\u0161lo k\u00a0n\u011bjak\u00e9 nebezpe\u010dn\u00e9 ud\u00e1losti \u2013 t\u0159eba hrozily povodn\u011b nebo byl zv\u00fd\u0161en\u00fd pod\u00edl zplodin v\u00a0ovzdu\u0161\u00ed, aplikace v\u00e1s o\u00a0tom bude informovat.<br \/>\r\n<br \/>\r\n<strong>AfaSlovn\u00edk pomocn\u00edk v\u00a0n\u00e1vratu po mrtvici<br \/>\r\n<\/strong>Neschopnost ch\u016fze, povisl\u00fd koutek \u00fast, probl\u00e9my s\u00a0\u0159e\u010d\u00ed a\u00a0porozum\u011bn\u00edm, neschopnost zdvihnout ob\u011b ruce nad hlavu \u010di n\u00e1hl\u00e1 \u00faporn\u00e1 bolest hlavy \u2013 to jsou nej\u010dast\u011bj\u0161\u00ed p\u0159\u00edznaky p\u0159ich\u00e1zej\u00edc\u00ed mozkov\u00e9 mrtvice, kter\u00e1 je druhou nej\u010dast\u011bj\u0161\u00ed p\u0159\u00ed\u010dinou \u00famrt\u00ed v\u00a0\u010cesku. Varovn\u00e9 sign\u00e1ly nen\u00ed radno podce\u0148ovat, pokud se objev\u00ed n\u00e1hle. Stejn\u011b d\u016fle\u017eit\u00e1 je ale i\u00a0n\u00e1sledn\u00e1 rehabilitace a\u00a0obnoven\u00ed \u0159e\u010di. S\u00a0t\u00edm pacient\u016fm a\u00a0logoped\u016fm, zat\u00edm v\u00a0testovac\u00ed verzi, nov\u011b pom\u00e1h\u00e1 digit\u00e1ln\u00ed <a href=\"https:\/\/www.afaslovnik.cz\/\">AfaSlovn\u00edk<\/a>. Funguje jako dopln\u011bk k\u00a0logopedick\u00e9 terapii a\u00a0umo\u017en\u00ed pacient\u016fm tr\u00e9novat i\u00a0doma a\u00a0intenzivn\u011bji. Logopedi aplikaci nav\u00edc mohou ka\u017ed\u00e9mu pacientovi p\u0159izp\u016fsobit na m\u00edru.<br \/>\r\n<br \/>\r\n<strong>Bright Sky CZ pro ob\u011bti dom\u00e1c\u00edho n\u00e1sil\u00ed<\/strong><br \/>\r\nV\u011bd\u011bli jste, \u017ee podle statistik je ozn\u00e1meno jenom 8 procent v\u0161ech p\u0159\u00edpad\u016f dom\u00e1c\u00edho n\u00e1sil\u00ed? Drtiv\u00e1 v\u011bt\u0161ina ob\u011bt\u00ed sv\u00e9 tr\u00e1pen\u00ed taj\u00ed,\u00a0n\u011bkdy i\u00a0dlouh\u00e9 roky. A\u00a0jejich okol\u00ed \u010dasto v\u016fbec nic netu\u0161\u00ed. Pr\u00e1v\u011b proto vznikla v\u00a0Brit\u00e1nii aplikace Bright Sky, kterou vymyslel tamn\u00ed policista ve spolupr\u00e1ci s\u00a0organizac\u00ed, je\u017e ob\u011btem n\u00e1sil\u00ed pom\u00e1h\u00e1. <a href=\"https:\/\/www.nadacevodafone.cz\/novinky\/obetem-domaciho-nasili-pomuze-mobilni-aplikace.html\">Te\u010f tato aplikace p\u0159ich\u00e1z\u00ed i\u00a0do \u010ceska<\/a>. Nab\u00eddne jednoduch\u00fd dotazn\u00edk pro ov\u011b\u0159en\u00ed m\u00edry nebezpe\u010d\u00ed, kter\u00e9 hroz\u00ed v\u00e1m nebo n\u011bkomu, o\u00a0koho m\u00e1te obavy. D\u00e1le pak obsahuje p\u0159\u00edklady dom\u00e1c\u00edho n\u00e1sil\u00ed, kontakty na nejbli\u017e\u0161\u00ed centra pomoci, mo\u017enost zaznamen\u00e1vat si n\u00e1siln\u00e9 incidenty nebo konkr\u00e9tn\u00ed rady, na co nezapomenout, pokud se ob\u011bti rozhodnu z\u00a0n\u00e1siln\u00e9ho vztahu odej\u00edt. Aplikace pln\u011b odpov\u00edd\u00e1 \u010desk\u00e9mu prost\u0159ed\u00ed, spolupracovala na n\u00ed nejen Policie \u010cR a\u00a0Ministerstvo vnitra, ale celou adaptaci koordinovala organizace ROSA, kter\u00e1 ob\u011btem dom\u00e1c\u00edho n\u00e1sil\u00ed pom\u00e1h\u00e1 u\u017e p\u0159es 25 let.<br \/>\r\n\u00a0<br \/>\r\n<strong>VozejkMap<\/strong><br \/>\r\n<a href=\"https:\/\/www.vozejkmap.cz\/\">VozejkMap<\/a> nab\u00edz\u00ed mapu, navigaci a\u00a0informace o\u00a0bezbari\u00e9rov\u00fdch m\u00edstech v\u00a0cel\u00e9m \u010cesku i\u00a0v\u00a0zahrani\u010d\u00ed. M\u00edsta v\u00a0datab\u00e1zi jsou vkl\u00e1d\u00e1na a\u00a0ov\u011b\u0159ov\u00e1na samotn\u00fdmi u\u017eivateli a\u00a0do projektu jsou zapojeny tak\u00e9 region\u00e1ln\u00ed instituce a\u00a0port\u00e1ly. Bezbari\u00e9rov\u00fdm m\u00edstem se rozum\u00ed objekt, kter\u00fd je bez schod\u016f nebo je dopln\u011bn jin\u00fdm za\u0159\u00edzen\u00edm, jako je nap\u0159\u00edklad v\u00fdtah, a\u00a0m\u00e1 bezbari\u00e9rov\u00e9 WC. Aplikace aktu\u00e1ln\u011b obsahuje 12&nbsp;500 m\u00edst a\u00a0neust\u00e1le se rozr\u016fst\u00e1. Projekt provozuje \u010cesk\u00e1 asociace paraplegik\u016f (CZEPA) a\u00a0jej\u00edm administr\u00e1torem je s\u00e1m voz\u00ed\u010dk\u00e1\u0159. Bezbari\u00e9rov\u00e1 m\u00edsta si m\u016f\u017eete prohl\u00e9dnout bu\u010f na po\u010d\u00edta\u010di, nebo p\u0159\u00edmo v\u00a0mobiln\u00ed aplikaci VozejkMap.<br \/>\r\n<br \/>\r\n<strong>Znakujte s\u00a0Tamtamem<\/strong><br \/>\r\nMobiln\u00ed aplikace <a href=\"http:\/\/www.detskysluch.cz\/pomucky\/aplikace-znakujte-s-nami\">Znakujte s\u00a0Tamtamem<\/a> m\u00e1 za c\u00edl podpo\u0159it komunikaci mezi rodi\u010di a\u00a0jejich mal\u00fdmi d\u011btmi (nejen) se sluchov\u00fdm posti\u017een\u00edm. Za obsahem stoj\u00ed Centrum pro d\u011btsk\u00fd sluch Tamtam, proto aplikace nab\u00edz\u00ed p\u0159es 1500 pojm\u016f, p\u0159edev\u0161\u00edm pro komunikaci rodi\u010d\u016f s\u00a0d\u011btmi, kter\u00e9 v\u0161ak p\u0159ijdou \u010dasto vhod i\u00a0ostatn\u00edm. Skl\u00e1d\u00e1 se ze t\u0159\u00ed \u010d\u00e1st\u00ed: slovn\u00edku, v\u00fdukov\u00e9 sekce a\u00a0kv\u00edz\u016f, v\u00a0nich\u017e si mohou u\u017eivatel\u00e9 procvi\u010dit nabyt\u00e9 znalosti.<br \/>\r\n\u00a0<br \/>\r\n<strong>Deaf Travel pro nesly\u0161\u00edc\u00ed dobrodruhy<br \/>\r\n<\/strong>Cestovatelsk\u00fd pr\u016fvodce pro nesly\u0161\u00edc\u00ed <a href=\"https:\/\/deaftravel.guide\/\">Deaf Travel<\/a> reaguje na absenci informac\u00ed ve znakov\u00e9m jazyce na turistick\u00fdch m\u00edstech. Nesly\u0161\u00edc\u00ed si mohou na map\u011b vide\u00ed jednodu\u0161e naj\u00edt a\u00a0pustit v\u00fdklad. \u201eR\u00e1di cestujeme, nem\u016f\u017eeme v\u0161ak vyu\u017e\u00edt pr\u016fvodcovsk\u00fdch slu\u017eeb v\u0161ude, kam p\u0159ijedeme, jeliko\u017e jsou v\u00a0mluven\u00e9m jazyce. Ob\u010das n\u00e1m nab\u00eddnou n\u011bjak\u00fd let\u00e1k, ale v\u00a0n\u011bm nejsou informace odpov\u00eddaj\u00edc\u00ed plnohodnotn\u00e9mu v\u00fdkladu pr\u016fvodce,\u201c vysv\u011btluje p\u016fvod my\u0161lenky nesly\u0161\u00edc\u00ed cestovatel Jan Wirth, kter\u00fd platformu d\u00edky vyu\u017eit\u00ed mezin\u00e1rodn\u00edho znakov\u00e9ho syst\u00e9mu a\u00a0angli\u010dtin\u011b zp\u0159\u00edstupnil i\u00a0zahrani\u010dn\u00edm nesly\u0161\u00edc\u00edm. Videa nesly\u0161\u00edc\u00edch cestovatel\u016f, kte\u0159\u00ed p\u0159edstavuj\u00ed jednotliv\u00e9 pam\u00e1tky, najdete na webov\u00fdch str\u00e1nk\u00e1ch, do budoucna p\u0159ibude i\u00a0mobiln\u00ed aplikace.<br \/>\r\n<br \/>\r\n<strong>Adiquit a\u00a0aplikace \u00dasm\u011bvy<\/strong><br \/>\r\nV\u00a0\u010cesku kou\u0159\u00ed v\u00edce ne\u017e 2 miliony lid\u00ed, co\u017e je 25&nbsp;% dosp\u011bl\u00e9 populace. A\u017e 70&nbsp;% ku\u0159\u00e1k\u016f by se p\u0159itom sv\u00e9 z\u00e1vislosti r\u00e1do zbavilo. T\u00e9m\u011b\u0159 t\u0159etina se o\u00a0to alespo\u0148 jednou\u00a0<br \/>\r\nza rok pokus\u00ed. Statistiky ale ukazuj\u00ed, \u017ee pokud se ku\u0159\u00e1k na cestu odvyk\u00e1n\u00ed vyd\u00e1 s\u00e1m, povede se mu to jen p\u0159ibli\u017en\u011b\u00a0v\u00a05&nbsp;% p\u0159\u00edpad\u016f. P\u0159i odvyk\u00e1n\u00ed je toti\u017e kl\u00ed\u010dov\u00e1 p\u0159\u00edprava a\u00a0odborn\u00e1 podpora. A\u00a0pr\u00e1v\u011b tyto dv\u011b v\u011bci nab\u00edz\u00ed aplikace <a href=\"https:\/\/www.adiquit.cz\/\">Adiquit<\/a>, kter\u00e1 vze\u0161la z\u00a0inkub\u00e1toru Laborato\u0159 Nadace Vodafone. Stoj\u00ed za n\u00ed t\u00fdm adiktolog\u016f a\u00a0ku\u0159\u00e1k\u016fm pom\u00e1h\u00e1 pr\u00e1v\u011b v\u00a0tom, \u017ee je na\u00a0 den D p\u0159ipravuje a\u00a0pak je po n\u00e1sleduj\u00edc\u00ed dva m\u011bs\u00edce dennodenn\u011b prov\u00e1z\u00ed. Krom\u011b kou\u0159en\u00ed je roz\u0161\u00ed\u0159en\u00e1 tak\u00e9 z\u00e1vislost na alkoholu. Ve stejn\u00e9m inkuba\u010dn\u00edm programu Laborato\u0159 pr\u00e1v\u011b te\u010f vznik\u00e1 aplikace \u00dasm\u011bvy, za kterou stoj\u00ed t\u00fdm re\u017eis\u00e9ra filmu \u00dasm\u011bvy smutn\u00fdch mu\u017e\u016f Daniela Sv\u00e1tka. C\u00edlem je pomoci nejen t\u011bm, kte\u0159\u00ed odejdou z\u00a0protialkoholn\u00ed l\u00e9\u010debny a\u00a0prvn\u00ed dny jsou pro n\u011b velmi t\u011b\u017ek\u00e9, ale i\u00a0jejich \u0161irok\u00e9mu okol\u00ed.<\/p>\r\n<p><strong>Naviterier navigace pro nevidom\u00e9<br \/>\r\n<\/strong><a href=\"https:\/\/naviterier.cz\/\">Naviterier<\/a> je mobiln\u00ed aplikace, kter\u00e1 pom\u00e1h\u00e1 navigovat nevidom\u00e9 a\u00a0vznikla na z\u00e1klad\u011b v\u00edce ne\u017e desetilet\u00e9ho v\u00fdzkumu na \u010cVUT Praha. Nevidom\u00fdm d\u00edky p\u0159esn\u00e9mu popisu trasy, kter\u00fd uv\u00e1d\u00ed nap\u0159\u00edklad p\u0159echody pro chodce nebo sm\u011br dopravy, pom\u00e1h\u00e1 zv\u00fd\u0161it svobodu p\u0159i pohybu po m\u011bst\u011b. U\u017eivatel se jednodu\u0161e dozv\u00ed, odkud pojede auto, kde je dla\u017eba a\u00a0ko\u010di\u010d\u00ed hlavy nebo to, jak\u00fd tvar m\u00e1 roh, za kter\u00fd chodec m\u00ed\u0159\u00ed. Aplikace nevidom\u00fdm umo\u017e\u0148uje spont\u00e1nn\u011b a\u00a0zcela samostatn\u011b se kdykoliv vydat na m\u00edsto, kde je\u0161t\u011b nebyli.<br \/>\r\n<br \/>\r\n<strong>CF Hero pro mlad\u00e9 hrdiny, kte\u0159\u00ed bojuj\u00ed s\u00a0cystickou fibr\u00f3zou<\/strong><br \/>\r\nCystick\u00e1 fibr\u00f3za je z\u00e1va\u017en\u00e9 genetick\u00e9 onemocn\u011bn\u00ed, kter\u00e9 postihuje hlavn\u011b pl\u00edce. Postupn\u011b je po\u0161kozuje a\u017e do jejich \u00fapln\u00e9ho selh\u00e1n\u00ed. Mlad\u00ed pacienti s\u00a0touto nemoc\u00ed bohu\u017eel nemaj\u00ed v\u017edy spr\u00e1vn\u00e9 informace o\u00a0sv\u00e9 nemoci \u010di o\u00a0tom, jak s\u00a0n\u00ed \u00fa\u010dinn\u011b bojovat. Kv\u016fli snadn\u00e9mu p\u0159enosu bakteri\u00ed se nav\u00edc mezi sebou nemohou potk\u00e1vat. \u010casto si nemoc necht\u011bj\u00ed ani p\u0159ipustit. A\u00a0p\u0159esto\u017ee inhalaci l\u00e9k\u016f a\u00a0\u010di\u0161t\u011bn\u00ed d\u00fdchac\u00edch cest musej\u00ed prov\u00e1d\u011bt 2\u20135\u00d7 denn\u011b, a\u00a0to po dobu n\u011bkolika des\u00edtek minut a\u017e hodin v\u00a0z\u00e1vislosti na sv\u00e9m zdravotn\u00edm stavu, nen\u00ed lehk\u00e9 je pro to v\u017edy motivovat a\u00a0l\u00e9\u010dbu dodr\u017eet. Aplikace <a href=\"https:\/\/www.bezdechu.cz\/\">CF Hero<\/a> prom\u011bn\u00ed jejich ka\u017edodenn\u00ed inhalace v\u00a0z\u00e1bavnou hru, a\u00a0t\u00edm jim pom\u016f\u017ee jejich ka\u017edodenn\u00ed rutinu odleh\u010dit. S\u00a0n\u00e1padem na technologick\u00e9 \u0159e\u0161en\u00ed p\u0159i\u0161el p\u0159ed t\u0159emi lety Marek Voseck\u00fd \u2013 otec, kter\u00e9mu se narodila dcera s\u00a0touto diagn\u00f3zou.<\/p>\r\n<hr \/>\r\n<p><strong>M\u00e1te n\u011bjak\u00e9 podn\u011bty \u010di dotazy?<\/strong><br \/>\r\nKontaktujte koordin\u00e1torku projektu showroomu Veroniku Jeriovou, email:<a href=\"mailto:jeriovav@Praha7.cz\"> jeriovav@Praha7.cz<\/a>, tel.: 775&nbsp;664&nbsp;660<\/p>\r\n<hr \/>\r\n<p><strong>Chyb\u00ed v\u00e1m na trhu n\u011bjak\u00e1 u\u017eite\u010dn\u00e1 aplikace?<br \/>\r\n<\/strong><a href=\"https:\/\/www.nadacevodafone.cz\/\">Nadace Vodafone<\/a> \u010cesk\u00e1 republika pat\u0159\u00ed k\u00a0v\u00fdznamn\u00fdm podporovatel\u016fm technologick\u00fdch projekt\u016f se soci\u00e1ln\u00edm dopadem ve st\u0159edn\u00ed Evrop\u011b. Podporuje startupov\u00e9 ve\u0159ejn\u011b prosp\u011b\u0161n\u00e9 organizace a\u00a0rozv\u00edj\u00ed zejm\u00e9na ekosyst\u00e9m soci\u00e1ln\u00edch inovac\u00ed, kter\u00e9 \u0159e\u0161\u00ed nal\u00e9hav\u00e9 spole\u010densk\u00e9 probl\u00e9my s\u00a0vyu\u017eit\u00edm informa\u010dn\u00edch a\u00a0komunika\u010dn\u00edch technologi\u00ed, t\u0159eba pr\u00e1v\u011b mobiln\u00edch aplikac\u00ed. Od sv\u00e9ho vzniku v\u00a0roce 2006 rozd\u011blila p\u0159es 200 milion\u016f korun a\u00a0podpo\u0159ila t\u00edm p\u0159es 500 projekt\u016f, mimo jin\u00e9 zam\u011b\u0159en\u00fdch na lidi se specifick\u00fdmi pot\u0159ebami, zdrav\u00ed obyvatel \u010di vzd\u011bl\u00e1v\u00e1n\u00ed. M\u00e1te taky n\u00e1pad na technologickou inovaci? Nev\u00e1hejte n\u00e1m napsat na\u00a0<a href=\"mailto:nadace@vodafone.com\">nadace@vodafone.com<\/a>, <a href=\"http:\/\/www.nadacevodafone.cz\">www.nadacevodafone.cz<\/a><\/p>","protected":false},"excerpt":{"rendered":"[perex] Mobiln\u00ed telefony u\u017e d\u00e1vno neslou\u017e\u00ed jen k\u00a0tomu, abychom sly\u0161eli hlas n\u011bkoho, kdo je od n\u00e1s stovky i\u00a0tis\u00edce kilometr\u016f daleko. Prom\u011bnily se v\u00a0mnohem v\u00edc. Najdou n\u00e1m nejbli\u017e\u0161\u00ed spoj MHD, p\u0159ipom\u00ednaj\u00ed n\u00e1m narozeniny na\u0161ich p\u0159\u00e1tel i\u00a0rodiny a\u00a0pom\u00e1haj\u00ed zachra\u0148ovat a\u00a0zkvalit\u0148ovat \u017eivoty n\u00e1s v\u0161ech. [\/perex] Radnice Prahy&nbsp;7 se dlouhodob\u011b sna\u017e\u00ed podporovat p\u00e9\u010di o\u00a0zraniteln\u00e9 spoluob\u010dany \u2013 a\u0165 u\u017e to [&hellip;]","protected":false},"author":76,"featured_media":29383,"comment_status":"closed","ping_status":"open","sticky":false,"template":"","format":"standard","meta":[],"categories":[37],"tags":[],"_links":{"self":[{"href":"https:\/\/www.praha7.cz\/api\/wp\/v2\/posts\/29377"}],"collection":[{"href":"https:\/\/www.praha7.cz\/api\/wp\/v2\/posts"}],"about":[{"href":"https:\/\/www.praha7.cz\/api\/wp\/v2\/types\/post"}],"author":[{"embeddable":true,"href":"https:\/\/www.praha7.cz\/api\/wp\/v2\/users\/76"}],"replies":[{"embeddable":true,"href":"https:\/\/www.praha7.cz\/api\/wp\/v2\/comments?post=29377"}],"version-history":[{"count":5,"href":"https:\/\/www.praha7.cz\/api\/wp\/v2\/posts\/29377\/revisions"}],"predecessor-version":[{"id":29614,"href":"https:\/\/www.praha7.cz\/api\/wp\/v2\/posts\/29377\/revisions\/29614"}],"wp:featuredmedia":[{"embeddable":true,"href":"https:\/\/www.praha7.cz\/api\/wp\/v2\/media\/29383"}],"wp:attachment":[{"href":"https:\/\/www.praha7.cz\/api\/wp\/v2\/media?parent=29377"}],"wp:term":[{"taxonomy":"category","embeddable":true,"href":"https:\/\/www.praha7.cz\/api\/wp\/v2\/categories?post=29377"},{"taxonomy":"post_tag","embeddable":true,"href":"https:\/\/www.praha7.cz\/api\/wp\/v2\/tags?post=29377"}],"curies":[{"name":"wp","href":"https:\/\/api.w.org\/{rel}","templated":true}]}}