    
{"id":29310,"date":"2019-09-03T13:48:32","date_gmt":"2019-09-03T11:48:32","guid":{"rendered":"https:\/\/www.praha7.cz\/?p=29310"},"modified":"2019-09-11T17:46:28","modified_gmt":"2019-09-11T15:46:28","slug":"po-stopach-akademie","status":"publish","type":"post","link":"https:\/\/www.praha7.cz\/po-stopach-akademie\/","title":{"rendered":"Po stop\u00e1ch akademie"},"content":{"rendered":"<p>[perex]<\/p>\r\n<p>Kamenick\u00e1, Keramick\u00e1, Mal\u00ed\u0159sk\u00e1, Socha\u0159sk\u00e1 a\u00a0Um\u011bleck\u00e1 \u2013 kultu\u0159e a\u00a0um\u011bn\u00ed na Sedmi\u010dce se dlouhodob\u011b da\u0159\u00ed, co\u017e jasn\u011b symbolizuj\u00ed nejen n\u00e1zvy t\u011bchto ulic. Je velmi pravd\u011bpodobn\u00e9, \u017ee za kulturn\u00ed rozvoj vd\u011b\u010d\u00ed na\u0161e \u010dtvr\u0165 Akademii v\u00fdtvarn\u00fdch um\u011bn\u00ed v\u00a0Praze (<a href=\"https:\/\/www.avu.cz\/\">AVU<\/a>). Ta si letos p\u0159ipom\u00edn\u00e1 220 let od sv\u00e9ho zalo\u017een\u00ed a\u00a0od \u0159\u00edjna do prosince prom\u011bn\u00ed Sedmi\u010dku v\u00a0m\u00edsto narozeninov\u00fdch oslav. Ne\u017e ale zapo\u010dnou, poj\u010fme se pod\u00edvat na p\u00e1r zaj\u00edmavost\u00ed a\u00a0skute\u010dnost\u00ed, kter\u00e9 jste o\u00a0akademii mo\u017en\u00e1 nev\u011bd\u011bli.<\/p>\r\n<p>[\/perex]<\/p>\r\n<p>AVU je nejstar\u0161\u00ed um\u011bleck\u00e1 \u0161kola v\u00a0\u010desk\u00fdch zem\u00edch a\u00a0vznikla p\u016fvodn\u011b jako kresl\u00ed\u0159sk\u00e1 akademie 10.\u00a0z\u00e1\u0159\u00ed\u00a01799 na z\u00e1klad\u011b dekretu c\u00edsa\u0159e Franti\u0161ka\u00a0I. Svoji \u010dinnost zah\u00e1jila n\u00e1sleduj\u00edc\u00edho roku v\u00a0prostor\u00e1ch b\u00fdval\u00e9 jezuitsk\u00e9 koleje Klementina, a\u00a0ne\u017e natrvalo p\u0159es\u00eddlila do sousedstv\u00ed Stromovky, uplynulo v\u00edce ne\u017e sto let (p\u0159esn\u011b 104 let). V\u00a0mezi\u010dase vyst\u0159\u00eddala celou \u0159adu adres \u2013 na\u010das fungovala v\u00a0dne\u0161n\u00ed budov\u011b Vysok\u00e9 \u0161koly um\u011bleckopr\u016fmyslov\u00e9 a\u00a0n\u00e1sledn\u011b pak v\u00a0are\u00e1lu Star\u00e9ho v\u00fdstavi\u0161t\u011b (dnes Modern\u00ed galerie AVU). P\u016fvodn\u011b m\u011blo s\u00eddlo akademie vzniknout na parcele v\u00a0Rajsk\u00e9 zahrad\u011b na \u017di\u017ekov\u011b, ale architekt a\u00a0mecen\u00e1\u0161 Josef Hl\u00e1vka, kter\u00fd vymohl reformu \u0161koly a\u00a0pozd\u011bji i\u00a0jej\u00ed zest\u00e1tn\u011bn\u00ed, toto m\u00edsto odm\u00edtl a\u00a0prosadil pozemek ve Stromovce. \u0160kola, jej\u00ed\u017e v\u00fdstavba byla dokon\u010dena v\u00a0roce 1903, se z\u00e1rove\u0148 stala prvn\u00ed stavbou realizovanou v\u00a0t\u00e9to \u010d\u00e1sti Buben\u010de.<\/p>\r\n<p><a href=\"https:\/\/www.praha7.cz\/po-stopach-akademie\/sms-73\/\" rel=\"attachment wp-att-29320\"><img loading=\"lazy\" src=\"https:\/\/www.praha7.cz\/wp-content\/uploads\/2019\/09\/SMS-73-533x400.jpg\" alt=\"\" width=\"533\" height=\"400\" class=\"alignnone wp-image-29320 size-medium\" srcset=\"https:\/\/www.praha7.cz\/wp-content\/uploads\/2019\/09\/SMS-73-533x400.jpg 533w, https:\/\/www.praha7.cz\/wp-content\/uploads\/2019\/09\/SMS-73-768x576.jpg 768w, https:\/\/www.praha7.cz\/wp-content\/uploads\/2019\/09\/SMS-73-1333x1000.jpg 1333w\" sizes=\"(max-width: 533px) 100vw, 533px\" \/><\/a><\/p>\r\n<p><strong>Slovutn\u00e1 akademie<\/strong><br \/>\r\nZa n\u00e1vrhem budovy stoj\u00ed architekt V\u00e1clav Ro\u0161tlapil (1856\u20131930), kter\u00fd se jezdil inspirovat na \u0159adu evropsk\u00fdch um\u011bleck\u00fdch \u0161kol. Hlavn\u00ed budova AVU m\u00e1 i\u00a0svou sestru, tedy sp\u00ed\u0161e svou zmen\u0161eninu.\u00a0O\u00a0p\u00e1r let pozd\u011bji toti\u017e Ro\u0161tlapil vyu\u017eil z\u00e1kladn\u00ed architektonick\u00e9 sch\u00e9ma akademie p\u0159i stavb\u011b Zemsk\u00e9ho \u00fastavu choromysln\u00fdch (dnes Psychiatrick\u00e1 nemocnice\u00a0Bohnice). V\u00a0dob\u011b dokon\u010dov\u00e1n\u00ed stavby akademie p\u016fsobili na \u0161kole \u010dty\u0159i pedagogov\u00e9, dva asistenti a\u00a0p\u0159ibli\u017en\u011b 80 student\u016f.<\/p>\r\n<p>Akademie v\u00fdtvarn\u00fdch um\u011bn\u00ed je sou\u010d\u00e1st\u00ed Prahy&nbsp;7 v\u00edce ne\u017e stolet\u00ed, a\u00a0tak tu samoz\u0159ejm\u011b zanechala sv\u00e9 stopy \u2013 a\u0165 u\u017e se stala inspirac\u00ed pro um\u011blce v\u00a0motivech jejich obraz\u016f \u010di domovem pro d\u00edla socha\u0159\u016f a\u00a0architekt\u016f. AVU ale nen\u00ed jen sn\u011bhob\u00edl\u00e1 budova na okraji Stromovky.<\/p>\r\n<p>V\u00a0roce 1924 byla k\u00a0hlavn\u00ed budov\u011b v\u00a0jej\u00edm sousedstv\u00ed p\u0159istav\u011bna \u0160kola architektury, kter\u00e1 v\u00a0sou\u010dasnosti proch\u00e1z\u00ed rozs\u00e1hlou rekonstrukc\u00ed. D\u00e1le k\u00a0AVU pat\u0159\u00ed od roku 1945 prostory ji\u017e zm\u00edn\u011bn\u00e9 Modern\u00ed galerie ve Stromovce, kde nyn\u00ed s\u00eddl\u00ed grafick\u00e9 a\u00a0restaur\u00e1torsk\u00e9 ateli\u00e9ry. V\u00a0minulosti zde vznikla nap\u0159\u00edklad plastika h\u0159ebce Arda, kter\u00fd st\u00e1l modelem socha\u0159i\u00a0J. V. Myslbekovi jako z\u00e1klad pro pomn\u00edk\u00a0sv. V\u00e1clava na V\u00e1clavsk\u00e9m n\u00e1m\u011bst\u00ed.<\/p>\r\n<p>Pod k\u0159\u00eddla AVU spad\u00e1 tak\u00e9 ateli\u00e9r p\u0159\u00edpravn\u00e9ho studia v\u00a0ulici Jana Zaj\u00edce 27. D\u0159\u00edve tyto prostory slou\u017eily jako osobn\u00ed ateli\u00e9ry pedagog\u016f socha\u0159sk\u00fdch obor\u016f. V\u00a0sedmdes\u00e1t\u00fdch letech se staly s\u00eddlem mozaik\u00e1\u0159sk\u00fdch a\u00a0gobel\u00ednov\u00fdch d\u00edlen. Dnes se t\u00e9to p\u0159\u00edpravce ne\u0159ekne jinak ne\u017e Zaj\u00edcovka a\u00a0prob\u00edh\u00e1 zde v\u00fduka kresby a\u00a0modelov\u00e1n\u00ed pro prvn\u00ed ro\u010dn\u00edky. L\u00e9ta se tradovalo, \u017ee tyto ateli\u00e9ry vznikly\u00a0u\u00a0p\u0159\u00edle\u017eitosti v\u00fdstavy socha\u0159e Augusta Rodina. Na z\u00e1klad\u011b v\u00fdzkumu AVU byl v\u0161ak tento m\u00fdtus vyvr\u00e1cen: ateli\u00e9ry vznikly a\u017e po roce 1903. Rodin v\u00a0Praze nicm\u00e9n\u011b v\u00a0roce 1902 byl a\u00a0o\u00a0jeho n\u00e1v\u0161t\u011bvu se zaslou\u017eil Josef Ma\u0159atka (1874\u20131937), \u017e\u00e1k J. V. Myslbeka, kter\u00fd u\u00a0Mistra (Rodina) v\u00a0Pa\u0159\u00ed\u017ei studoval. Ostatn\u011b Ma\u0159atka m\u011bl sv\u016fj ateli\u00e9r tak\u00e9 na Sedmi\u010dce, a\u00a0to v\u00a0ulici Na V\u00fd\u0161in\u00e1ch 12.<\/p>\r\n<p><a href=\"https:\/\/www.praha7.cz\/po-stopach-akademie\/sms-81\/\" rel=\"attachment wp-att-29322\"><img loading=\"lazy\" src=\"https:\/\/www.praha7.cz\/wp-content\/uploads\/2019\/09\/SMS-81-300x400.jpg\" alt=\"\" width=\"300\" height=\"400\" class=\"alignnone wp-image-29322 size-medium\" srcset=\"https:\/\/www.praha7.cz\/wp-content\/uploads\/2019\/09\/SMS-81-300x400.jpg 300w, https:\/\/www.praha7.cz\/wp-content\/uploads\/2019\/09\/SMS-81-768x1024.jpg 768w, https:\/\/www.praha7.cz\/wp-content\/uploads\/2019\/09\/SMS-81-750x1000.jpg 750w, https:\/\/www.praha7.cz\/wp-content\/uploads\/2019\/09\/SMS-81.jpg 843w\" sizes=\"(max-width: 300px) 100vw, 300px\" \/><\/a><a href=\"https:\/\/www.praha7.cz\/po-stopach-akademie\/sms-239\/\" rel=\"attachment wp-att-29339\"><img loading=\"lazy\" src=\"https:\/\/www.praha7.cz\/wp-content\/uploads\/2019\/09\/SMS-239-300x400.jpg\" alt=\"\" width=\"300\" height=\"400\" class=\"alignnone wp-image-29339 size-medium\" srcset=\"https:\/\/www.praha7.cz\/wp-content\/uploads\/2019\/09\/SMS-239-300x400.jpg 300w, https:\/\/www.praha7.cz\/wp-content\/uploads\/2019\/09\/SMS-239-768x1024.jpg 768w, https:\/\/www.praha7.cz\/wp-content\/uploads\/2019\/09\/SMS-239-750x1000.jpg 750w, https:\/\/www.praha7.cz\/wp-content\/uploads\/2019\/09\/SMS-239.jpg 2000w\" sizes=\"(max-width: 300px) 100vw, 300px\" \/><\/a><a href=\"https:\/\/www.praha7.cz\/po-stopach-akademie\/sms-81\/\" rel=\"attachment wp-att-29322\"><\/a><\/p>\r\n<p><strong>Um\u011bleck\u00fd \u00fakryt<\/strong><br \/>\r\nAteli\u00e9r\u016f se v\u00a0na\u0161\u00ed \u010dtvrti nach\u00e1zela a\u00a0st\u00e1le\u00a0nach\u00e1z\u00ed cel\u00e1 \u0159ada. V\u00a0dob\u00e1ch normalizace je vybran\u00fdm absolvent\u016fm zaji\u0161\u0165oval Svaz \u010desk\u00fdch v\u00fdtvarn\u00fdch um\u011blc\u016f. Jeden z\u00a0takov\u00fdch ateli\u00e9r\u016f bychom na\u0161li ve Sl\u00e1dkov\u011b 9, kde tvo\u0159il mal\u00ed\u0159, grafik a\u00a0ilustr\u00e1tor Josef J\u00edra (1929\u20132005), jen\u017e byl jedn\u00edm z\u00a0\u00fa\u010dastn\u00edk\u016f v\u00fdstavy Expo 58 v\u00a0Bruselu. V\u00a0dob\u011b, kdy se na svah letensk\u00e9ho kopce st\u011bhoval \u010deskoslovensk\u00fd pavilon Expa, jin\u00e9 um\u011bleck\u00e9 d\u00edlo dal\u0161\u00edho absolventa AVU odtud mizelo \u2013 Stalin\u016fv pomn\u00edk postaven\u00fd dle n\u00e1vrhu socha\u0159e Otakara \u0160vece (1892\u20131955), \u017e\u00e1ka Josefa V\u00e1clava Myslbeka a\u00a0Jana \u0160tursy vylet\u011bl na podzim 1962 do pov\u011bt\u0159\u00ed. Pozad\u00ed vzniku pam\u00e1tn\u00edku p\u0159ipom\u00edn\u00e1 film Monstrum z\u00a0roku 2017. A\u010dkoliv socha Stalina asi z\u016fstane nejzn\u00e1m\u011bj\u0161\u00edm d\u00edlem Otakara \u0160vece, za zm\u00ednku stoj\u00ed i\u00a0jeho futuristick\u00e1 bronzov\u00e1 socha jezdce na z\u00e1vodn\u00edm motocyklu s\u00a0n\u00e1zvem Motocyklista (Slune\u010dn\u00ed paprsek), kter\u00e1 je nyn\u00ed ve sb\u00edrce Veletr\u017en\u00edho pal\u00e1ce. Jen pro zaj\u00edmavost dodejme, \u017ee plastika se odl\u00e9vala ve sl\u00e9v\u00e1rn\u011b Franta An\u00fd\u017e v\u00a0ulici U\u00a0Pr\u016fhonu 40.<\/p>\r\n<p>Ale zp\u011bt na akademii. Pr\u00e1v\u011b v\u00a0jej\u00edch \u00fatrob\u00e1ch na\u0161li n\u011bkte\u0159\u00ed profeso\u0159i i\u00a0sv\u016fj ateli\u00e9r. Jedn\u00edm z\u00a0nich byl Vojt\u011bch Hynais (1854\u20131925), kter\u00fd na \u0161kole p\u016fsobil p\u0159es t\u0159icet let a\u00a0jeho\u017e mal\u00ed\u0159sk\u00e9 \u0161tafle v\u00a0sou\u010dasnosti slou\u017e\u00ed jako n\u00e1st\u011bnka ve vestibulu \u0161koly. Dal\u0161\u00edm z\u00a0u\u017eivatel\u016f \u0161koln\u00edho ateli\u00e9ru byl i\u00a0mal\u00ed\u0159 Max \u0160vabinsk\u00fd (1873\u20131962), kter\u00fd jej dostal zdarma k\u00a0do\u017eivotn\u00edmu u\u017e\u00edv\u00e1n\u00ed. Oba tak\u00e9 p\u016fsobili jako rekto\u0159i AVU.<\/p>\r\n<p><a href=\"https:\/\/www.praha7.cz\/?attachment_id=29323\" rel=\"attachment wp-att-29323\"><img loading=\"lazy\" src=\"https:\/\/www.praha7.cz\/wp-content\/uploads\/2019\/09\/SMS-86-300x400.jpg\" alt=\"\" width=\"300\" height=\"400\" class=\"alignnone wp-image-29323 size-medium\" srcset=\"https:\/\/www.praha7.cz\/wp-content\/uploads\/2019\/09\/SMS-86-300x400.jpg 300w, https:\/\/www.praha7.cz\/wp-content\/uploads\/2019\/09\/SMS-86-768x1024.jpg 768w, https:\/\/www.praha7.cz\/wp-content\/uploads\/2019\/09\/SMS-86-750x1000.jpg 750w, https:\/\/www.praha7.cz\/wp-content\/uploads\/2019\/09\/SMS-86.jpg 843w\" sizes=\"(max-width: 300px) 100vw, 300px\" \/><\/a><a href=\"https:\/\/www.praha7.cz\/po-stopach-akademie\/sms-263\/\" rel=\"attachment wp-att-29340\"><img loading=\"lazy\" src=\"https:\/\/www.praha7.cz\/wp-content\/uploads\/2019\/09\/SMS-263-533x400.jpg\" alt=\"\" width=\"533\" height=\"400\" class=\"alignnone wp-image-29340 size-medium\" srcset=\"https:\/\/www.praha7.cz\/wp-content\/uploads\/2019\/09\/SMS-263-533x400.jpg 533w, https:\/\/www.praha7.cz\/wp-content\/uploads\/2019\/09\/SMS-263-768x576.jpg 768w, https:\/\/www.praha7.cz\/wp-content\/uploads\/2019\/09\/SMS-263-1333x1000.jpg 1333w\" sizes=\"(max-width: 533px) 100vw, 533px\" \/><\/a><a href=\"https:\/\/www.praha7.cz\/po-stopach-akademie\/sms-86\/\" rel=\"attachment wp-att-29323\"><\/a><\/p>\r\n<p><strong>\u0160koly ve \u0161kole<\/strong><br \/>\r\nAVU byla od sv\u00e9ho vzniku pouze mal\u00ed\u0159skou \u0161kolou. Prvn\u00ed socha\u0159sk\u00e1 \u0161kola zde vznikla v\u00a0roce 1896 pod veden\u00edm J. V. Myslbeka (1848\u20131922), jen\u017e byl pozd\u011bji n\u011bkolikr\u00e1t zvolen rektorem cel\u00e9 akademie. K\u00a0nejv\u00fdznamn\u011bj\u0161\u00edm absolvent\u016fm t\u00e9to speci\u00e1lky pat\u0159il Myslbek\u016fv \u017e\u00e1k Jan \u0160tursa (1880\u20131925), kter\u00fd se po Myslbekov\u011b smrti ujal veden\u00ed ateli\u00e9ru. Jedno z\u00a0jeho d\u011bl \u2013 souso\u0161\u00ed Pr\u00e1ce a\u00a0Humanita m\u016f\u017eeme obdivovat v\u00a0\u00fapat\u00ed Hl\u00e1vkova mostu. I\u00a0\u0160tursa se pozd\u011bji stal rektorem AVU a\u00a0s\u00a0akademi\u00ed spojil i\u00a0ne\u0161\u0165astn\u00fd konec sv\u00e9ho \u017eivota, kdy\u017e se v\u00a0dubnu 1925 u\u00a0porcel\u00e1nov\u00e9ho umyvadla ve \u0161koln\u00ed pracovn\u011b smrteln\u011b post\u0159elil do sp\u00e1nku. Po rekonstrukci budovy bylo umyvadlo odstran\u011bno a\u00a0dnes v\u00a0t\u011bchto prostor\u00e1ch s\u00eddl\u00ed studijn\u00ed odd\u011blen\u00ed. Na akademii \u0160tursa odchoval celou generaci socha\u0159\u016f, kte\u0159\u00ed jsou ozna\u010dov\u00e1ni jako \u0160tursova \u0161kola.<\/p>\r\n<p>\u0158adu socha\u0159sk\u00fdch d\u011bl najdeme samoz\u0159ejm\u011b i\u00a0na Sedmi\u010dce. Za zm\u00ednku stoj\u00ed nap\u0159\u00edklad Sed\u00edc\u00ed \u017eena od Jana Kodeta (1910\u20131974), kter\u00e1 byla na Letnou p\u0159esunuta v\u00a0sedmdes\u00e1t\u00fdch letech z\u00a0Vojanov\u00fdch sad\u016f, \u010di zrestaurovan\u00e1 betonov\u00e1 plastika s\u00a0toto\u017en\u00fdm n\u00e1zvem od socha\u0159e Petra \u0160turmy (1930\u20131995), kterou naleznete ve Stromovce. Zapomenout bychom nem\u011bli ani na sochu Hokejisty od Zde\u0148ka N\u011bme\u010dka (1931\u20131989), kter\u00e1 od roku 1985 zdob\u00ed vchod zimn\u00edho stadionu na V\u00fdstavi\u0161ti a\u00a0byla sem um\u00edst\u011bna na po\u010dest hokejov\u00e9ho \u0161ampion\u00e1tu v\u00a0roce 1972, kter\u00fd zde \u010deskoslovensk\u00fd t\u00fdm vyhr\u00e1l po t\u0159iadvacetilet\u00e9 pauze.<\/p>\r\n<p><a href=\"https:\/\/www.praha7.cz\/?attachment_id=29324\" rel=\"attachment wp-att-29324\"><img loading=\"lazy\" src=\"https:\/\/www.praha7.cz\/wp-content\/uploads\/2019\/09\/SMS-95-300x400.jpg\" alt=\"\" width=\"300\" height=\"400\" class=\"alignnone wp-image-29324 size-medium\" srcset=\"https:\/\/www.praha7.cz\/wp-content\/uploads\/2019\/09\/SMS-95-300x400.jpg 300w, https:\/\/www.praha7.cz\/wp-content\/uploads\/2019\/09\/SMS-95-768x1024.jpg 768w, https:\/\/www.praha7.cz\/wp-content\/uploads\/2019\/09\/SMS-95-750x1000.jpg 750w\" sizes=\"(max-width: 300px) 100vw, 300px\" \/><\/a><a href=\"https:\/\/www.praha7.cz\/po-stopach-akademie\/sms-277\/\" rel=\"attachment wp-att-29341\"><img loading=\"lazy\" src=\"https:\/\/www.praha7.cz\/wp-content\/uploads\/2019\/09\/SMS-277-300x400.jpg\" alt=\"\" width=\"300\" height=\"400\" class=\"alignnone wp-image-29341 size-medium\" srcset=\"https:\/\/www.praha7.cz\/wp-content\/uploads\/2019\/09\/SMS-277-300x400.jpg 300w, https:\/\/www.praha7.cz\/wp-content\/uploads\/2019\/09\/SMS-277-768x1024.jpg 768w, https:\/\/www.praha7.cz\/wp-content\/uploads\/2019\/09\/SMS-277-750x1000.jpg 750w, https:\/\/www.praha7.cz\/wp-content\/uploads\/2019\/09\/SMS-277.jpg 2000w\" sizes=\"(max-width: 300px) 100vw, 300px\" \/><\/a><a href=\"https:\/\/www.praha7.cz\/po-stopach-akademie\/sms-95\/\" rel=\"attachment wp-att-29324\"><\/a><\/p>\r\n<p><strong>Co maluji, to miluji<\/strong><br \/>\r\nSportovn\u00ed tematika se samoz\u0159ejm\u011b prom\u00edtla i\u00a0na mal\u00ed\u0159sk\u00e1 pl\u00e1tna. Letn\u00e1 a\u00a0fotbal pat\u0159\u00ed ji\u017e v\u00edce ne\u017e sto let nerozlu\u010dn\u011b k\u00a0sob\u011b, co\u017e dokl\u00e1daj\u00ed obrazy jako Fotbal (1901\u20131902) od mal\u00ed\u0159e a\u00a0fanou\u0161ka Slavie Milo\u0161e Jir\u00e1nka (1875\u20131911), kter\u00fd ve sv\u00e9m d\u00edle n\u011bkolikr\u00e1t zachytil pr\u00e1v\u011b fotbalov\u00e9 z\u00e1pasy na Letensk\u00e9 pl\u00e1ni. Podobn\u00fdm fotbalov\u00fdm nad\u0161encem byl i\u00a0profesor AVU Jan Preisler (1872\u20131918), kter\u00fd se pr\u00fd pr\u00e1v\u011b kv\u016fli fotbalu na Letnou p\u0159est\u011bhoval. \u010c\u00e1st um\u011blc\u016f, pro n\u011b\u017e byl sport um\u011bleckou inspirac\u00ed, se mu ve voln\u00e9m \u010dase tak\u00e9 odd\u00e1vala. Nap\u0159\u00edklad profesor AVU Ji\u0159\u00ed Na\u010deradsk\u00fd (1939\u20132014), kter\u00fd \u010dasto maloval b\u011b\u017ece, cyklisty a\u00a0krasobrusla\u0159e, za studi\u00ed r\u00e1d b\u011bh\u00e1val ve Stromovce s\u00a0mal\u00ed\u0159em Ji\u0159\u00edm Sopkem (1942), pozd\u011bj\u0161\u00edm rektorem AVU.<\/p>\r\n<p>V\u00a0osmdes\u00e1t\u00fdch letech 20.&nbsp;stolet\u00ed se kolem socha\u0159e a\u00a0mal\u00ed\u0159e Ji\u0159\u00edho Sozansk\u00e9ho (1946) vytvo\u0159ilo sdru\u017een\u00ed v\u00fdtvarn\u00edk\u016f a\u00a0p\u0159\u00e1tel boxu s\u00a0n\u00e1zvem Box art. Spojen\u00ed sportu a\u00a0um\u011bn\u00ed v\u0161ak na\u00a0p\u016fd\u011b akademie za\u010dalo kl\u00ed\u010dit je\u0161t\u011b o\u00a0n\u011bkolik des\u00edtek let d\u0159\u00edve. N\u011bkte\u0159\u00ed absolventi spolu s\u00a0filma\u0159i zalo\u017eili v\u00a0roce 1962 recesistick\u00fd klub s\u00a0n\u00e1zvem Paleta vlasti, kter\u00fd byl p\u016fvodn\u011b amat\u00e9rsk\u00fdm hokejov\u00fdm t\u00fdmem. N\u00e1sledn\u011b organizovali divadeln\u00ed p\u0159edstaven\u00ed, automobilov\u00e9 rallye, kost\u00fdmn\u00ed plesy na led\u011b a\u00a0jin\u00e9 vylomeniny. Kup\u0159\u00edkladu b\u011bhem jednoho z\u00a0happening\u016f s\u00a0n\u00e1zvem Sn\u00eddan\u011b v\u00a0tr\u00e1v\u011b si nechali letadlem shodit oblo\u017een\u00e9 housky. Jedn\u00edm z\u00a0\u010dlen\u016f klubu byl i\u00a0socha\u0159 a\u00a0profesor AVU Hugo Demartini (1931\u20132010), kter\u00fd \u017eil na Sedmi\u010dce a\u00a0vytvo\u0159il tak\u00e9 ji\u017en\u00ed br\u00e1nu zahrady Trojsk\u00e9ho z\u00e1mku.<\/p>\r\n<p>Akademie se otiskla i\u00a0do podoby trojsk\u00e9 zoologick\u00e9 zahrady. Konkr\u00e9tn\u011b do pavilonu Indon\u00e9sk\u00e1 d\u017eungle, kde je instalov\u00e1no\u00a0<br \/>\r\n19 v\u00fdtvarn\u011b pojat\u00fdch um\u011bl\u00fdch strom\u016f a\u00a0nespo\u010det li\u00e1n. Za d\u00edlem stoj\u00ed t\u0159i absolventi akademie \u2013 Luk\u00e1\u0161 Rittstein (1973), Barbora \u0160lapetov\u00e1 (1973) a\u00a0Michal Gabriel (1960), kter\u00fd je tak\u00e9 autorem reli\u00e9f\u016f dvou obli\u010dej\u016f zdob\u00edc\u00edch vrata Veletr\u017en\u00edho pal\u00e1ce.<\/p>\r\n<p><a href=\"https:\/\/www.praha7.cz\/?attachment_id=29325\" rel=\"attachment wp-att-29325\"><img loading=\"lazy\" src=\"https:\/\/www.praha7.cz\/wp-content\/uploads\/2019\/09\/SMS-96-300x400.jpg\" alt=\"\" width=\"300\" height=\"400\" class=\"alignnone wp-image-29325 size-medium\" srcset=\"https:\/\/www.praha7.cz\/wp-content\/uploads\/2019\/09\/SMS-96-300x400.jpg 300w, https:\/\/www.praha7.cz\/wp-content\/uploads\/2019\/09\/SMS-96-768x1024.jpg 768w, https:\/\/www.praha7.cz\/wp-content\/uploads\/2019\/09\/SMS-96-750x1000.jpg 750w\" sizes=\"(max-width: 300px) 100vw, 300px\" \/><\/a><a href=\"https:\/\/www.praha7.cz\/po-stopach-akademie\/sms-281\/\" rel=\"attachment wp-att-29342\"><img loading=\"lazy\" src=\"https:\/\/www.praha7.cz\/wp-content\/uploads\/2019\/09\/SMS-281-300x400.jpg\" alt=\"\" width=\"300\" height=\"400\" class=\"alignnone wp-image-29342 size-medium\" srcset=\"https:\/\/www.praha7.cz\/wp-content\/uploads\/2019\/09\/SMS-281-300x400.jpg 300w, https:\/\/www.praha7.cz\/wp-content\/uploads\/2019\/09\/SMS-281-768x1024.jpg 768w, https:\/\/www.praha7.cz\/wp-content\/uploads\/2019\/09\/SMS-281-750x1000.jpg 750w, https:\/\/www.praha7.cz\/wp-content\/uploads\/2019\/09\/SMS-281.jpg 2000w\" sizes=\"(max-width: 300px) 100vw, 300px\" \/><\/a><a href=\"https:\/\/www.praha7.cz\/po-stopach-akademie\/sms-96\/\" rel=\"attachment wp-att-29325\"><\/a><\/p>\r\n<p><strong>P\u00e1r krok\u016f do pr\u00e1ce<br \/>\r\n<\/strong>Na Sedmi\u010dce na\u0161lo mnoho um\u011blc\u016f i\u00a0sv\u016fj domov. Kup\u0159\u00edkladu mal\u00ed\u0159 Anton\u00edn Slav\u00ed\u010dek (1870\u20131910), kter\u00fd byl v\u00a0necel\u00fdch t\u0159iceti letech pov\u011b\u0159en veden\u00edm krajin\u00e1\u0159sk\u00e9ho ateli\u00e9ru, \u017eil a\u00a0tvo\u0159il v\u00a0ulici Dobrovsk\u00e9ho 9 a\u00a0Letn\u00e1 mu byla \u010dastou inspirac\u00ed, jak dokazuj\u00ed obrazy Letn\u00e1 v\u00a0de\u0161ti (1902), Oveneck\u00e1 ulice (1904) \u010di Praha z\u00a0Letn\u00e9 (1908). A\u00a0nebyl jedin\u00fd.<\/p>\r\n<p>Ilustr\u00e1tor Vladim\u00edr Fuka (1927\u20131977) namaloval ve spolupr\u00e1ci s\u00a0dal\u0161\u00edmi um\u011blci obrazy Provazochodci na Letn\u00e9 (1951) \u010di Na Letensk\u00e9 pl\u00e1ni (1952). Ve sv\u00e9m byt\u011b na Letensk\u00e9m n\u00e1m\u011bst\u00ed pak v\u00a050.&nbsp;letech s\u00a0p\u0159\u00e1teli pracoval na sv\u00e9m v\u00fdtvarn\u00e9m den\u00edku, v\u00a0n\u011bm\u017e pomoc\u00ed v\u00fdst\u0159i\u017ek\u016f, skic nebo kreseb zachycoval atmosf\u00e9ru doby. Torzo t\u011bchto z\u00e1znam\u016f pod n\u00e1zvem Den\u00edk 1952 vy\u0161lo v\u00a0roce 2010 a\u00a0z\u00edskalo nominaci na cenu Magnesia Litera. Dal\u0161\u00edmi obrazy z\u00a0na\u0161ich ulic jsou nap\u0159\u00edklad Sva\u010dina na \u0160tvanici od Karla Postla, Vesnice Bubene\u010d\u00a0<br \/>\r\nod Anton\u00edna M\u00e1nesa \u010di \u010ctvrtek ve Stromovce od Viktora Barvitia.<\/p>\r\n<p>\u017de tu jmenujeme jen sam\u00e9 mu\u017ee? \u017den\u00e1m byla toti\u017e studia um\u011bn\u00ed zapov\u011bzena. Od za\u010d\u00e1tku dvac\u00e1t\u00e9ho stolet\u00ed sm\u011bly \u0159\u00e1dn\u011b studovat pouze na l\u00e9ka\u0159sk\u00e9 a\u00a0filozofick\u00e9 fakult\u011b. Akademie se \u017een\u00e1m otev\u0159ela a\u017e po vzniku \u010deskoslovensk\u00e9 republiky, podobn\u011b jako nedalek\u00e1 pr\u00e1vnick\u00e1 fakulta. Jednou z\u00a0prvn\u00edch absolventek AVU byla mal\u00ed\u0159ka a\u00a0socha\u0159ka Vlasta Vost\u0159ebalov\u00e1-Fischerov\u00e1 (1898\u20131963), kter\u00e1 studovala u\u00a0Vojt\u011bcha Hynaise a\u00a0Jana \u0160tursy. Ateli\u00e9r m\u011bla v\u00a0Mal\u00ed\u0159sk\u00e9 9, kde nejen tvo\u0159ila, ale tak\u00e9 n\u011bkolik let \u017eila. Jej\u00ed ran\u00e9 pr\u00e1ce z\u00a0dob studia jsou jak jinak v\u011bnov\u00e1ny Letn\u00e9, Stromovce a\u00a0Troji.<\/p>\r\n<p><a href=\"https:\/\/www.praha7.cz\/?attachment_id=29326\" rel=\"attachment wp-att-29326\"><img loading=\"lazy\" src=\"https:\/\/www.praha7.cz\/wp-content\/uploads\/2019\/09\/SMS-116-300x400.jpg\" alt=\"\" width=\"300\" height=\"400\" class=\"alignnone wp-image-29326 size-medium\" srcset=\"https:\/\/www.praha7.cz\/wp-content\/uploads\/2019\/09\/SMS-116-300x400.jpg 300w, https:\/\/www.praha7.cz\/wp-content\/uploads\/2019\/09\/SMS-116-768x1024.jpg 768w, https:\/\/www.praha7.cz\/wp-content\/uploads\/2019\/09\/SMS-116-750x1000.jpg 750w\" sizes=\"(max-width: 300px) 100vw, 300px\" \/><\/a><a href=\"https:\/\/www.praha7.cz\/po-stopach-akademie\/sms-352\/\" rel=\"attachment wp-att-29352\"><img loading=\"lazy\" src=\"https:\/\/www.praha7.cz\/wp-content\/uploads\/2019\/09\/SMS-352-300x400.jpg\" alt=\"\" width=\"300\" height=\"400\" class=\"alignnone wp-image-29352 size-medium\" srcset=\"https:\/\/www.praha7.cz\/wp-content\/uploads\/2019\/09\/SMS-352-300x400.jpg 300w, https:\/\/www.praha7.cz\/wp-content\/uploads\/2019\/09\/SMS-352-768x1024.jpg 768w, https:\/\/www.praha7.cz\/wp-content\/uploads\/2019\/09\/SMS-352-750x1000.jpg 750w, https:\/\/www.praha7.cz\/wp-content\/uploads\/2019\/09\/SMS-352.jpg 2000w\" sizes=\"(max-width: 300px) 100vw, 300px\" \/><\/a><a href=\"https:\/\/www.praha7.cz\/po-stopach-akademie\/sms-116\/\" rel=\"attachment wp-att-29326\"><\/a><\/p>\r\n<p><strong>Bujar\u00e9 oslavy<\/strong><br \/>\r\nV\u00fd\u0161e zm\u00edn\u011bn\u00e9 osobnosti a\u00a0jejich d\u00edla jsou pouh\u00fdm zlomkem stop, kter\u00e9 akademie na Sedmi\u010dce zanechala. Mnohem v\u00edce se dozv\u00edte v\u00a0kni\u017en\u00edm pr\u016fvodci s\u00a0n\u00e1zvem 220 m\u00edst AVU, jej\u017e akademie vyd\u00e1v\u00e1 u\u00a0p\u0159\u00edle\u017eitosti sv\u00fdch leto\u0161n\u00edch narozenin. Ka\u017ed\u00e9 z\u00a0220 zastaven\u00ed je v\u00a0knize dopln\u011bno ilustracemi, kter\u00fdch se ujali sou\u010dasn\u00ed i\u00a0b\u00fdval\u00ed pedagogov\u00e9, absolventi a\u00a0studenti \u0161koly. Sami studenti mohli i\u00a0navrhnout m\u00edsta, je\u017e jsou pro n\u011b ve vztahu ke \u0161kole d\u016fle\u017eit\u00e1. Kniha je rozd\u011blena do osmi okruh\u016f a\u00a0nab\u00edz\u00ed proch\u00e1zky po architektu\u0159e, v\u00fdznamn\u00fdch domech, d\u00edlech ve ve\u0159ejn\u00e9m prostoru i\u00a0vnit\u0159n\u00edch prostor\u00e1ch AVU. K\u0159est knihy prob\u011bhne p\u0159i slavnostn\u00edm zah\u00e1jen\u00ed oslav 1.\u00a0\u0159\u00edjna v\u00a0hlavn\u00ed budov\u011b AVU. Kniha bude n\u00e1sledn\u011b v\u00a0prodeji, jak p\u0159\u00edmo na Akademii, tak i\u00a0na pultech knihkupectv\u00ed.<\/p>\r\n<p>220 let sv\u00e9 existence si chce AVU p\u0159ipomenout, jak se na takov\u00e9 v\u00fdro\u010d\u00ed pat\u0159\u00ed. Oslavy zapo\u010dnou s\u00a0nov\u00fdm akademick\u00fdm rokem v\u00a0prvn\u00edm \u0159\u00edjnov\u00e9m t\u00fddnu a\u00a0potrvaj\u00ed a\u017e do druh\u00e9 poloviny prosince. \u201eUd\u00e1losti jsou rozlo\u017eeny do sedmdes\u00e1ti dn\u016f a\u00a0vych\u00e1z\u00ed n\u00e1m to na t\u0159i ud\u00e1losti denn\u011b. Jednat se bude o\u00a0robustn\u011bj\u0161\u00ed akce, kam spad\u00e1 nap\u0159\u00edklad imatrikulace studentek a\u00a0student\u016f prvn\u00edch ro\u010dn\u00edk\u016f studia na AVU, a\u00a0d\u00e1le pak vernis\u00e1\u017ee v\u00fdstav p\u0159ipraven\u00fdch k\u00a0dan\u00e9mu v\u00fdro\u010d\u00ed, spole\u010densk\u00e9 akce \u010di postupn\u00e9 odhalov\u00e1n\u00ed zaj\u00edmav\u00fdch informac\u00ed z\u00a0archivu AVU nejen na soci\u00e1ln\u00edch s\u00edt\u00edch,\u201c prozrazuje sou\u010dasn\u00fd rektor AVU Tom\u00e1\u0161 Van\u011bk. V\u00a0r\u00e1mci oslav prob\u011bhnou tak\u00e9 komentovan\u00e9 prohl\u00eddky Prahy&nbsp;7, t\u011b\u0161it se m\u016f\u017eete i\u00a0na performance, ples v\u00a0KC Domovina, tematick\u00fd ve\u010der film\u016f v\u00a0Bio Oko, p\u0159edn\u00e1\u0161ky a\u00a0mnoho dal\u0161\u00edho. V\u00edce se o\u00a0programu oslav dozv\u00edte na internetov\u00fdch str\u00e1nk\u00e1ch <a href=\"http:\/\/www.avu220.cz\">www.avu220.cz<\/a>.<\/p>\r\n<p><a href=\"https:\/\/www.praha7.cz\/po-stopach-akademie\/sms-125\/\" rel=\"attachment wp-att-29327\"><img loading=\"lazy\" src=\"https:\/\/www.praha7.cz\/wp-content\/uploads\/2019\/09\/SMS-125-300x400.jpg\" alt=\"\" width=\"300\" height=\"400\" class=\"alignnone wp-image-29327 size-medium\" srcset=\"https:\/\/www.praha7.cz\/wp-content\/uploads\/2019\/09\/SMS-125-300x400.jpg 300w, https:\/\/www.praha7.cz\/wp-content\/uploads\/2019\/09\/SMS-125-768x1024.jpg 768w, https:\/\/www.praha7.cz\/wp-content\/uploads\/2019\/09\/SMS-125-750x1000.jpg 750w\" sizes=\"(max-width: 300px) 100vw, 300px\" \/><\/a><a href=\"https:\/\/www.praha7.cz\/po-stopach-akademie\/sms-363\/\" rel=\"attachment wp-att-29353\"><img loading=\"lazy\" src=\"https:\/\/www.praha7.cz\/wp-content\/uploads\/2019\/09\/SMS-363-300x400.jpg\" alt=\"\" width=\"300\" height=\"400\" class=\"alignnone wp-image-29353 size-medium\" srcset=\"https:\/\/www.praha7.cz\/wp-content\/uploads\/2019\/09\/SMS-363-300x400.jpg 300w, https:\/\/www.praha7.cz\/wp-content\/uploads\/2019\/09\/SMS-363-768x1024.jpg 768w, https:\/\/www.praha7.cz\/wp-content\/uploads\/2019\/09\/SMS-363-750x1000.jpg 750w, https:\/\/www.praha7.cz\/wp-content\/uploads\/2019\/09\/SMS-363.jpg 2000w\" sizes=\"(max-width: 300px) 100vw, 300px\" \/><\/a><a href=\"https:\/\/www.praha7.cz\/po-stopach-akademie\/sms-125\/\" rel=\"attachment wp-att-29327\"><\/a><\/p>\r\n<p><strong>Na n\u00e1v\u0161t\u011bvu do AVU<\/strong><br \/>\r\nK\u00a0dne\u0161n\u00edmu dni br\u00e1nu \u0161koly opustilo v\u00edce ne\u017e 4300 absolvent\u016f. V\u00a0sou\u010dasn\u00e9 dob\u011b je na akademii mo\u017en\u00e9 studovat interm\u00e9dia a\u00a0nov\u00e1 m\u00e9dia, mal\u00ed\u0159stv\u00ed, socha\u0159stv\u00ed, grafiku a\u00a0kresbu, architektonickou tvorbu \u010di restaurov\u00e1n\u00ed v\u00fdtvarn\u00fdch um\u011bleck\u00fdch d\u011bl mal\u00ed\u0159sk\u00fdch nebo socha\u0159sk\u00fdch. Tato rozmanit\u00e1 nab\u00eddka obor\u016f je p\u0159edev\u0161\u00edm v\u00fdsledkem koncep\u010dn\u00ed reformy, o\u00a0kterou se v\u00a0devades\u00e1t\u00fdch letech zaslou\u017eil b\u00fdval\u00fd rektor a\u00a0profesor AVU Milan Kn\u00ed\u017e\u00e1k a\u00a0sbor nov\u00fdch pedagog\u016f, do n\u011bho\u017e krom jin\u00fdch pat\u0159il i\u00a0ji\u017e zm\u00edn\u011bn\u00fd Hugo Demartini, Ji\u0159\u00ed Na\u010deradsk\u00fd \u010di Ji\u0159\u00ed Sopko. Vedouc\u00ed pedago\u017ekou se v\u00a0devades\u00e1t\u00fdch letech stala tak\u00e9 prvn\u00ed \u017eena profesorka Jitka Svobodov\u00e1, kter\u00e1 vedla v\u00fduku v\u00a0ateli\u00e9ru Kresby. \u201eAVU proch\u00e1z\u00ed v\u00a0posledn\u00edch p\u011bti letech dal\u0161\u00ed reformn\u00ed f\u00e1z\u00ed ve zp\u016fsobech v\u00fduky, p\u0159\u00edstupech k\u00a0ekologick\u00fdm a\u00a0etick\u00fdm ot\u00e1zk\u00e1m ve vztahu k\u00a0sou\u010dasn\u00e9 spole\u010dnosti. Ve srovn\u00e1n\u00ed s\u00a0minulost\u00ed je ve veden\u00ed ateli\u00e9r\u016f i\u00a0\u0161koly jako instituce mnohem v\u00edce \u017een um\u011blky\u0148 a\u00a0teoreti\u010dek ne\u017e d\u0159\u00edve. AVU si p\u011bstuje velmi svobodn\u00e9 a\u00a0otev\u0159en\u00e9 prost\u0159ed\u00ed ve vztahu k\u00a0pojm\u016fm rovnosti a\u00a0soci\u00e1ln\u00ed empatie,\u201c dod\u00e1v\u00e1 Tom\u00e1\u0161 Van\u011bk.<\/p>\r\n<p>Do p\u0159eci jen m\u00edrn\u011b uzav\u0159en\u00e9ho sv\u011bta akademick\u00e9ho um\u011bn\u00ed v\u0161ak m\u016f\u017eete proniknout i\u00a0mimo narozeninov\u00e9 vesel\u00ed. V\u00a0hlavn\u00ed budov\u011b najdete i\u00a0Galerii AVU, kde n\u011bkolikr\u00e1t do roka prob\u00edhaj\u00ed v\u00fdstavy student\u016f, absolvent\u016f, ale i\u00a0p\u0159izvan\u00fdch host\u016f. K\u00a0vid\u011bn\u00ed jsou pot\u00e9 od pond\u011bl\u00ed do p\u00e1tku od 10 do 18 hodin. Ka\u017ed\u00e9 l\u00e9to po\u0159\u00e1d\u00e1 AVU letn\u00ed akademie malby a\u00a0sochy nejen pro dosp\u011bl\u00e9 a\u00a0b\u011bhem roku i\u00a0vybran\u00e9 p\u0159edn\u00e1\u0161ky pro ve\u0159ejnost. V\u00a0\u00fatrob\u00e1ch hlavn\u00ed budovy tak\u00e9 s\u00eddl\u00ed restaurace \u2013 Klub AVU, kde se b\u011b\u017en\u00fd smrteln\u00edk m\u016f\u017ee naj\u00edst a\u00a0nap\u00edt. V\u00a0\u010dase klauzur, tedy v\u00fdstav prac\u00ed aktu\u00e1ln\u00edch student\u016f akademie, kter\u00e9 prob\u00edhaj\u00ed dvakr\u00e1t do roka (v\u011bt\u0161inou v\u00a0lednu a\u00a0v\u00a0kv\u011btnu), se pak pr\u00e1v\u011b v\u00a0t\u011bchto prostor\u00e1ch nejv\u00edce m\u00eds\u00ed sv\u011bt pozorovatel\u016f um\u011bn\u00ed a\u00a0t\u011bch, kte\u0159\u00ed jej vytv\u00e1\u0159ej\u00ed.<\/p>\r\n<p>Ve slunn\u00fdch dnech b\u011bhem \u0161koln\u00edho roku si pak m\u016f\u017eete posed\u011bt na zahr\u00e1dce klubu \u010di nav\u0161t\u00edvit i\u00a0zadn\u00ed stranu \u0161koly a\u00a0skrze prosklen\u00e9 st\u011bny nakouknout do tv\u016fr\u010d\u00edho procesu. Pr\u00e1v\u011b tato zadn\u00ed strana budovy je pro rektora Tom\u00e1\u0161e Va\u0148ka obl\u00edben\u00fdch m\u00edstem na AVU. \u201eM\u00e1 v\u00a0sob\u011b klid a\u00a0\u017eivost z\u00e1rove\u0148, vyjad\u0159uje faktickou prostupnost a\u00a0vst\u0159\u00edcnost, jak pro slune\u010dn\u00ed paprsky, pro pohledy t\u011bch, co pracuj\u00ed uvnit\u0159, tak i\u00a0v\u0161ech kolemjdouc\u00edch.\u201c A\u00a0kter\u00e9 m\u00edsto na AVU je to va\u0161e?<\/p>\r\n<p><em>V\u00edce o\u00a0akademii a\u00a0programu oslav zde:<a href=\"http:\/\/www.avu.cz\"> www.avu.cz<\/a>, <a href=\"http:\/\/www.avu220.cz\">www.avu220.cz<\/a><\/em><\/p>\r\n<p><a href=\"https:\/\/www.praha7.cz\/po-stopach-akademie\/sms-131\/\" rel=\"attachment wp-att-29329\"><img loading=\"lazy\" src=\"https:\/\/www.praha7.cz\/wp-content\/uploads\/2019\/09\/SMS-131-300x400.jpg\" alt=\"\" width=\"300\" height=\"400\" class=\"alignnone wp-image-29329 size-medium\" srcset=\"https:\/\/www.praha7.cz\/wp-content\/uploads\/2019\/09\/SMS-131-300x400.jpg 300w, https:\/\/www.praha7.cz\/wp-content\/uploads\/2019\/09\/SMS-131-768x1024.jpg 768w, https:\/\/www.praha7.cz\/wp-content\/uploads\/2019\/09\/SMS-131-750x1000.jpg 750w, https:\/\/www.praha7.cz\/wp-content\/uploads\/2019\/09\/SMS-131.jpg 843w\" sizes=\"(max-width: 300px) 100vw, 300px\" \/><\/a><a href=\"https:\/\/www.praha7.cz\/po-stopach-akademie\/sms-367\/\" rel=\"attachment wp-att-29354\"><img loading=\"lazy\" src=\"https:\/\/www.praha7.cz\/wp-content\/uploads\/2019\/09\/SMS-367-300x400.jpg\" alt=\"\" width=\"300\" height=\"400\" class=\"alignnone wp-image-29354 size-medium\" srcset=\"https:\/\/www.praha7.cz\/wp-content\/uploads\/2019\/09\/SMS-367-300x400.jpg 300w, https:\/\/www.praha7.cz\/wp-content\/uploads\/2019\/09\/SMS-367-768x1024.jpg 768w, https:\/\/www.praha7.cz\/wp-content\/uploads\/2019\/09\/SMS-367-750x1000.jpg 750w, https:\/\/www.praha7.cz\/wp-content\/uploads\/2019\/09\/SMS-367.jpg 2000w\" sizes=\"(max-width: 300px) 100vw, 300px\" \/><\/a><a href=\"https:\/\/www.praha7.cz\/po-stopach-akademie\/sms-131\/\" rel=\"attachment wp-att-29329\"><\/a><\/p>\r\n<hr \/>\r\n<p><strong>Po stop\u00e1ch architekt\u016f<\/strong><br \/>\r\nArchitektura se stala sou\u010d\u00e1st\u00ed osnov na AVU ji\u017e v\u00a0roce 1842, na \u0161kole tak p\u016fsobily v\u00fdznamn\u00e9 postavy jako\u00a0Jan\u00a0Kot\u011bra, Josef Go\u010d\u00e1r, Jaroslav Fragner nebo po roce\u00a01990 Emil P\u0159ikryl. Sama Sedmi\u010dka je t\u00e9m\u011b\u0159 lexikonem modern\u00edch architektonick\u00fdch styl\u016f. Najdeme zde v\u00edce\u00a0ne\u017e t\u0159i sta v\u00fdznamn\u00fdch staveb nap\u0159\u00edklad od t\u011bchto autor\u016f:<\/p>\r\n<p>Kamil Ro\u0161kot\u00a0(1886\u20131945) \u2013 student architektury u\u00a0J. Kot\u011bry, architektonicky se pod\u00edlel na star\u00e9 budov\u011b Ministerstva vnitra Nad \u0160tolou 3 a\u00a0o\u00a0p\u00e1r krok\u016f d\u00e1le\u00a0<br \/>\r\nje jeho d\u00edlem i\u00a0d\u016fm v\u00a0\u010cechov\u011b ulici 29.<\/p>\r\n<p>Jaroslav Gruber\u00a0(1905\u20131959) \u2013 Go\u010d\u00e1r\u016fv \u017e\u00e1k, navrhl\u00a0n\u00e1jemn\u00ed domy v\u00a0Oveneck\u00e9 ulici 23, 25, 27, 35 a\u00a037 a\u00a0v\u00a0Ha\u0161kov\u011b ulici 1, 3, 5 a\u00a07.<\/p>\r\n<p>Eugen Rosenberg\u00a0(1907\u20131990) \u2013 autor dvou funkcionalistick\u00fdch dom\u016f v\u00a0Anton\u00ednsk\u00e9 (421 a\u00a0422), d\u00e1le dom\u016f na Milady Hor\u00e1kov\u00e9 56, v\u00a0Letohradsk\u00e9 52, v\u00a0Schnirchov\u011b 29, na Ortenov\u011b n\u00e1m\u011bst\u00ed 9\u201310 a\u00a0U\u00a0Pr\u016fhonu 16. Sv\u016fj ateli\u00e9r m\u011bl ve Veverkov\u011b ulici.<\/p>\r\n<p><a href=\"https:\/\/www.praha7.cz\/?attachment_id=29330\" rel=\"attachment wp-att-29330\"><img loading=\"lazy\" src=\"https:\/\/www.praha7.cz\/wp-content\/uploads\/2019\/09\/SMS-191-300x400.jpg\" alt=\"\" width=\"300\" height=\"400\" class=\"alignnone wp-image-29330 size-medium\" srcset=\"https:\/\/www.praha7.cz\/wp-content\/uploads\/2019\/09\/SMS-191-300x400.jpg 300w, https:\/\/www.praha7.cz\/wp-content\/uploads\/2019\/09\/SMS-191-768x1024.jpg 768w, https:\/\/www.praha7.cz\/wp-content\/uploads\/2019\/09\/SMS-191-750x1000.jpg 750w, https:\/\/www.praha7.cz\/wp-content\/uploads\/2019\/09\/SMS-191.jpg 2000w\" sizes=\"(max-width: 300px) 100vw, 300px\" \/><\/a><a href=\"https:\/\/www.praha7.cz\/po-stopach-akademie\/sms-455\/\" rel=\"attachment wp-att-29355\"><img loading=\"lazy\" src=\"https:\/\/www.praha7.cz\/wp-content\/uploads\/2019\/09\/SMS-455-300x400.jpg\" alt=\"\" width=\"300\" height=\"400\" class=\"alignnone wp-image-29355 size-medium\" srcset=\"https:\/\/www.praha7.cz\/wp-content\/uploads\/2019\/09\/SMS-455-300x400.jpg 300w, https:\/\/www.praha7.cz\/wp-content\/uploads\/2019\/09\/SMS-455-768x1024.jpg 768w, https:\/\/www.praha7.cz\/wp-content\/uploads\/2019\/09\/SMS-455-750x1000.jpg 750w, https:\/\/www.praha7.cz\/wp-content\/uploads\/2019\/09\/SMS-455.jpg 2000w\" sizes=\"(max-width: 300px) 100vw, 300px\" \/><\/a><a href=\"https:\/\/www.praha7.cz\/po-stopach-akademie\/sms-191\/\" rel=\"attachment wp-att-29330\"><\/a><\/p>\r\n<p>&nbsp;<\/p>\r\n<hr \/>\r\n<p><strong>Stopy rektor\u016f<br \/>\r\n<\/strong>Jan Kot\u011bra\u00a0(1871\u20131923) navrhl v\u00a0ulici U\u00a0Akademie \u0160kolu architektury, je tak\u00e9 autorem Suchardovy vily ve Slav\u00ed\u010dkov\u011b ulici v\u00a0nedalek\u00e9 \u010d\u00e1sti Buben\u010de.<\/p>\r\n<p>Josef Go\u010d\u00e1r\u00a0(1880\u20131945), Kot\u011br\u016fv \u017e\u00e1k, kter\u00fd budovu \u0160koly architektury dokon\u010dil. Navrhl tak\u00e9 \u010din\u017eovn\u00ed rohov\u00fd d\u016fm u\u00a0Hl\u00e1vkova mostu v\u00a0ulici Bubensk\u00e1 3 a\u00a0\u010din\u017eovn\u00ed d\u016fm v\u00a0He\u0159manov\u011b ulici 9.<\/p>\r\n<p>Vratislav Nechleba\u00a0(1885\u20131965) byl rektorem celkem \u010dty\u0159ikr\u00e1t a\u00a0\u017eil v\u00a0Kamenick\u00e9 39.<\/p>\r\n<p>Jaroslav Fragner\u00a0(1898\u20131967) stoj\u00ed nap\u0159\u00edklad za architektonick\u00fdm pojet\u00edm planet\u00e1ria.<\/p>\r\n<p><a href=\"https:\/\/www.praha7.cz\/?attachment_id=29331\" rel=\"attachment wp-att-29331\"><img loading=\"lazy\" src=\"https:\/\/www.praha7.cz\/wp-content\/uploads\/2019\/09\/SMS-196-300x400.jpg\" alt=\"\" width=\"300\" height=\"400\" class=\"alignnone wp-image-29331 size-medium\" srcset=\"https:\/\/www.praha7.cz\/wp-content\/uploads\/2019\/09\/SMS-196-300x400.jpg 300w, https:\/\/www.praha7.cz\/wp-content\/uploads\/2019\/09\/SMS-196.jpg 720w\" sizes=\"(max-width: 300px) 100vw, 300px\" \/><\/a><a href=\"https:\/\/www.praha7.cz\/po-stopach-akademie\/sms-537\/\" rel=\"attachment wp-att-29356\"><img loading=\"lazy\" src=\"https:\/\/www.praha7.cz\/wp-content\/uploads\/2019\/09\/SMS-537-300x400.jpg\" alt=\"\" width=\"300\" height=\"400\" class=\"alignnone wp-image-29356 size-medium\" srcset=\"https:\/\/www.praha7.cz\/wp-content\/uploads\/2019\/09\/SMS-537-300x400.jpg 300w, https:\/\/www.praha7.cz\/wp-content\/uploads\/2019\/09\/SMS-537.jpg 720w\" sizes=\"(max-width: 300px) 100vw, 300px\" \/><\/a><a href=\"https:\/\/www.praha7.cz\/po-stopach-akademie\/sms-196\/\" rel=\"attachment wp-att-29331\"><\/a><\/p>\r\n<hr \/>\r\n<p><strong>Symboly AVU<br \/>\r\n<\/strong>Minul\u00fd rok vyhl\u00e1sila AVU sout\u011b\u017e na novou vizu\u00e1ln\u00ed identitu \u0161koly, kter\u00e1 by jasn\u011bji vyjad\u0159ovala hodnoty a\u00a0vize, kter\u00fdmi \u0161kola \u017eije dnes a\u00a0kter\u00e9 maj\u00ed p\u0159esah do budoucnosti. Vizu\u00e1l, jej\u017e navrhlo v\u00edt\u011bzn\u00e9 grafick\u00e9 studio 20YY Designers (stejn\u00e9 studio, kter\u00e9 ji\u017e p\u00e1t\u00fdm rokem tvo\u0159\u00ed grafickou podobu Hobuletu), je zalo\u017een na speci\u00e1ln\u00edm fontu \u2013 AVU Variable, tedy kompletn\u00ed sad\u011b znak\u016f abecedy jedn\u00e9 velikosti a\u00a0jednotn\u00e9ho stylu, jej\u00ed\u017e ka\u017ed\u00e9 p\u00edsmeno, \u010d\u00edslice i\u00a0znak obsahuje ve v\u011bt\u0161\u00ed \u010di men\u0161\u00ed m\u00ed\u0159e symbol srdce. Dosavadn\u00ed znak AVU, kter\u00fd v\u00a0devades\u00e1t\u00fdch letech navrhl tehdej\u0161\u00ed rektor Milan Kn\u00ed\u017e\u00e1k (1940), se skl\u00e1dal ze stylizovan\u00e9ho heraldick\u00e9ho \u010desk\u00e9ho lva s\u00a0modr\u00fdmi srd\u00ed\u010dky na kon\u010detin\u00e1ch, hlav\u011b a\u00a0hrudi. Nov\u00fd font si m\u016f\u017eete zdarma st\u00e1hnout a\u00a0sami ho i\u00a0ve sv\u00e9m po\u010d\u00edta\u010di pou\u017e\u00edvat.<\/p>\r\n<p><a href=\"https:\/\/www.praha7.cz\/?attachment_id=29333\" rel=\"attachment wp-att-29333\"><img loading=\"lazy\" src=\"https:\/\/www.praha7.cz\/wp-content\/uploads\/2019\/09\/SMS-217-300x400.jpg\" alt=\"\" width=\"300\" height=\"400\" class=\"alignnone wp-image-29333 size-medium\" srcset=\"https:\/\/www.praha7.cz\/wp-content\/uploads\/2019\/09\/SMS-217-300x400.jpg 300w, https:\/\/www.praha7.cz\/wp-content\/uploads\/2019\/09\/SMS-217-768x1024.jpg 768w, https:\/\/www.praha7.cz\/wp-content\/uploads\/2019\/09\/SMS-217-750x1000.jpg 750w, https:\/\/www.praha7.cz\/wp-content\/uploads\/2019\/09\/SMS-217.jpg 2000w\" sizes=\"(max-width: 300px) 100vw, 300px\" \/><\/a><a href=\"https:\/\/www.praha7.cz\/po-stopach-akademie\/sms-645\/\" rel=\"attachment wp-att-29357\"><img loading=\"lazy\" src=\"https:\/\/www.praha7.cz\/wp-content\/uploads\/2019\/09\/SMS-645-300x400.jpg\" alt=\"\" width=\"300\" height=\"400\" class=\"alignnone wp-image-29357 size-medium\" srcset=\"https:\/\/www.praha7.cz\/wp-content\/uploads\/2019\/09\/SMS-645-300x400.jpg 300w, https:\/\/www.praha7.cz\/wp-content\/uploads\/2019\/09\/SMS-645-768x1024.jpg 768w, https:\/\/www.praha7.cz\/wp-content\/uploads\/2019\/09\/SMS-645-750x1000.jpg 750w\" sizes=\"(max-width: 300px) 100vw, 300px\" \/><\/a><a href=\"https:\/\/www.praha7.cz\/po-stopach-akademie\/sms-217\/\" rel=\"attachment wp-att-29333\"><\/a><\/p>\r\n<hr \/>\r\n<p><strong>AVU na pl\u00e1tn\u011b<br \/>\r\n<\/strong>Dokument\u00e1rn\u00ed film Restaur\u00e1to\u0159i na Mostecku (1967) zachycuje restaur\u00e1torskou metodu \u0161koly profesora Sl\u00e1nsk\u00e9ho (1900\u20131980), kter\u00fd ji na AVU zalo\u017eil. N\u00e1sleduj\u00edc\u00edho roku vznikl film Nejkr\u00e1sn\u011bj\u0161\u00ed v\u011bk, re\u017eis\u00e9ra\u00a0a\u00a0absolventa socha\u0159stv\u00ed Jaroslava Papou\u0161ka (1929\u20131995), jeho\u017e d\u011bj i\u00a0zasazen\u00ed do prost\u0159ed\u00ed socha\u0159sk\u00e9ho ateli\u00e9ru vych\u00e1z\u00ed p\u0159\u00edmo z\u00a0jeho studentsk\u00e9 zku\u0161enosti. Nov\u00fd film o\u00a0akademii ve vztahu k\u00a0fenom\u00e9nu talentu by se m\u011bl za\u010d\u00edt nat\u00e1\u010det letos na podzim.<\/p>\r\n<p><a href=\"https:\/\/www.praha7.cz\/?attachment_id=29334\" rel=\"attachment wp-att-29334\"><img loading=\"lazy\" src=\"https:\/\/www.praha7.cz\/wp-content\/uploads\/2019\/09\/SMS-222-300x400.jpg\" alt=\"\" width=\"300\" height=\"400\" class=\"alignnone wp-image-29334 size-medium\" srcset=\"https:\/\/www.praha7.cz\/wp-content\/uploads\/2019\/09\/SMS-222-300x400.jpg 300w, https:\/\/www.praha7.cz\/wp-content\/uploads\/2019\/09\/SMS-222-768x1024.jpg 768w, https:\/\/www.praha7.cz\/wp-content\/uploads\/2019\/09\/SMS-222-750x1000.jpg 750w, https:\/\/www.praha7.cz\/wp-content\/uploads\/2019\/09\/SMS-222.jpg 2000w\" sizes=\"(max-width: 300px) 100vw, 300px\" \/><\/a><a href=\"https:\/\/www.praha7.cz\/po-stopach-akademie\/sms-669\/\" rel=\"attachment wp-att-29358\"><img loading=\"lazy\" src=\"https:\/\/www.praha7.cz\/wp-content\/uploads\/2019\/09\/SMS-669-300x400.jpg\" alt=\"\" width=\"300\" height=\"400\" class=\"alignnone wp-image-29358 size-medium\" srcset=\"https:\/\/www.praha7.cz\/wp-content\/uploads\/2019\/09\/SMS-669-300x400.jpg 300w, https:\/\/www.praha7.cz\/wp-content\/uploads\/2019\/09\/SMS-669-768x1024.jpg 768w, https:\/\/www.praha7.cz\/wp-content\/uploads\/2019\/09\/SMS-669-750x1000.jpg 750w\" sizes=\"(max-width: 300px) 100vw, 300px\" \/><\/a><a href=\"https:\/\/www.praha7.cz\/po-stopach-akademie\/sms-222\/\" rel=\"attachment wp-att-29334\"><\/a><\/p>\r\n<hr \/>\r\n<p><strong>Sedmi\u010dka um\u011blc\u016fm<\/strong><br \/>\r\nRadnice poskytuje od roku 2018 mlad\u00fdm absolvent\u016fm takzvan\u00e9 startovac\u00ed ateli\u00e9ry, kter\u00e9 se nach\u00e1zej\u00ed v\u00a0nejvy\u0161\u0161\u00edm pat\u0159e budovy v\u00a0ulici Franti\u0161ka K\u0159\u00ed\u017eka 38. Ateli\u00e9ry nesou in memoriam jm\u00e9no mal\u00ed\u0159ky a\u00a0pedago\u017eky \u0160\u00e1rky Tr\u010dkov\u00e9 (1965\u20132015), kter\u00e1 zde sama tvo\u0159ila. Dal\u0161\u00ed ateli\u00e9ry\u00a0se nach\u00e1zej\u00ed v\u00a0Pra\u017esk\u00e9 tr\u017enici v\u00a0hal\u00e1ch \u010d. 14 a\u00a018, kde tvo\u0159\u00ed nap\u0159\u00edklad Jan Kal\u00e1b (1978). S\u00a0absolventy, studenty i\u00a0odborn\u00fdmi asistenty AVU r\u00e1di spolupracujeme tak\u00e9 prost\u0159ednictv\u00edm \u010dasopisu Hobulet. V\u00a0minulosti mu vtiskli sv\u016fj rukopis nap\u0159\u00edklad Ond\u0159ej Basjuk (1983), Josef Bolf (1971), Svetlana Fialov\u00e1 (1985), David B\u00f6hm (1982), Ji\u0159\u00ed Franta (1978), Eva Ko\u0165\u00e1tkov\u00e1 (1982), Ji\u0159\u00ed Kovanda (1953), Marek Meduna (1973) aj. Ostatn\u011b tento text o\u00a0akademii ilustroval s\u00e1m rektor Tom\u00e1\u0161 Van\u011bk (1966).<\/p>\r\n<p><a href=\"https:\/\/www.praha7.cz\/?attachment_id=29336\" rel=\"attachment wp-att-29336\"><img loading=\"lazy\" src=\"https:\/\/www.praha7.cz\/wp-content\/uploads\/2019\/09\/SMS-224-300x400.jpg\" alt=\"\" width=\"300\" height=\"400\" class=\"alignnone wp-image-29336 size-medium\" srcset=\"https:\/\/www.praha7.cz\/wp-content\/uploads\/2019\/09\/SMS-224-300x400.jpg 300w, https:\/\/www.praha7.cz\/wp-content\/uploads\/2019\/09\/SMS-224-768x1024.jpg 768w, https:\/\/www.praha7.cz\/wp-content\/uploads\/2019\/09\/SMS-224-750x1000.jpg 750w, https:\/\/www.praha7.cz\/wp-content\/uploads\/2019\/09\/SMS-224.jpg 2000w\" sizes=\"(max-width: 300px) 100vw, 300px\" \/><\/a><a href=\"https:\/\/www.praha7.cz\/po-stopach-akademie\/sms-677\/\" rel=\"attachment wp-att-29359\"><img loading=\"lazy\" src=\"https:\/\/www.praha7.cz\/wp-content\/uploads\/2019\/09\/SMS-677-300x400.jpg\" alt=\"\" width=\"300\" height=\"400\" class=\"alignnone wp-image-29359 size-medium\" srcset=\"https:\/\/www.praha7.cz\/wp-content\/uploads\/2019\/09\/SMS-677-300x400.jpg 300w, https:\/\/www.praha7.cz\/wp-content\/uploads\/2019\/09\/SMS-677-768x1024.jpg 768w, https:\/\/www.praha7.cz\/wp-content\/uploads\/2019\/09\/SMS-677-750x1000.jpg 750w\" sizes=\"(max-width: 300px) 100vw, 300px\" \/><\/a><a href=\"https:\/\/www.praha7.cz\/po-stopach-akademie\/sms-224\/\" rel=\"attachment wp-att-29336\"><\/a><\/p>\r\n<hr \/>\r\n<p><strong>Co je pro m\u011b AVU?<\/strong><br \/>\r\n\u201eDnes je samoz\u0159ejm\u011b ch\u00e1p\u00e1n\u00ed v\u00fdtvarn\u00e9ho um\u011bn\u00ed, koncept v\u00fduky a\u00a0zejm\u00e9na pou\u017e\u00edvan\u00e9 techniky a\u00a0technologie zcela odli\u0161n\u00e9 od\u00a0dob slavn\u00fdch mohyk\u00e1n\u016f Hynaise a\u00a0Myslbeka. Ale jedno z\u016fst\u00e1v\u00e1 spole\u010dn\u00e9, \u00fasil\u00ed vytvo\u0159it co nejlep\u0161\u00ed podm\u00ednky k\u00a0rozvoji talentovan\u00fdch z\u00e1jemc\u016f o\u00a0um\u011bn\u00ed. Letm\u00e9 listov\u00e1n\u00ed almanachy a\u00a0registry n\u00e1m nemilosrdn\u011b p\u0159ipomene, \u017ee sice jenom tak deset um\u011blc\u016f za generaci s\u00a0odstupem \u010dasu na um\u011bleck\u00e9 sc\u00e9n\u011b opravdu obstoj\u00ed a\u00a0dnes n\u011bco znamenaj\u00ed, ale i\u00a0ti ostatn\u00ed u\u010ditel\u00e9 a\u00a0absolventi p\u0159isp\u011bli nepominuteln\u011b k\u00a0rozlivu pestr\u00e9ho a\u00a0r\u016fznorod\u00e9ho sv\u011bta um\u011bn\u00ed a\u00a0k\u00a0humanizaci a\u00a0kultivaci spole\u010dnosti.\u00a0A\u00a0snad akademie \u010destn\u011b dost\u00e1la sv\u00e9 roli i\u00a0po z\u00e1sadn\u00ed reform\u011b v\u00a0roce 1990 a\u00a0ovlivnila i\u00a0atmosf\u00e9ru \u010dtvrti, ve kter\u00e9 ji\u017e po l\u00e9ta na ,bubene\u010dsk\u00e9m Montmartru\u2018 p\u016fsob\u00ed,\u201c \u0159\u00edk\u00e1 historik um\u011bn\u00ed Ji\u0159\u00ed T. Kotal\u00edk, b\u00fdval\u00fd rektor AVU, kter\u00fd v\u00a0\u010dele akademie zasedl dokonce t\u0159ikr\u00e1t a\u00a0p\u016fsob\u00ed zde ji\u017e t\u00e9m\u011b\u0159 \u010dty\u0159icet let.<\/p>\r\n<p>\u201eP\u0159i slov\u011b AVU se mi vybav\u00ed \u017eensk\u00fd charakter dan\u00e9ho slova, v\u017edy je to ta AVU, ta alma mater, ta \u0161kola, ta instituce, ta budova, ta v\u00fduka, ta v\u016fle, ta empatie, ta chu\u0165, ta drzost, ta s\u00edla,\u201c zd\u016fraz\u0148uje sou\u010dasn\u00fd rektor Tom\u00e1\u0161 Van\u011bk.<\/p>\r\n<p>\u201eNa AVU jsem poprv\u00e9 vstoupil je\u0161t\u011b jako st\u0159edo\u0161kol\u00e1k pod\u00edvat se na klauzury. Prvn\u00ed a\u00a0nejsiln\u011bj\u0161\u00ed dojem byla v\u016fn\u011b v\u00a0hlavn\u00ed budov\u011b. Do t\u00e9 jsem se zamiloval a\u00a0v\u011bd\u011bl, \u017ee chci na tu \u0161kolu chodit. Neomrzela m\u011b za celou dobu studia a\u00a0fascinuje m\u011b i\u00a0te\u010f, kdy\u017e na AVU dokon\u010duji doktorandsk\u00fd program. Mo\u017en\u00e1 by se m\u011bl otev\u0159\u00edt nov\u00fd ateli\u00e9r zam\u011b\u0159en\u00fd jen na v\u016fn\u011b,\u201c vzpom\u00edn\u00e1 um\u011blec David B\u00f6hm, kter\u00fd od \u010dervna\u00a02015 p\u0159ipravuje v\u00a0Hobuletu str\u00e1nku pro d\u011bti.<\/p>\r\n<p><a href=\"https:\/\/www.praha7.cz\/?attachment_id=29337\" rel=\"attachment wp-att-29337\"><img loading=\"lazy\" src=\"https:\/\/www.praha7.cz\/wp-content\/uploads\/2019\/09\/SMS-230-300x400.jpg\" alt=\"\" width=\"300\" height=\"400\" class=\"alignnone wp-image-29337 size-medium\" srcset=\"https:\/\/www.praha7.cz\/wp-content\/uploads\/2019\/09\/SMS-230-300x400.jpg 300w, https:\/\/www.praha7.cz\/wp-content\/uploads\/2019\/09\/SMS-230-768x1024.jpg 768w, https:\/\/www.praha7.cz\/wp-content\/uploads\/2019\/09\/SMS-230-750x1000.jpg 750w, https:\/\/www.praha7.cz\/wp-content\/uploads\/2019\/09\/SMS-230.jpg 2000w\" sizes=\"(max-width: 300px) 100vw, 300px\" \/><\/a><\/p>\r\n<p>&nbsp;<\/p>","protected":false},"excerpt":{"rendered":"[perex] Kamenick\u00e1, Keramick\u00e1, Mal\u00ed\u0159sk\u00e1, Socha\u0159sk\u00e1 a\u00a0Um\u011bleck\u00e1 \u2013 kultu\u0159e a\u00a0um\u011bn\u00ed na Sedmi\u010dce se dlouhodob\u011b da\u0159\u00ed, co\u017e jasn\u011b symbolizuj\u00ed nejen n\u00e1zvy t\u011bchto ulic. Je velmi pravd\u011bpodobn\u00e9, \u017ee za kulturn\u00ed rozvoj vd\u011b\u010d\u00ed na\u0161e \u010dtvr\u0165 Akademii v\u00fdtvarn\u00fdch um\u011bn\u00ed v\u00a0Praze (AVU). Ta si letos p\u0159ipom\u00edn\u00e1 220 let od sv\u00e9ho zalo\u017een\u00ed a\u00a0od \u0159\u00edjna do prosince prom\u011bn\u00ed Sedmi\u010dku v\u00a0m\u00edsto narozeninov\u00fdch oslav. Ne\u017e [&hellip;]","protected":false},"author":76,"featured_media":29319,"comment_status":"closed","ping_status":"open","sticky":false,"template":"","format":"standard","meta":[],"categories":[37],"tags":[],"_links":{"self":[{"href":"https:\/\/www.praha7.cz\/api\/wp\/v2\/posts\/29310"}],"collection":[{"href":"https:\/\/www.praha7.cz\/api\/wp\/v2\/posts"}],"about":[{"href":"https:\/\/www.praha7.cz\/api\/wp\/v2\/types\/post"}],"author":[{"embeddable":true,"href":"https:\/\/www.praha7.cz\/api\/wp\/v2\/users\/76"}],"replies":[{"embeddable":true,"href":"https:\/\/www.praha7.cz\/api\/wp\/v2\/comments?post=29310"}],"version-history":[{"count":7,"href":"https:\/\/www.praha7.cz\/api\/wp\/v2\/posts\/29310\/revisions"}],"predecessor-version":[{"id":29362,"href":"https:\/\/www.praha7.cz\/api\/wp\/v2\/posts\/29310\/revisions\/29362"}],"wp:featuredmedia":[{"embeddable":true,"href":"https:\/\/www.praha7.cz\/api\/wp\/v2\/media\/29319"}],"wp:attachment":[{"href":"https:\/\/www.praha7.cz\/api\/wp\/v2\/media?parent=29310"}],"wp:term":[{"taxonomy":"category","embeddable":true,"href":"https:\/\/www.praha7.cz\/api\/wp\/v2\/categories?post=29310"},{"taxonomy":"post_tag","embeddable":true,"href":"https:\/\/www.praha7.cz\/api\/wp\/v2\/tags?post=29310"}],"curies":[{"name":"wp","href":"https:\/\/api.w.org\/{rel}","templated":true}]}}