    
{"id":29281,"date":"2019-09-02T17:19:53","date_gmt":"2019-09-02T15:19:53","guid":{"rendered":"https:\/\/www.praha7.cz\/?p=29281"},"modified":"2019-09-02T17:55:25","modified_gmt":"2019-09-02T15:55:25","slug":"recyklacni-vikend-elektrospotrebicu-pred-ntm","status":"publish","type":"post","link":"https:\/\/www.praha7.cz\/recyklacni-vikend-elektrospotrebicu-pred-ntm\/","title":{"rendered":"Recykla\u010dn\u00ed v\u00edkend elektrospot\u0159ebi\u010d\u016f p\u0159ed NTM"},"content":{"rendered":"<p>[perex]<\/p>\r\n<p>P\u0159ek\u00e1\u017e\u00ed v\u00e1m doma star\u00fd spot\u0159ebi\u010d? Mo\u017en\u00e1 m\u00e1te doma muzejn\u00ed expon\u00e1t. N\u00e1rodn\u00ed technick\u00e9 muzeum ve spolupr\u00e1ci se spole\u010dnost\u00ed Elektrowin op\u011bt p\u0159ipravilo recykla\u010dn\u00ed v\u00edkend, tentokr\u00e1t se bude konat od p\u00e1tku 22.&nbsp;do ned\u011ble 24.&nbsp;z\u00e1\u0159\u00ed 2019. V\u0161ichni, kdo o&nbsp;tomto v\u00edkendu p\u0159inesou star\u00fd elektrospot\u0159ebi\u010d a&nbsp;odevzdaj\u00ed ho na st\u00e1nku u&nbsp;vstupu do budovy, budou odm\u011bn\u011bni drobn\u00fdm d\u00e1rkem a&nbsp;mohou dan\u00fd den uplatnit slevu 90,- K\u010d z&nbsp;pln\u00e9ho vstupn\u00e9ho do muzea. Odevzd\u00e1n\u00ed p\u0159edm\u011bt\u016f prob\u011bhne p\u0159ed budovou muzea, kde bude p\u0159ipraven tak\u00e9 doprovodn\u00fd program.<\/p>\r\n<p>[\/perex]<\/p>\r\n<h4>Odm\u011bny:<\/h4>\r\n<ul>\r\n\t<li>Majitel spot\u0159ebi\u010de, kter\u00fd bude kur\u00e1torem sb\u00edrek NTM vybr\u00e1n do sb\u00edrky muzea, z\u00edsk\u00e1 dva \u010destn\u00e9 poukazy na volnou vstupenku na n\u00e1v\u0161t\u011bvu NTM pro dv\u011b osoby s&nbsp;platnost\u00ed p\u016fl roku<\/li>\r\n\t<li>Prvn\u00edch 5 n\u00e1v\u0161t\u011bvn\u00edk\u016f, kte\u0159\u00ed donesou takov\u00fdto elektrospot\u0159ebi\u010d, z\u00edsk\u00e1 od kolektivn\u00edho syst\u00e9mu ELEKTROWIN pouk\u00e1zku v&nbsp;hodnot\u011b 500,- K\u010d na n\u00e1kup spot\u0159ebn\u00edho zbo\u017e\u00ed<\/li>\r\n\t<li>Ostatn\u00ed z\u00edskaj\u00ed od spole\u010dnosti ELEKTROWIN d\u00e1rek<\/li>\r\n<\/ul>\r\n<p>\u0160anci na za\u0159azen\u00ed spot\u0159ebi\u010de do sb\u00edrky zvy\u0161uj\u00ed materi\u00e1ly dokumentuj\u00edc\u00ed historii spot\u0159ebi\u010de. Vezm\u011bte tedy s&nbsp;sebou n\u00e1vody, \u00fa\u010dtenky, origin\u00e1ln\u00ed balen\u00ed, krabice nebo i&nbsp;reklamn\u00edho let\u00e1ky k&nbsp;dan\u00e9mu spot\u0159ebi\u010di.<\/p>\r\n<p>FB Ud\u00e1lost\u00a0<a href=\"https:\/\/www.facebook.com\/events\/2040902742809726\/\">Recykla\u010dn\u00ed v\u00edkend<\/a><\/p>\r\n<p>Let\u00e1k <a href=\"https:\/\/www.praha7.cz\/wp-content\/uploads\/2019\/09\/A5-let\u00e1k_NTM_2019_recykla\u010dn\u00ed-t\u00fdden-v2-1.pdf\">Recykla\u010dn\u00ed v\u00edkend<\/a><\/p>","protected":false},"excerpt":{"rendered":"[perex] P\u0159ek\u00e1\u017e\u00ed v\u00e1m doma star\u00fd spot\u0159ebi\u010d? Mo\u017en\u00e1 m\u00e1te doma muzejn\u00ed expon\u00e1t. N\u00e1rodn\u00ed technick\u00e9 muzeum ve spolupr\u00e1ci se spole\u010dnost\u00ed Elektrowin op\u011bt p\u0159ipravilo recykla\u010dn\u00ed v\u00edkend, tentokr\u00e1t se bude konat od p\u00e1tku 22.&nbsp;do ned\u011ble 24.&nbsp;z\u00e1\u0159\u00ed 2019. V\u0161ichni, kdo o&nbsp;tomto v\u00edkendu p\u0159inesou star\u00fd elektrospot\u0159ebi\u010d a&nbsp;odevzdaj\u00ed ho na st\u00e1nku u&nbsp;vstupu do budovy, budou odm\u011bn\u011bni drobn\u00fdm d\u00e1rkem a&nbsp;mohou dan\u00fd den uplatnit [&hellip;]","protected":false},"author":97,"featured_media":29282,"comment_status":"closed","ping_status":"open","sticky":false,"template":"","format":"standard","meta":[],"categories":[34],"tags":[],"_links":{"self":[{"href":"https:\/\/www.praha7.cz\/api\/wp\/v2\/posts\/29281"}],"collection":[{"href":"https:\/\/www.praha7.cz\/api\/wp\/v2\/posts"}],"about":[{"href":"https:\/\/www.praha7.cz\/api\/wp\/v2\/types\/post"}],"author":[{"embeddable":true,"href":"https:\/\/www.praha7.cz\/api\/wp\/v2\/users\/97"}],"replies":[{"embeddable":true,"href":"https:\/\/www.praha7.cz\/api\/wp\/v2\/comments?post=29281"}],"version-history":[{"count":9,"href":"https:\/\/www.praha7.cz\/api\/wp\/v2\/posts\/29281\/revisions"}],"predecessor-version":[{"id":29294,"href":"https:\/\/www.praha7.cz\/api\/wp\/v2\/posts\/29281\/revisions\/29294"}],"wp:featuredmedia":[{"embeddable":true,"href":"https:\/\/www.praha7.cz\/api\/wp\/v2\/media\/29282"}],"wp:attachment":[{"href":"https:\/\/www.praha7.cz\/api\/wp\/v2\/media?parent=29281"}],"wp:term":[{"taxonomy":"category","embeddable":true,"href":"https:\/\/www.praha7.cz\/api\/wp\/v2\/categories?post=29281"},{"taxonomy":"post_tag","embeddable":true,"href":"https:\/\/www.praha7.cz\/api\/wp\/v2\/tags?post=29281"}],"curies":[{"name":"wp","href":"https:\/\/api.w.org\/{rel}","templated":true}]}}