    
{"id":29237,"date":"2019-09-02T10:24:36","date_gmt":"2019-09-02T08:24:36","guid":{"rendered":"https:\/\/www.praha7.cz\/?p=29237"},"modified":"2019-09-02T10:27:35","modified_gmt":"2019-09-02T08:27:35","slug":"skoly-a-skolky-v-praze-7-privitaly-deti-v-novem","status":"publish","type":"post","link":"https:\/\/www.praha7.cz\/skoly-a-skolky-v-praze-7-privitaly-deti-v-novem\/","title":{"rendered":"\u0160koly a&nbsp;\u0161kolky v&nbsp;Praze 7 p\u0159iv\u00edtaly d\u011bti v&nbsp;nov\u00e9m"},"content":{"rendered":"<p>[perex]<\/p>\r\n<p>D\u011bti na Sedmi\u010dce nastoupily v\u00a0prvn\u00ed \u0161koln\u00ed den do t\u0159\u00edd, kter\u00e9 po pr\u00e1zdnin\u00e1ch \u010dasto ani nepoznaly. \u0160koly a&nbsp;\u0161kolky v\u00a0Praze 7 v&nbsp;l\u00e9t\u011b nezah\u00e1lely a&nbsp;zrealizovaly \u0159adu zm\u011bn, \u00faprav a&nbsp;vylep\u0161en\u00ed. Praha&nbsp;7 si rovn\u011b\u017e otestovala pilotn\u00ed form\u00e1t spolupr\u00e1ce se \u0161kolou p\u0159i rekonstrukci u\u010deben, kter\u00fd uleh\u010d\u00ed pr\u00e1ci \u0159editel\u016fm a&nbsp;nastav\u00ed aktu\u00e1ln\u00ed trendy \u00faprav ide\u00e1ln\u00ed pro \u0161koln\u00ed prost\u0159ed\u00ed.<\/p>\r\n<p>[\/perex]<\/p>\r\n<p><em>\u201eNejen pro prv\u0148\u00e1\u010dky, kter\u00e9 jsme dnes byli p\u0159iv\u00edtat, je na \u0161kol\u00e1ch \u0159ada v\u011bc\u00ed nov\u00e1. Jsem r\u00e1d, \u017ee vedle velk\u00fdch investic, jako je v\u00fdstavba nov\u00fdch t\u0159\u00edd nebo v\u00fdm\u011bna oken, se tak\u00e9 poda\u0159ilo zrekonstruovat \u0159adu u\u010deben, vymalovat, nakoupit nov\u00fd n\u00e1bytek a&nbsp;pom\u016fcky \u010di jinak d\u011btem a&nbsp;u\u010ditel\u016fm zp\u0159\u00edjemnit prost\u0159ed\u00ed, ve kter\u00e9m budou tr\u00e1vit \u010das,\u201c<\/em> uvedl <strong><em>starosta Prahy&nbsp;7 Jan \u010ci\u017einsk\u00fd<\/em><\/strong>.<\/p>\r\n<p>Nejv\u011bt\u0161\u00ed investice letos v\u00a0l\u00e9t\u011b prob\u00edhaly na \u0161kol\u00e1ch Z\u0160 T. G. Masaryka, kde byl zah\u00e1jen projekt vestavby nov\u00fdch u\u010deben do prostoru p\u016fdy, a&nbsp;Z\u0160 Franti\u0161ky Plam\u00ednkov\u00e9, kde do\u0161lo k\u00a0v\u00fdm\u011bn\u011b oken v\u00a0kuchyni a&nbsp;j\u00eddeln\u011b a&nbsp;rekonstrukci st\u0159echy nad j\u00eddelnou. V\u00a0Z\u0160 Strossmayerovo n\u00e1m. pak prob\u011bhla oprava elektrorozvod\u016f v\u00a0suter\u00e9nu a&nbsp;p\u0159\u00edzem\u00ed. Pozadu nez\u016fstaly tak\u00e9 ostatn\u00ed \u0161koly a&nbsp;\u0161kolky. Prakticky v\u00a0ka\u017ed\u00e9 budov\u011b doch\u00e1zelo k\u00a0\u0159ad\u011b \u00faprav, jako je vymalov\u00e1n\u00ed a&nbsp;rekonstrukce interi\u00e9r\u016f u\u010deben, j\u00eddelen, t\u011blocvi\u010den i&nbsp;z\u00e1zem\u00ed nebo po\u0159\u00edzen\u00ed nov\u00e9ho n\u00e1bytku, techniky, pom\u016fcek a&nbsp;dal\u0161\u00edho vybaven\u00ed.<\/p>\r\n<p><em>\u201eVe \u0161kole T. G. Masaryka prob\u011bhla\u00a0rekonstrukce t\u0159\u00ed t\u0159\u00edd pro prv\u0148\u00e1\u010dky a&nbsp;p\u0159\u00edpravku a&nbsp;\u010dty\u0159 kabinet\u016f. Vyzkou\u0161eli jsme si zde pilotn\u00ed form\u00e1t spolupr\u00e1ce, kdy je \u0161kole b\u011bhem \u00faprav k\u00a0dispozici odborn\u00edk &#8211; architekt, kter\u00fd \u0159editel\u016fm pom\u00e1h\u00e1 s\u00a0vizu\u00e1ln\u00edm pojet\u00edm interi\u00e9r\u016f, zvolen\u00edm vhodn\u00e9ho vybaven\u00ed nebo p\u0159i \u0159e\u0161en\u00ed technick\u00fdch probl\u00e9m\u016f. Chceme nejen touto cestou pomoci \u0159editel\u016fm s\u00a0obs\u00e1hlou agendou souvisej\u00edc\u00ed se spr\u00e1vou \u0161koln\u00edch budov, aby se mohli maxim\u00e1ln\u011b v\u011bnovat tomu hlavn\u00edmu, tedy rozvoji vzd\u011bl\u00e1v\u00e1n\u00ed a&nbsp;v\u00fdukov\u00fdch program\u016f na \u0161kol\u00e1ch,\u201c<\/em> \u0159ekla <strong><em>radn\u00ed pro oblast \u0161kolstv\u00ed a&nbsp;vzd\u011bl\u00e1v\u00e1n\u00ed Hana \u0160i\u0161kov\u00e1<\/em><\/strong>.\u00a0<\/p>\r\n<p><em>\u201eLetn\u00ed rekonstrukce na \u0161kol\u00e1ch \u010dasto b\u00fdvaj\u00ed \u010dasov\u011b i&nbsp;organiza\u010dn\u011b n\u00e1ro\u010dn\u00e9. Je nutn\u00e9, aby se v\u0161e stihlo rychle a&nbsp;z\u00e1rove\u0148 kvalitn\u011b. D\u011bkuji radnici za pomocnou ruku, t\u0159\u00eddy se povedly a&nbsp;v\u011b\u0159\u00edm, \u017ee se zde d\u011btem bude dob\u0159e u\u010dit,\u201c<\/em> doplnil <em><strong>\u0159editel Z\u0160 T. G. Masaryka Jan Rychtr<\/strong><\/em>.<\/p>\r\n<p>Praha&nbsp;7 bude v\u00a0nastaven\u00e9m trendu pokra\u010dovat. \u0158editel\u00e9 budou m\u00edt p\u0159i \u00faprav\u00e1ch interi\u00e9r\u016f na \u0161kol\u00e1ch k\u00a0ruce extern\u00edho architekta, kter\u00fd jim bude pom\u00e1hat na \u0161kol\u00e1ch vytv\u00e1\u0159et p\u0159\u00edjemn\u00e9 a&nbsp;vst\u0159\u00edcn\u00e9 prost\u0159ed\u00ed pro \u017e\u00e1ky i&nbsp;pedagogy. Radnice m\u011bstsk\u00e9 \u010d\u00e1sti z\u00e1rove\u0148 p\u0159iprav\u00ed manu\u00e1l oprav interi\u00e9r\u016f \u0161kol, kter\u00fd podobn\u011b jako manu\u00e1l oprav obecn\u00edch byt\u016f, sjednot\u00ed postupy a&nbsp;standardy prac\u00ed ve \u0161kolsk\u00fdch za\u0159\u00edzen\u00edch.<\/p>\r\n<p><img loading=\"lazy\" src=\"https:\/\/www.praha7.cz\/wp-content\/uploads\/2019\/09\/rekonstrukce-t\u0159\u00eddy-Z\u0160-TGM.png\" alt=\"\" width=\"800\" height=\"800\" class=\"alignnone size-full wp-image-29240\" srcset=\"https:\/\/www.praha7.cz\/wp-content\/uploads\/2019\/09\/rekonstrukce-t\u0159\u00eddy-Z\u0160-TGM.png 800w, https:\/\/www.praha7.cz\/wp-content\/uploads\/2019\/09\/rekonstrukce-t\u0159\u00eddy-Z\u0160-TGM-200x200.png 200w, https:\/\/www.praha7.cz\/wp-content\/uploads\/2019\/09\/rekonstrukce-t\u0159\u00eddy-Z\u0160-TGM-400x400.png 400w, https:\/\/www.praha7.cz\/wp-content\/uploads\/2019\/09\/rekonstrukce-t\u0159\u00eddy-Z\u0160-TGM-768x768.png 768w\" sizes=\"(max-width: 800px) 100vw, 800px\" \/><\/p>","protected":false},"excerpt":{"rendered":"[perex] D\u011bti na Sedmi\u010dce nastoupily v\u00a0prvn\u00ed \u0161koln\u00ed den do t\u0159\u00edd, kter\u00e9 po pr\u00e1zdnin\u00e1ch \u010dasto ani nepoznaly. \u0160koly a&nbsp;\u0161kolky v\u00a0Praze 7 v&nbsp;l\u00e9t\u011b nezah\u00e1lely a&nbsp;zrealizovaly \u0159adu zm\u011bn, \u00faprav a&nbsp;vylep\u0161en\u00ed. Praha&nbsp;7 si rovn\u011b\u017e otestovala pilotn\u00ed form\u00e1t spolupr\u00e1ce se \u0161kolou p\u0159i rekonstrukci u\u010deben, kter\u00fd uleh\u010d\u00ed pr\u00e1ci \u0159editel\u016fm a&nbsp;nastav\u00ed aktu\u00e1ln\u00ed trendy \u00faprav ide\u00e1ln\u00ed pro \u0161koln\u00ed prost\u0159ed\u00ed. [\/perex] \u201eNejen pro prv\u0148\u00e1\u010dky, [&hellip;]","protected":false},"author":5,"featured_media":29239,"comment_status":"closed","ping_status":"open","sticky":false,"template":"","format":"standard","meta":[],"categories":[34,74],"tags":[],"_links":{"self":[{"href":"https:\/\/www.praha7.cz\/api\/wp\/v2\/posts\/29237"}],"collection":[{"href":"https:\/\/www.praha7.cz\/api\/wp\/v2\/posts"}],"about":[{"href":"https:\/\/www.praha7.cz\/api\/wp\/v2\/types\/post"}],"author":[{"embeddable":true,"href":"https:\/\/www.praha7.cz\/api\/wp\/v2\/users\/5"}],"replies":[{"embeddable":true,"href":"https:\/\/www.praha7.cz\/api\/wp\/v2\/comments?post=29237"}],"version-history":[{"count":4,"href":"https:\/\/www.praha7.cz\/api\/wp\/v2\/posts\/29237\/revisions"}],"predecessor-version":[{"id":29245,"href":"https:\/\/www.praha7.cz\/api\/wp\/v2\/posts\/29237\/revisions\/29245"}],"wp:featuredmedia":[{"embeddable":true,"href":"https:\/\/www.praha7.cz\/api\/wp\/v2\/media\/29239"}],"wp:attachment":[{"href":"https:\/\/www.praha7.cz\/api\/wp\/v2\/media?parent=29237"}],"wp:term":[{"taxonomy":"category","embeddable":true,"href":"https:\/\/www.praha7.cz\/api\/wp\/v2\/categories?post=29237"},{"taxonomy":"post_tag","embeddable":true,"href":"https:\/\/www.praha7.cz\/api\/wp\/v2\/tags?post=29237"}],"curies":[{"name":"wp","href":"https:\/\/api.w.org\/{rel}","templated":true}]}}