    
{"id":29198,"date":"2019-08-29T16:46:37","date_gmt":"2019-08-29T14:46:37","guid":{"rendered":"https:\/\/www.praha7.cz\/?p=29198"},"modified":"2023-02-25T19:02:54","modified_gmt":"2023-02-25T18:02:54","slug":"ms-letohradska-u-pruhonu-na-maninach-shrnuti-vyvoje","status":"publish","type":"post","link":"https:\/\/www.praha7.cz\/ms-letohradska-u-pruhonu-na-maninach-shrnuti-vyvoje\/","title":{"rendered":"M\u0160 Letohradsk\u00e1 (U&nbsp;Pr\u016fhonu\/Na Manin\u00e1ch) &#8211; shrnut\u00ed v\u00fdvoje"},"content":{"rendered":"<p><strong>80.&nbsp;l\u00e9ta 20.&nbsp;stolet\u00ed<\/strong> \u2013 v\u00fdstavba mate\u0159sk\u00e9 \u0161koly, z\u00a0dokumentace vypl\u00fdv\u00e1 u\u017e\u00edv\u00e1n\u00ed obou pr\u016fjezd\u016f<\/p>\r\n<p><strong>1991<\/strong> \u2013 ide\u00e1ln\u00ed polovina domu Na Manin\u00e1ch 1056\/48 vr\u00e1cena v&nbsp;restituci<\/p>\r\n<p><strong>1994<\/strong> \u2013 druh\u00e1 polovina domu Na Manin\u00e1ch 1056\/48 p\u0159evedena ze strany M\u010cP7 do soukrom\u00e9ho vlastnictv\u00ed<\/p>\r\n<p><strong>1996<\/strong> \u2013 cel\u00fd d\u016fm Na Manin\u00e1ch 1056\/48 z\u00edsk\u00e1v\u00e1 do vlastnictv\u00ed sou\u010dasn\u00e1 majitelka, kter\u00e1 pr\u016fchod z\u00a0ulice Na Manin\u00e1ch uzav\u00edr\u00e1, nad\u00e1le vyu\u017e\u00edv\u00e1n pouze druh\u00fd pr\u016fchod z\u00a0ulice U&nbsp;Pr\u016fhonu, na kter\u00fd je uzav\u0159ena n\u00e1jemn\u00ed smlouva<\/p>\r\n<p><strong>2002<\/strong> \u2013 M\u010cP7 prov\u00e1d\u00ed rekonstrukci \u0161kolky po povodn\u00edch<\/p>\r\n<p><strong>2006<\/strong> \u2013 SVJ U&nbsp;Pr\u016fhonu 1514\/17 vypov\u00edd\u00e1 po 10 letech n\u00e1jemn\u00ed smlouvu, \u0161kolka je uzav\u0159ena<\/p>\r\n<h3><strong>Linie ob\u010danskopr\u00e1vn\u00ed<\/strong><\/h3>\r\n<p><strong>2005<\/strong> \u2013 M\u010cP7 a&nbsp;M\u0160 Letohradsk\u00e1 pod\u00e1v\u00e1 \u017ealobu o&nbsp;z\u0159\u00edzen\u00ed v\u011bcn\u00e9ho b\u0159emene proti majitelce domu Na Manin\u00e1ch 1056\/48, \u0159\u00edzen\u00ed v\u00a0roce 2006 kon\u010d\u00ed ne\u00fasp\u011bchem<\/p>\r\n<p><strong>2008<\/strong> \u2013 M\u010cP7 a&nbsp;M\u0160 Letohradsk\u00e1 pod\u00e1v\u00e1 k\u00a0Obvodn\u00edmu soudu pro Prahu 7 ob\u010danskopr\u00e1vn\u00ed \u017ealobu, na majitelku i&nbsp;SVJ U&nbsp;Pr\u016fhonu 1514\/17\u00a0 k\u00a0strp\u011bn\u00ed pr\u00e1va pr\u016fchodu a&nbsp;pr\u016fjezdu<\/p>\r\n<p><strong>2010<\/strong> \u2013 \u017ealoba Obvodn\u00edm soudem pro Prahu 7 (OSP7) zam\u00edtnuta<\/p>\r\n<p><strong>2011<\/strong> \u2013 M\u011bstsk\u00fd soud v\u00a0Praze (MSPHA) zam\u00edtl odvol\u00e1n\u00ed proti rozsudku OSP7 a&nbsp;zam\u00edtav\u00fd rozsudek potvrdil<\/p>\r\n<p><strong>2013<\/strong> \u2013 Nejvy\u0161\u0161\u00ed soud \u010cR ru\u0161\u00ed zam\u00edtav\u00e9 rozsudky OSP7 a&nbsp;MSPHA a&nbsp;v\u011bc vrac\u00ed OSP7 k\u00a0dal\u0161\u00edmu \u0159\u00edzen\u00ed<\/p>\r\n<p><strong>2015<\/strong> \u2013 soudem ustanoven\u00fd znalec pod\u00e1v\u00e1 znaleck\u00fd posudek, kter\u00fd konstatuje, \u017ee je nezbytn\u00e9 povolit oba pr\u016fchody a&nbsp;vy\u010d\u00edsluje pen\u011b\u017eitou n\u00e1hradu<\/p>\r\n<p><strong>2016<\/strong> \u2013 OSP7 vyd\u00e1v\u00e1 druh\u00fd rozsudek, kter\u00fdm umo\u017e\u0148uje u\u017e\u00edvat oba pr\u016fchody, a&nbsp;to za pen\u011b\u017eitou n\u00e1hradu s\u00a0t\u00edm, \u017ee br\u00e1n\u011bn\u00ed pr\u016fchodu ze strany majitelky domu Na Manin\u00e1ch 1056\/48 \u00a0je v\u00a0rozporu s\u00a0dobr\u00fdmi mravy<\/p>\r\n<p><strong>2017<\/strong> \u2013 MSPHA potvrzuje pr\u00e1vo u\u017e\u00edvat pr\u016fchod domem Na Manin\u00e1ch 1056\/48, druh\u00fd pr\u016fchod do ulice U&nbsp;Pr\u016fhonu zam\u00edt\u00e1.<\/p>\r\n<p><strong>2017<\/strong> \u2013 rozsudek OSP7 v\u00a0\u010d\u00e1sti pr\u016fchodu domem Na Manin\u00e1ch 1056\/48 nabyl pr\u00e1vn\u00ed moci. Jeliko\u017e pan\u00ed majitelka povinnost ulo\u017eenou rozsudkem nesplnila, M\u010cP7 podala exeku\u010dn\u00ed n\u00e1vrh<\/p>\r\n<p><strong>2017<\/strong> \u2013 pan\u00ed majitelka odevzdala exekutorovi kl\u00ed\u010de od pr\u016fchodu, d\u00e1le se jedn\u00e1 o&nbsp;odstran\u011bn\u00ed z\u00eddky<\/p>\r\n<p><strong>\u0159\u00edjen 2017<\/strong> \u2013 M\u010cP7 po\u0159\u00e1d\u00e1 v\u00a0mate\u0159sk\u00e9 \u0161kole den otev\u0159en\u00fdch dve\u0159\u00ed<\/p>\r\n<p><strong>2018<\/strong> \u2013 Nejvy\u0161\u0161\u00ed soud \u010cR ru\u0161\u00ed rozsudky OSP7 a&nbsp;MSPHA, v\u011bc se znovu vrac\u00ed k\u00a0OSP7; s\u00a0ohledem na zru\u0161en\u00ed pravomocn\u00e9ho rozsudku kon\u010d\u00ed i&nbsp;exekuce<\/p>\r\n<p><strong>2018<\/strong> \u2013 OSP7 \u0159\u00edzen\u00ed zastavuje s\u00a0t\u00edm, \u017ee o&nbsp;v\u011bci u\u017e jednou bylo rozhodov\u00e1no (ne\u00fasp\u011b\u0161n\u00e9 \u0159\u00edzen\u00ed v\u00a0roce 2008); usnesen\u00ed o&nbsp;zastaven\u00ed \u0159\u00edzen\u00ed v\u0161ak vz\u00e1p\u011bt\u00ed ru\u0161\u00ed MSPHA<\/p>\r\n<p><strong>2019<\/strong> \u2013 \u0159\u00edzen\u00ed u&nbsp;OSP7 prob\u00edh\u00e1, na\u0159\u00edzeno jedn\u00e1n\u00ed na 26.09.2019, ale odro\u010deno na neur\u010dito, nebo\u0165 pan\u00ed majitelka podala ve v\u011bci dovol\u00e1n\u00ed k&nbsp;Nejvy\u0161\u0161\u00edmu soudu \u010cR.<\/p>\r\n<h3><strong>Linie spr\u00e1vn\u00ed \u2013 dopravn\u00ed<\/strong><\/h3>\r\n<p><strong>2012<\/strong> \u2013 M\u010cP7 pod\u00e1v\u00e1 k\u00a0odboru dopravy \u00daM\u010cP7 \u017e\u00e1dost o&nbsp;ur\u010den\u00ed, \u017ee ob\u011bma pr\u016fchody vede ve\u0159ejn\u011b p\u0159\u00edstupn\u00e1 \u00fa\u010delov\u00e1 komunikace<\/p>\r\n<p><strong>2012<\/strong> \u2013 ODO \u00daM\u010cP7 \u017e\u00e1dost zam\u00edt\u00e1, MHMP n\u00e1sledn\u011b toto rozhodnut\u00ed ru\u0161\u00ed, ODO \u00daM\u010cP7 vyd\u00e1v\u00e1 dal\u0161\u00ed zam\u00edtav\u00e9 rozhodnut\u00ed, toto ji\u017e MHMP potvrzuje a&nbsp;odvol\u00e1n\u00ed M\u010cP7 zam\u00edt\u00e1<\/p>\r\n<p><strong>2016<\/strong> \u2013 MSPHA (spr\u00e1vn\u00ed \u00fasek) zam\u00edt\u00e1 \u017ealobu M\u010cP7 proti rozhodnut\u00ed MHMP<\/p>\r\n<p><strong>2016<\/strong> \u2013 Nejvy\u0161\u0161\u00ed spr\u00e1vn\u00ed soud ru\u0161\u00ed rozsudek MSPHA<\/p>\r\n<p><strong>2017<\/strong> \u2013 MSPHA ru\u0161\u00ed rozhodnut\u00ed MHMP i&nbsp;\u00daM\u010cP7, spis zasl\u00e1n ze soudu na MHMP<\/p>\r\n<p><strong>2018<\/strong> \u2013 MHMP trv\u00e1 rok, ne\u017e spis postoup\u00ed na \u00daM\u010cP7<\/p>\r\n<p><strong>b\u0159ezen 2019<\/strong> \u2013 ODO \u00daM\u010cP7 vyd\u00e1v\u00e1 nov\u00e9 rozhodnut\u00ed, dle kter\u00e9ho jsou oba pr\u016fchody ve\u0159ejn\u011b p\u0159\u00edstupnou \u00fa\u010delovou komunikac\u00ed<\/p>\r\n<p><strong>\u010dervenec 2019<\/strong> \u2013 MHMP rozhodnut\u00edm potvrzuje jeden pr\u016fchod (domem Na Manin\u00e1ch 1056\/48), v\u00a0p\u0159\u00edpad\u011b druh\u00e9ho pr\u016fchodu stanov\u00ed, \u017ee nen\u00ed ve\u0159ejn\u011b p\u0159\u00edstupnou komunikac\u00ed<\/p>\r\n<p><strong>\u010dervenec 2019<\/strong> \u2013 M\u010cP7 vyz\u00fdv\u00e1 pan\u00ed majitelku k\u00a0umo\u017en\u011bn\u00ed pr\u016fchodu (pr\u016fjezdu) odstran\u011bn\u00edm z\u00eddky\u00a0 v\u00a0pr\u016fchodu domu Na Manin\u00e1ch 1056\/48<\/p>\r\n<p><strong>srpen 2019<\/strong> \u2013 M\u010cP7 p\u0159ipravuje spr\u00e1vn\u00ed \u017ealobu proti neuzn\u00e1n\u00ed pr\u016fchodu domem v\u00a0ulici U&nbsp;Pr\u016fhonu<\/p>\r\n<p><strong>srpen 2019<\/strong> \u2013 k\u00a0v\u00fdzv\u011b M\u010cP7 pan\u00ed majitelka uv\u00e1d\u00ed, \u017ee popt\u00e1v\u00e1 odbornou firmu k&nbsp;odstran\u011bn\u00ed z\u00eddky a&nbsp;\u017e\u00e1d\u00e1 proto o&nbsp;prodlou\u017een\u00ed lh\u016fty pro odstran\u011bn\u00ed z\u00eddky do 31.10.2019.<\/p>\r\n<h3><strong>Shrnut\u00ed \u2013 aktu\u00e1ln\u00ed stav<\/strong><\/h3>\r\n<p>v\u00a0ob\u010danskopr\u00e1vn\u00ed linii bude soud znovu rozhodovat o&nbsp;tom, zda povol\u00ed nezbytnou cestu domem Na Manin\u00e1ch 1056\/48, aktu\u00e1ln\u011b op\u011bt nen\u00ed \u017e\u00e1dn\u00e9 pravomocn\u00e9 rozhodnut\u00ed.<\/p>\r\n<p>ve\u00a0spr\u00e1vn\u00ed linii je prozat\u00edm pravomocn\u00e9 rozhodnut\u00ed MHMP, \u017ee pr\u016fchodem domem Na Manin\u00e1ch 1056\/48 vede ve\u0159ejn\u011b p\u0159\u00edstupn\u00e1 \u00fa\u010delov\u00e1 komunikace \u2013 pan\u00ed majitelka je nyn\u00ed povinna umo\u017enit pr\u016fchodem voln\u00fd pohyb<\/p>","protected":false},"excerpt":{"rendered":"80.&nbsp;l\u00e9ta 20.&nbsp;stolet\u00ed \u2013 v\u00fdstavba mate\u0159sk\u00e9 \u0161koly, z\u00a0dokumentace vypl\u00fdv\u00e1 u\u017e\u00edv\u00e1n\u00ed obou pr\u016fjezd\u016f 1991 \u2013 ide\u00e1ln\u00ed polovina domu Na Manin\u00e1ch 1056\/48 vr\u00e1cena v&nbsp;restituci 1994 \u2013 druh\u00e1 polovina domu Na Manin\u00e1ch 1056\/48 p\u0159evedena ze strany M\u010cP7 do soukrom\u00e9ho vlastnictv\u00ed 1996 \u2013 cel\u00fd d\u016fm Na Manin\u00e1ch 1056\/48 z\u00edsk\u00e1v\u00e1 do vlastnictv\u00ed sou\u010dasn\u00e1 majitelka, kter\u00e1 pr\u016fchod z\u00a0ulice Na Manin\u00e1ch uzav\u00edr\u00e1, nad\u00e1le [&hellip;]","protected":false},"author":5,"featured_media":29200,"comment_status":"closed","ping_status":"open","sticky":false,"template":"","format":"standard","meta":[],"categories":[1],"tags":[],"_links":{"self":[{"href":"https:\/\/www.praha7.cz\/api\/wp\/v2\/posts\/29198"}],"collection":[{"href":"https:\/\/www.praha7.cz\/api\/wp\/v2\/posts"}],"about":[{"href":"https:\/\/www.praha7.cz\/api\/wp\/v2\/types\/post"}],"author":[{"embeddable":true,"href":"https:\/\/www.praha7.cz\/api\/wp\/v2\/users\/5"}],"replies":[{"embeddable":true,"href":"https:\/\/www.praha7.cz\/api\/wp\/v2\/comments?post=29198"}],"version-history":[{"count":4,"href":"https:\/\/www.praha7.cz\/api\/wp\/v2\/posts\/29198\/revisions"}],"predecessor-version":[{"id":64666,"href":"https:\/\/www.praha7.cz\/api\/wp\/v2\/posts\/29198\/revisions\/64666"}],"wp:featuredmedia":[{"embeddable":true,"href":"https:\/\/www.praha7.cz\/api\/wp\/v2\/media\/29200"}],"wp:attachment":[{"href":"https:\/\/www.praha7.cz\/api\/wp\/v2\/media?parent=29198"}],"wp:term":[{"taxonomy":"category","embeddable":true,"href":"https:\/\/www.praha7.cz\/api\/wp\/v2\/categories?post=29198"},{"taxonomy":"post_tag","embeddable":true,"href":"https:\/\/www.praha7.cz\/api\/wp\/v2\/tags?post=29198"}],"curies":[{"name":"wp","href":"https:\/\/api.w.org\/{rel}","templated":true}]}}